{"id":2634,"date":"2010-09-23T20:00:59","date_gmt":"2010-09-23T19:00:59","guid":{"rendered":"http:\/\/www.anthealein.de\/?p=2634"},"modified":"2010-09-23T20:00:59","modified_gmt":"2010-09-23T19:00:59","slug":"vermischtes-2","status":"publish","type":"post","link":"http:\/\/www.anthealein.de\/?p=2634","title":{"rendered":"Vermischtes&hellip;"},"content":{"rendered":"<p align=\"justify\">Nat\u00fcrlich ist die letzten Tage so einiges passiert, aber ich hatte so gar keine Zeit zu tippen. <\/p>\n<p align=\"justify\">Ich hab offiziell heute die letzten Dinge bzgl. Fernleihe (jedenfalls das Grundwissen) gelernt und hab sicherheitshalber auch gleich 2 Seiten in den PC getippt, damit ich immer meine Zettel mit Anweisungen wie\/wo\/was\/in welcher Reihenfolge gemacht werden muss habe. Und jetzt hei\u00dft es die n\u00e4chsten Wochen: \u00fcben, \u00fcben, \u00fcben, bevor ich meine Auffrischung im Sekretariat mit Andrea mache. Samstag ist unser letzter \u00d6ffnungstag, Montag stellen Hausmeister &amp; co. Regale in den Lesesaal und ab Dienstag hei\u00dft es f\u00fcr uns: packen. \u00dcbern\u00e4chste Woche Donnerstag soll dann theoretisch der Notbetrieb starten. <\/p>\n<p align=\"justify\">An Janas Schule geht es jetzt schon hoch her. Knapp 1,5 Monate nach Schulstart ist schon der erste Junge ihrer Klasse f\u00fcr etwas \u00fcber eine Woche suspendiert worden und Dienstag darf Chris zur Konferenz (er ist Elternstellvertreter) um die weiteren Sanktionen zu besprechen. Ansonsten l\u00e4uft es mit Jana in der Schule bisher gut. Hausaufgaben werden nicht mehr begeistert angenommen *g* und wenn ich nach Hause komme, stolper ich meist direkt \u00fcber ihren Ranzen und ihre Jacke, die sie einfach im Flur fallen l\u00e4sst, wenn sie nach Hause kommt. <\/p>\n<p align=\"justify\">Vorgestern: Muttern geht mit den Kindern in die Stadt. L\u00e4uft in die Nordseepassage rein, wundert sich noch \u00fcber die Menschenansammlung vor C&amp;A rund um die kleine B\u00fchne, aber schwenkt nach links ab zum Geldautomaten. Und w\u00e4hrend ich da so mein Geld holte, h\u00f6rte ich auf der B\u00fchne den Mann mit einem Mann oben auf der Balustrade \u00fcber die n\u00e4chste Musik reden. Denk noch, das der sich anh\u00f6ren w\u00fcrde wie Detlef D! Soost, dreh mich um und wer rannte da auf der B\u00fchne rum? Richtig! Kein Wunder, das ich Probleme hatte, durch die Menschenmenge durch zu kommen. <\/p>\n<p align=\"justify\">Lena scheint endlich den letzten Schneidezahn bekommen zu haben, ich meine jedenfalls eine Spitze zu sehen. Und ein kleiner Schlauschnacker wird sie noch dazu. Gestern wollte sie Taschent\u00fccher haben. Ich geb ihr eine Packung, sie verlangt \u2013 wie immer \u2013 \u201cdrei?\u201d. Ich ihr daraufhin erkl\u00e4rt, das Papa und Mama ja auch noch Taschent\u00fccher brauchen, daraufhin sie: \u201cDrei! Teilen!\u201d :shock_tb: .<\/p>\n<p>&#160;<\/p>\n<p>Diese Woche:    <br \/><strike>&#8211; Montag: Haushalt, ausgemistete Babysachen zur VHS-Kollegin karren (ich hoffe, die ist morgen da), Einkaufen, Jana zum Tanzen, Lena in den Schnuppergarten      <br \/>&#8211; Dienstag: Arbeiten, in die Stadt laufen&#160; <br \/>&#8211; Mittwoch: Arbeiten, Anne<\/strike>     <br \/><strike>&#8211; Donnerstag: Arbeiten, Melanie + Anh\u00e4nge<\/strike> <\/p>\n<p>&#160;<\/p>\n<p align=\"center\"><a href=\"http:\/\/www.anthealein.de\/wp-content\/uploads\/2010\/09\/23092010.jpg\"><img loading=\"lazy\" decoding=\"async\" style=\"border-bottom: 0px; border-left: 0px; display: inline; border-top: 0px; border-right: 0px\" title=\"23092010\" border=\"0\" alt=\"23092010\" src=\"http:\/\/www.anthealein.de\/wp-content\/uploads\/2010\/09\/23092010_thumb.jpg\" width=\"504\" height=\"504\" \/><\/a><\/p>\n<p align=\"center\">&#160;<\/p>\n<p align=\"center\"><a href=\"http:\/\/www.anthealein.de\/wp-content\/uploads\/2010\/09\/23092010II.jpg\"><img loading=\"lazy\" decoding=\"async\" style=\"border-bottom: 0px; border-left: 0px; display: inline; border-top: 0px; border-right: 0px\" title=\"23092010II\" border=\"0\" alt=\"23092010II\" src=\"http:\/\/www.anthealein.de\/wp-content\/uploads\/2010\/09\/23092010II_thumb.jpg\" width=\"504\" height=\"504\" \/><\/a><\/p>\n<p align=\"center\">&#160;<\/p>\n<p align=\"center\"><a href=\"http:\/\/www.anthealein.de\/wp-content\/uploads\/2010\/09\/23092010III.jpg\"><img loading=\"lazy\" decoding=\"async\" style=\"border-bottom: 0px; border-left: 0px; display: inline; border-top: 0px; border-right: 0px\" title=\"23092010III\" border=\"0\" alt=\"23092010III\" src=\"http:\/\/www.anthealein.de\/wp-content\/uploads\/2010\/09\/23092010III_thumb.jpg\" width=\"504\" height=\"504\" \/><\/a><\/p>\n","protected":false},"excerpt":{"rendered":"<p>Nat\u00fcrlich ist die letzten Tage so einiges passiert, aber ich hatte so gar keine Zeit zu tippen. Ich hab offiziell heute die letzten Dinge bzgl. Fernleihe (jedenfalls das Grundwissen) gelernt und hab sicherheitshalber auch gleich 2 Seiten in den PC getippt, damit ich immer meine Zettel mit Anweisungen wie\/wo\/was\/in welcher Reihenfolge gemacht werden muss habe. [&hellip;]<\/p>\n","protected":false},"author":1,"featured_media":0,"comment_status":"open","ping_status":"open","sticky":false,"template":"","format":"standard","meta":{"footnotes":""},"categories":[3],"tags":[],"class_list":["post-2634","post","type-post","status-publish","format-standard","hentry","category-alles-mogliche"],"_links":{"self":[{"href":"http:\/\/www.anthealein.de\/index.php?rest_route=\/wp\/v2\/posts\/2634","targetHints":{"allow":["GET"]}}],"collection":[{"href":"http:\/\/www.anthealein.de\/index.php?rest_route=\/wp\/v2\/posts"}],"about":[{"href":"http:\/\/www.anthealein.de\/index.php?rest_route=\/wp\/v2\/types\/post"}],"author":[{"embeddable":true,"href":"http:\/\/www.anthealein.de\/index.php?rest_route=\/wp\/v2\/users\/1"}],"replies":[{"embeddable":true,"href":"http:\/\/www.anthealein.de\/index.php?rest_route=%2Fwp%2Fv2%2Fcomments&post=2634"}],"version-history":[{"count":0,"href":"http:\/\/www.anthealein.de\/index.php?rest_route=\/wp\/v2\/posts\/2634\/revisions"}],"wp:attachment":[{"href":"http:\/\/www.anthealein.de\/index.php?rest_route=%2Fwp%2Fv2%2Fmedia&parent=2634"}],"wp:term":[{"taxonomy":"category","embeddable":true,"href":"http:\/\/www.anthealein.de\/index.php?rest_route=%2Fwp%2Fv2%2Fcategories&post=2634"},{"taxonomy":"post_tag","embeddable":true,"href":"http:\/\/www.anthealein.de\/index.php?rest_route=%2Fwp%2Fv2%2Ftags&post=2634"}],"curies":[{"name":"wp","href":"https:\/\/api.w.org\/{rel}","templated":true}]}}