{"id":2596,"date":"2010-09-19T20:04:05","date_gmt":"2010-09-19T19:04:05","guid":{"rendered":"http:\/\/www.anthealein.de\/?p=2596"},"modified":"2010-09-19T20:04:05","modified_gmt":"2010-09-19T19:04:05","slug":"fertig","status":"publish","type":"post","link":"http:\/\/www.anthealein.de\/?p=2596","title":{"rendered":"Fertig :)"},"content":{"rendered":"<p align=\"justify\">Bin ich. Mit dem Spielzimmer, der Haushalt wurde auf morgen vertagt, W\u00e4sche wurde zum ersten Mal wieder in den Trockner geschmissen und zum allerersten Mal diesen Herbst (\u00e4h, haben wir nicht eigentlich noch Sommer?) habe ich kapituliert und die Heizung angeschmissen. Und weil es so sch\u00f6n ist, haben wir im Schlafzimmer in der Dachschr\u00e4ge eine \u201cfeuchte\u201d (inzwischen trockene) Stelle. Peter hat sich das heute mal angeschaut, er meint das w\u00e4re kein Schimmel, sondern Feuchtigkeit die durch die Dachziegel durchgekommen ist. Mal beobachten, ob die Stelle die n\u00e4chsten Wochen gr\u00f6\u00dfer wird oder ob das einmalig bei den St\u00fcrmen der letzten Wochen passiert ist. <\/p>\n<p>&#160;<\/p>\n<p>Diese Woche:    <br \/><strike>&#8211; Montag: Optimalerweise Neuro, Fr\u00fchst\u00fcck bei R\u00fcdiger,<\/strike> Post, Bank, <strike>Einkauf, Jana und Lena zum Kiga, etc., etc\u2026 Ich f\u00fcrchte, optimal schaffe ich nicht *lach*      <br \/>&#8211; Dienstag: Arbeiten,<\/strike> die Sachen erledigen die Montag liegen geblieben sind. Sprich: mit den Kindern in die Stadt (ausgefallen wegen irrem Regen), <strike>Anna + Kerstin zu Besuch<\/strike>     <br \/><strike>&#8211; Mittwoch: Putzen, Mittags Jana holen und die Zwerge zu Susanne bringen, Arbeiten bis 18 Uhr      <br \/>&#8211; Donnerstag: Uuuuuuuuuuurlaub, Einkaufen, Backen, Melanie + Anh\u00e4nge<\/strike>     <br \/><strike>&#8211; Freitag: Urlaub immer noch, Keller aufr\u00e4umen beginnen, Lenas Zimmer ausmisten, mit Jana und Kerstin + Anh\u00e4ngen zur \u201c<\/strike><a href=\"http:\/\/www.wilhelmshaven.de\/nachrichten\/14000.htm\" target=\"_blank\"><strike>Langen Nacht der Museen<\/strike><\/a><strike>\u201d.      <br \/>&#8211; Samstag: Aufr\u00e4umen!!! Festplatte retten *g*<\/strike>     <br \/><strike>&#8211; Sonntag: Kochen, Waschen, Peters PC retten, die Kinder h\u00fcten<\/strike> <\/p>\n<p>&#160;<\/p>\n<p>N\u00e4chste Woche:   <br \/>&#8211; Montag: Jana zur Schule bringen, ausgemistete Babysachen zur VHS-Kollegin karren (ich hoffe, die ist morgen da), Einkaufen, Haushalt, Jana zum Tanzen, Lena in den Schnuppergarten <\/p>\n<p>&#160;<\/p>\n<p align=\"center\"><a href=\"http:\/\/www.anthealein.de\/wp-content\/uploads\/2010\/09\/19092010.jpg\"><img loading=\"lazy\" decoding=\"async\" style=\"border-bottom: 0px; border-left: 0px; display: inline; border-top: 0px; border-right: 0px\" title=\"19092010\" border=\"0\" alt=\"19092010\" src=\"http:\/\/www.anthealein.de\/wp-content\/uploads\/2010\/09\/19092010_thumb.jpg\" width=\"404\" height=\"504\" \/><\/a><\/p>\n<p align=\"center\">&#160;<\/p>\n<p align=\"center\"><a href=\"http:\/\/www.anthealein.de\/wp-content\/uploads\/2010\/09\/19092010II.jpg\"><img loading=\"lazy\" decoding=\"async\" style=\"border-bottom: 0px; border-left: 0px; display: inline; border-top: 0px; border-right: 0px\" title=\"19092010II\" border=\"0\" alt=\"19092010II\" src=\"http:\/\/www.anthealein.de\/wp-content\/uploads\/2010\/09\/19092010II_thumb.jpg\" width=\"504\" height=\"379\" \/><\/a>    <br \/>Lenas \u201cAufgabe\u201d: Tina Leckerlis geben *g*<\/p>\n<p align=\"center\">&#160;<\/p>\n<p align=\"center\"><a href=\"http:\/\/www.anthealein.de\/wp-content\/uploads\/2010\/09\/19092010III.jpg\"><img loading=\"lazy\" decoding=\"async\" style=\"border-bottom: 0px; border-left: 0px; display: inline; border-top: 0px; border-right: 0px\" title=\"19092010III\" border=\"0\" alt=\"19092010III\" src=\"http:\/\/www.anthealein.de\/wp-content\/uploads\/2010\/09\/19092010III_thumb.jpg\" width=\"504\" height=\"379\" \/><\/a><\/p>\n<p align=\"center\">&#160;<\/p>\n<p align=\"center\"><a href=\"http:\/\/www.anthealein.de\/wp-content\/uploads\/2010\/09\/19092010IV.jpg\"><img loading=\"lazy\" decoding=\"async\" style=\"border-bottom: 0px; border-left: 0px; display: inline; border-top: 0px; border-right: 0px\" title=\"19092010IV\" border=\"0\" alt=\"19092010IV\" src=\"http:\/\/www.anthealein.de\/wp-content\/uploads\/2010\/09\/19092010IV_thumb.jpg\" width=\"379\" height=\"504\" \/><\/a><\/p>\n","protected":false},"excerpt":{"rendered":"<p>Bin ich. Mit dem Spielzimmer, der Haushalt wurde auf morgen vertagt, W\u00e4sche wurde zum ersten Mal wieder in den Trockner geschmissen und zum allerersten Mal diesen Herbst (\u00e4h, haben wir nicht eigentlich noch Sommer?) habe ich kapituliert und die Heizung angeschmissen. Und weil es so sch\u00f6n ist, haben wir im Schlafzimmer in der Dachschr\u00e4ge eine [&hellip;]<\/p>\n","protected":false},"author":1,"featured_media":0,"comment_status":"open","ping_status":"open","sticky":false,"template":"","format":"standard","meta":{"footnotes":""},"categories":[3],"tags":[],"class_list":["post-2596","post","type-post","status-publish","format-standard","hentry","category-alles-mogliche"],"_links":{"self":[{"href":"http:\/\/www.anthealein.de\/index.php?rest_route=\/wp\/v2\/posts\/2596","targetHints":{"allow":["GET"]}}],"collection":[{"href":"http:\/\/www.anthealein.de\/index.php?rest_route=\/wp\/v2\/posts"}],"about":[{"href":"http:\/\/www.anthealein.de\/index.php?rest_route=\/wp\/v2\/types\/post"}],"author":[{"embeddable":true,"href":"http:\/\/www.anthealein.de\/index.php?rest_route=\/wp\/v2\/users\/1"}],"replies":[{"embeddable":true,"href":"http:\/\/www.anthealein.de\/index.php?rest_route=%2Fwp%2Fv2%2Fcomments&post=2596"}],"version-history":[{"count":0,"href":"http:\/\/www.anthealein.de\/index.php?rest_route=\/wp\/v2\/posts\/2596\/revisions"}],"wp:attachment":[{"href":"http:\/\/www.anthealein.de\/index.php?rest_route=%2Fwp%2Fv2%2Fmedia&parent=2596"}],"wp:term":[{"taxonomy":"category","embeddable":true,"href":"http:\/\/www.anthealein.de\/index.php?rest_route=%2Fwp%2Fv2%2Fcategories&post=2596"},{"taxonomy":"post_tag","embeddable":true,"href":"http:\/\/www.anthealein.de\/index.php?rest_route=%2Fwp%2Fv2%2Ftags&post=2596"}],"curies":[{"name":"wp","href":"https:\/\/api.w.org\/{rel}","templated":true}]}}