{"id":2583,"date":"2010-09-18T21:40:44","date_gmt":"2010-09-18T20:40:44","guid":{"rendered":"http:\/\/www.anthealein.de\/?p=2583"},"modified":"2010-09-19T19:54:47","modified_gmt":"2010-09-19T18:54:47","slug":"ausfhrlicher-bericht-aufrumhorror-und-acer-macken","status":"publish","type":"post","link":"http:\/\/www.anthealein.de\/?p=2583","title":{"rendered":"Ausf&uuml;hrlicher Bericht, Aufr&auml;umhorror und Acer-Macken"},"content":{"rendered":"<p align=\"justify\">Alsoooooooooo, los ging es gestern f\u00fcr Jana und mich um kurz nach 17.30 Uhr. Kurz vor 18 Uhr waren wir beim K\u00fcstenmuseum (jahaaaaaa, wir sind langsam gelaufen) und trafen da schon direkt auf Kerstin, Anna und Annas Oma. Armb\u00e4ndchen gekauft (10 Euro f\u00fcr mich, 5 Euro f\u00fcr Jana) und ab ging es ins K\u00fcstenmuseum. Relativ schnell hatten die M\u00e4dels auch schon den Tisch mit den Traumf\u00e4ngerbasteleien ausgemacht. Und w\u00e4hrend sie ges\u00e4gt, gebohrt, gewickelt und Muscheln geschliffen haben, haben wir M\u00fctter nett geplauscht. Danach ging es weiter die Ausstellungsst\u00fccke bestaunen und um 19 Uhr auch gleich zur Vorlesestunde mit der Kollegin, die mit den Kindern im Kiga schon das Wal-Projekt gemacht hat. Bis zum Ende blieben wir beim Vorlesen nicht (waren aber eh schon die Letzten), weil die Kinder m\u00fcde wurden und die Geschichte nicht so der Renner f\u00fcr sie war. Daf\u00fcr hab ich mich noch kurz mit der Kollegin unterhalten und dabei erfahren, das sie Chef tats\u00e4chlich angeboten hat, Vorlesestunden etc. in der Kinderb\u00fccherei abzuhalten. Hat sie? <\/p>\n<p align=\"justify\">Die Kinder bekamen eine Wurst, ich von Kerstin Minilaugenbr\u00f6tchen und ab ging es zum Anleger, um mit der Barkasse r\u00fcber zu fahren zum Marinemuseum. W\u00e4hrend wir uns in die Sitzbank quetschten, informierte mich Kerstin noch netterweise dar\u00fcber, das sie Seekrank wird. Na wundervoll :shock_tb: . Die Fahrt ging aber z\u00fcgig und sie hatte noch ein wenig Farbe im Gesicht beim Anlegen. <\/p>\n<p align=\"justify\">Durchs Marinemuseum gingen wir nur durch, am Wattenmeerhaus vorbei hoch zum S\u00fcdstrand und dann direkt ins Aquarium. Dort war alles ziemlich duster unten weil die Fische nat\u00fcrlich ihren normalen Rhythmus haben, der nicht gest\u00f6rt werden sollte durch grelle Beleuchtung. Haie sind im Dunklen aber auch eine ganze Etappe gruseliger und ich hatte eine Jana am Bein kleben. Oben machte sie dann erst Trara und wollte partout nicht in den Bereich mit den Zwergseiden\u00e4ffchen (die schon schliefen) und den frei herum fliegenden V\u00f6geln (die sich anscheinend den \u00c4ffchen angeschlossen hatten), weil ein Bekannter von Kerstin erw\u00e4hnt hatte, das die Flughunde besonders Abends dort aktiv w\u00e4ren. Waren sie aber nicht und das einzig wirklich interessante und wache in diesem Bereich waren die Mitarbeiter mit den Heuschrecken. Die durfte man auf die Hand nehmen. Und anstatt einer Stabheuschrecke habe ich eine gew\u00e4hlt, die ein wenig wie diese \u00fcberdimensionalen Monster (war es bei den \u201cGhostbusters\u201d?) aussah. F\u00fchlte sich an wie Gummi, schaute aber ganz lieb, krabbelte auch ganz lieb an mir rum und am liebsten h\u00e4tte ich sie mitgenommen. Jana traute sich dann auch mal, sie anzufassen *g*.&#160; Mittlerweile war auch Peter mit seiner Versammlung fertig und zu uns gesto\u00dfen und die letzten Becken waren schnell abgegrast. <\/p>\n<p align=\"justify\">Zum guten Schluss gingen wir noch ins Wattenmeerhaus, wo die Kinder wieder ein wenig basteln durften, ich eine Kollegin traf, wir diverse F\u00fchlk\u00e4sten ausprobierten und uns schlie\u00dflich trennten, da Peter und Kerstin mit Anna noch zum Wasserturm fahren wollten. Annas Oma hatte sich schon vorher verabschiedet und Jana und ich mussten ja \u00fcber die KW-Br\u00fccke zur\u00fcck. Jana war v\u00f6llig begeistert und zum kr\u00f6nenden Abschluss bekam sie noch ein Feuerwerk auf der anderen Seite des Jadebusens zu sehen. Endlich mal ein Feuerwerk bestaunen k\u00f6nnen, ohne die Ger\u00e4usche dazu! Das war nat\u00fcrlich was f\u00fcr mein l\u00e4rmempfindliches Kind. Jana war total begeistert von dem Abend, f\u00fcr 15 Euro war das auch echt viel was man sehen und machen konnte und gegen 22 Uhr hab ich ein hundem\u00fcdes Kind ins Bett verabschiedet. \ud83d\ude42<\/p>\n<p align=\"justify\">&#160;<\/p>\n<p align=\"justify\">Heute Nacht kam dann Lena auf Mama-Entzug (kann die mich nicht mal tags\u00fcber vermissen?) und rollte sich auf meinen Bauch \u2013 kuschelte 10 Min. \u2013 rollte wieder runter \u2013 w\u00fchlte \u2013 rollte sich auf meinen Buch\u2026 Dementsprechend genervt reagierte ich auf Weckversuche heute morgen *grummel*. Chris und Jana machten das Aquarium, ich den Haushalt, Lena wuselte so rum. Und dann fing ich an: Radikalausmistkur in Janas Spielzimmer. Fertig bin ich immer noch nicht, morgen kommt Teil 2. Allerdings kam ja auch Siggi vorbei, Chris verquatschte sich bei einem Kaffee bei Werner (eigentlich wollte er nur einkaufen und ihm Gelbe S\u00e4cke bringen) und MIT Lena und Jana Spielzimmer aufr\u00e4umen bedeutet, das ich hinterher die ganzen Playmobil-Sachen neu einsortieren darf. <\/p>\n<p align=\"justify\">&#160;<\/p>\n<p align=\"justify\">Und weil ich ja so gar nix zu tun habe hat Chris heute Abend beschlossen, das sein Netbook die Linux-Version der Recovery-DVD brauchen k\u00f6nnte. In der Anleitung steht ganz einfach: DVD in einen Rechner einlegen, USB-Stick anschlie\u00dfen, von der DVD booten und den Anweisungen folgen. Was die Anleitung einem NICHT verr\u00e4t: die Recovery-DVD schreibt gerne mal die Heads der Festplatte in dem benutzten Rechner um und schrottet die Partionstabelle. Testdisk ist seit geschlagenen 2 Stunden bei der ausf\u00fchrlichen Analyse und gerade mal bei 84% . Mal sehen, ob ich Chris\u2019 Daten gerettet bekomme *seufz*. <\/p>\n<p>&#160;<\/p>\n<p>Diese Woche:    <br \/><strike>&#8211; Montag: Optimalerweise Neuro, Fr\u00fchst\u00fcck bei R\u00fcdiger,<\/strike> Post, Bank, <strike>Einkauf, Jana und Lena zum Kiga, etc., etc\u2026 Ich f\u00fcrchte, optimal schaffe ich nicht *lach*      <br \/>&#8211; Dienstag: Arbeiten,<\/strike> die Sachen erledigen die Montag liegen geblieben sind. Sprich: mit den Kindern in die Stadt (ausgefallen wegen irrem Regen), <strike>Anna + Kerstin zu Besuch<\/strike>     <br \/><strike>&#8211; Mittwoch: Putzen, Mittags Jana holen und die Zwerge zu Susanne bringen, Arbeiten bis 18 Uhr      <br \/>&#8211; Donnerstag: Uuuuuuuuuuurlaub, Einkaufen, Backen, Melanie + Anh\u00e4nge<\/strike>     <br \/><strike>&#8211; Freitag: Urlaub immer noch, Keller aufr\u00e4umen beginnen, Lenas Zimmer ausmisten, mit Jana und Kerstin + Anh\u00e4ngen zur \u201c<\/strike><a href=\"http:\/\/www.wilhelmshaven.de\/nachrichten\/14000.htm\" target=\"_blank\"><strike>Langen Nacht der Museen<\/strike><\/a><strike>\u201d.      <br \/>&#8211; Samstag: Aufr\u00e4umen!!! Festplatte retten *g*<\/strike>     <br \/>&#8211; Sonntag: Kochen, Waschen, Peters PC retten, die Kinder h\u00fcten <\/p>\n<p>&#160;<\/p>\n<p align=\"center\">&#160;<a href=\"http:\/\/www.anthealein.de\/wp-content\/uploads\/2010\/09\/18092010.jpg\"><img loading=\"lazy\" decoding=\"async\" style=\"border-right-width: 0px; display: inline; border-top-width: 0px; border-bottom-width: 0px; border-left-width: 0px\" title=\"18092010\" border=\"0\" alt=\"18092010\" src=\"http:\/\/www.anthealein.de\/wp-content\/uploads\/2010\/09\/18092010_thumb.jpg\" width=\"504\" height=\"504\" \/><\/a>     <br \/>Das sind nicht meine, n\u00f6\u00f6\u00f6\u00f6\u00f6\u00f6\u00f6\u00f6\u00f6\u00f6 \ud83d\ude00<\/p>\n<p align=\"center\">&#160;<\/p>\n<p align=\"center\"><img loading=\"lazy\" decoding=\"async\" style=\"border-right-width: 0px; display: block; float: none; border-top-width: 0px; border-bottom-width: 0px; margin-left: auto; border-left-width: 0px; margin-right: auto\" title=\"18092010II\" border=\"0\" alt=\"18092010II\" src=\"http:\/\/www.anthealein.de\/wp-content\/uploads\/2010\/09\/18092010II_thumb.jpg\" width=\"504\" height=\"504\" \/><\/p>\n<p align=\"center\">&#160;<\/p>\n<p align=\"center\"><a href=\"http:\/\/www.anthealein.de\/wp-content\/uploads\/2010\/09\/18092010III.jpg\"><img loading=\"lazy\" decoding=\"async\" style=\"border-right-width: 0px; display: inline; border-top-width: 0px; border-bottom-width: 0px; border-left-width: 0px\" title=\"18092010III\" border=\"0\" alt=\"18092010III\" src=\"http:\/\/www.anthealein.de\/wp-content\/uploads\/2010\/09\/18092010III_thumb.jpg\" width=\"504\" height=\"504\" \/><\/a><\/p>\n","protected":false},"excerpt":{"rendered":"<p>Alsoooooooooo, los ging es gestern f\u00fcr Jana und mich um kurz nach 17.30 Uhr. Kurz vor 18 Uhr waren wir beim K\u00fcstenmuseum (jahaaaaaa, wir sind langsam gelaufen) und trafen da schon direkt auf Kerstin, Anna und Annas Oma. Armb\u00e4ndchen gekauft (10 Euro f\u00fcr mich, 5 Euro f\u00fcr Jana) und ab ging es ins K\u00fcstenmuseum. Relativ [&hellip;]<\/p>\n","protected":false},"author":1,"featured_media":0,"comment_status":"open","ping_status":"open","sticky":false,"template":"","format":"standard","meta":{"footnotes":""},"categories":[3],"tags":[],"class_list":["post-2583","post","type-post","status-publish","format-standard","hentry","category-alles-mogliche"],"_links":{"self":[{"href":"http:\/\/www.anthealein.de\/index.php?rest_route=\/wp\/v2\/posts\/2583","targetHints":{"allow":["GET"]}}],"collection":[{"href":"http:\/\/www.anthealein.de\/index.php?rest_route=\/wp\/v2\/posts"}],"about":[{"href":"http:\/\/www.anthealein.de\/index.php?rest_route=\/wp\/v2\/types\/post"}],"author":[{"embeddable":true,"href":"http:\/\/www.anthealein.de\/index.php?rest_route=\/wp\/v2\/users\/1"}],"replies":[{"embeddable":true,"href":"http:\/\/www.anthealein.de\/index.php?rest_route=%2Fwp%2Fv2%2Fcomments&post=2583"}],"version-history":[{"count":3,"href":"http:\/\/www.anthealein.de\/index.php?rest_route=\/wp\/v2\/posts\/2583\/revisions"}],"predecessor-version":[{"id":2587,"href":"http:\/\/www.anthealein.de\/index.php?rest_route=\/wp\/v2\/posts\/2583\/revisions\/2587"}],"wp:attachment":[{"href":"http:\/\/www.anthealein.de\/index.php?rest_route=%2Fwp%2Fv2%2Fmedia&parent=2583"}],"wp:term":[{"taxonomy":"category","embeddable":true,"href":"http:\/\/www.anthealein.de\/index.php?rest_route=%2Fwp%2Fv2%2Fcategories&post=2583"},{"taxonomy":"post_tag","embeddable":true,"href":"http:\/\/www.anthealein.de\/index.php?rest_route=%2Fwp%2Fv2%2Ftags&post=2583"}],"curies":[{"name":"wp","href":"https:\/\/api.w.org\/{rel}","templated":true}]}}