{"id":2571,"date":"2010-09-16T20:55:21","date_gmt":"2010-09-16T19:55:21","guid":{"rendered":"http:\/\/www.anthealein.de\/?p=2571"},"modified":"2010-09-17T21:46:23","modified_gmt":"2010-09-17T20:46:23","slug":"wenn-die-mama-mal-nicht-schimpft","status":"publish","type":"post","link":"http:\/\/www.anthealein.de\/?p=2571","title":{"rendered":"Wenn die Mama mal nicht schimpft,"},"content":{"rendered":"<p align=\"justify\">sondern sogar lacht, wenn die Minipizza aus Janas Hand in hohem Bogen auf den Boden fliegt, dann: hat die Mama Urlaub, konnte den Morgen ruhig beginnen, dann in aller Seelenruhe mit dem Zwerg zu Schwesterchen auf die Arbeit, zur Bank und einkaufen laufen und einen netten Plausch mit Sanne auf dem Schulhof halten. <\/p>\n<p align=\"justify\">Scheint wohl nicht all zu oft vorzukommen, weil Chris erstaunt fragte wieso der Boden unter dem K\u00fcchentisch denn nass w\u00e4re und auf meine Antwort dann nur trocken sagte: \u201cOh, ich hab dich gar nicht br\u00fcllen geh\u00f6rt\u201d. Hmpf, als ob ich jedes Mal wegen einer herunter gefallenen Sache br\u00fcllen w\u00fcrde *motz*. Und dabei hab ich heute nur gebr\u00fcllt, weil meine sich taubstellende Tochter nur auf Maximal-Ton reagiert hat in ihrem Zimmer *g*. <\/p>\n<p align=\"justify\">Lenas neueste Lieblingsw\u00f6rter sind \u201cdoof\u201d und \u201cdoch\u201d, nur zur sp\u00e4teren Erinnerung \ud83d\ude09 . <\/p>\n<p>Diese Woche:    <br \/><strike>&#8211; Montag: Optimalerweise Neuro, Fr\u00fchst\u00fcck bei R\u00fcdiger,<\/strike> Post, Bank, <strike>Einkauf, Jana und Lena zum Kiga, etc., etc\u2026 Ich f\u00fcrchte, optimal schaffe ich nicht *lach*      <br \/>&#8211; Dienstag: Arbeiten,<\/strike> die Sachen erledigen die Montag liegen geblieben sind. Sprich: mit den Kindern in die Stadt (ausgefallen wegen irrem Regen), <strike>Anna + Kerstin zu Besuch<\/strike>     <br \/><strike>&#8211; Mittwoch: Putzen, Mittags Jana holen und die Zwerge zu Susanne bringen, Arbeiten bis 18 Uhr      <br \/>&#8211; Donnerstag: Uuuuuuuuuuurlaub, Einkaufen, Backen, Melanie + Anh\u00e4nge<\/strike>     <br \/>&#8211; Freitag: Urlaub immer noch, mit Jana und evtl. Valeska und\/oder Melanie + Jack zur \u201c<a href=\"http:\/\/www.wilhelmshaven.de\/nachrichten\/14000.htm\" target=\"_blank\">Langen Nacht der Museen<\/a>\u201d.<\/p>\n<p>&#160;<\/p>\n<p align=\"center\"><a href=\"http:\/\/www.anthealein.de\/wp-content\/uploads\/2010\/09\/16092010.jpg\"><img loading=\"lazy\" decoding=\"async\" style=\"border-right-width: 0px; display: inline; border-top-width: 0px; border-bottom-width: 0px; border-left-width: 0px\" title=\"16092010\" border=\"0\" alt=\"16092010\" src=\"http:\/\/www.anthealein.de\/wp-content\/uploads\/2010\/09\/16092010_thumb.jpg\" width=\"504\" height=\"504\" \/><\/a>     <br \/>Teig naschen \ud83d\ude42<\/p>\n<p align=\"center\">&#160;<\/p>\n<p align=\"center\"><a href=\"http:\/\/www.anthealein.de\/wp-content\/uploads\/2010\/09\/16092010II.jpg\"><img loading=\"lazy\" decoding=\"async\" style=\"border-right-width: 0px; display: inline; border-top-width: 0px; border-bottom-width: 0px; border-left-width: 0px\" title=\"16092010II\" border=\"0\" alt=\"16092010II\" src=\"http:\/\/www.anthealein.de\/wp-content\/uploads\/2010\/09\/16092010II_thumb.jpg\" width=\"404\" height=\"504\" \/><\/a>     <br \/>Den schuldbewussten Ausdruck hat sie nur, weil sie genau wei\u00df, das sie nicht an die Marienk\u00e4fer soll. Den Stuhl hat sie sich selber organisiert :shock_tb: .<\/p>\n<p align=\"center\">&#160;<\/p>\n<p align=\"center\"><a href=\"http:\/\/www.anthealein.de\/wp-content\/uploads\/2010\/09\/16092010III.jpg\"><img loading=\"lazy\" decoding=\"async\" style=\"border-right-width: 0px; display: inline; border-top-width: 0px; border-bottom-width: 0px; border-left-width: 0px\" title=\"16092010III\" border=\"0\" alt=\"16092010III\" src=\"http:\/\/www.anthealein.de\/wp-content\/uploads\/2010\/09\/16092010III_thumb.jpg\" width=\"504\" height=\"504\" \/><\/a>     <br \/>Nu durfte sie \ud83d\ude42<\/p>\n<p align=\"center\">&#160;<\/p>\n<p align=\"center\"><a href=\"http:\/\/www.anthealein.de\/wp-content\/uploads\/2010\/09\/16092010IV.jpg\"><img loading=\"lazy\" decoding=\"async\" style=\"border-right-width: 0px; display: inline; border-top-width: 0px; border-bottom-width: 0px; border-left-width: 0px\" title=\"16092010IV\" border=\"0\" alt=\"16092010IV\" src=\"http:\/\/www.anthealein.de\/wp-content\/uploads\/2010\/09\/16092010IV_thumb.jpg\" width=\"504\" height=\"504\" \/><\/a><\/p>\n","protected":false},"excerpt":{"rendered":"<p>sondern sogar lacht, wenn die Minipizza aus Janas Hand in hohem Bogen auf den Boden fliegt, dann: hat die Mama Urlaub, konnte den Morgen ruhig beginnen, dann in aller Seelenruhe mit dem Zwerg zu Schwesterchen auf die Arbeit, zur Bank und einkaufen laufen und einen netten Plausch mit Sanne auf dem Schulhof halten. Scheint wohl [&hellip;]<\/p>\n","protected":false},"author":1,"featured_media":0,"comment_status":"open","ping_status":"open","sticky":false,"template":"","format":"standard","meta":{"footnotes":""},"categories":[3],"tags":[],"class_list":["post-2571","post","type-post","status-publish","format-standard","hentry","category-alles-mogliche"],"_links":{"self":[{"href":"http:\/\/www.anthealein.de\/index.php?rest_route=\/wp\/v2\/posts\/2571","targetHints":{"allow":["GET"]}}],"collection":[{"href":"http:\/\/www.anthealein.de\/index.php?rest_route=\/wp\/v2\/posts"}],"about":[{"href":"http:\/\/www.anthealein.de\/index.php?rest_route=\/wp\/v2\/types\/post"}],"author":[{"embeddable":true,"href":"http:\/\/www.anthealein.de\/index.php?rest_route=\/wp\/v2\/users\/1"}],"replies":[{"embeddable":true,"href":"http:\/\/www.anthealein.de\/index.php?rest_route=%2Fwp%2Fv2%2Fcomments&post=2571"}],"version-history":[{"count":1,"href":"http:\/\/www.anthealein.de\/index.php?rest_route=\/wp\/v2\/posts\/2571\/revisions"}],"predecessor-version":[{"id":2573,"href":"http:\/\/www.anthealein.de\/index.php?rest_route=\/wp\/v2\/posts\/2571\/revisions\/2573"}],"wp:attachment":[{"href":"http:\/\/www.anthealein.de\/index.php?rest_route=%2Fwp%2Fv2%2Fmedia&parent=2571"}],"wp:term":[{"taxonomy":"category","embeddable":true,"href":"http:\/\/www.anthealein.de\/index.php?rest_route=%2Fwp%2Fv2%2Fcategories&post=2571"},{"taxonomy":"post_tag","embeddable":true,"href":"http:\/\/www.anthealein.de\/index.php?rest_route=%2Fwp%2Fv2%2Ftags&post=2571"}],"curies":[{"name":"wp","href":"https:\/\/api.w.org\/{rel}","templated":true}]}}