{"id":2562,"date":"2010-09-15T19:36:00","date_gmt":"2010-09-15T18:36:00","guid":{"rendered":"http:\/\/www.anthealein.de\/?p=2562"},"modified":"2010-09-15T19:36:00","modified_gmt":"2010-09-15T18:36:00","slug":"urlaub","status":"publish","type":"post","link":"http:\/\/www.anthealein.de\/?p=2562","title":{"rendered":"Urlaub :)"},"content":{"rendered":"<p align=\"justify\">Jawoll ja, bis n\u00e4chsten Dienstag hab ich frei *freu*. Frei sollte man aber nicht zu w\u00f6rtlich nehmen, Chris hat Freitag auch Urlaub und wir wollen den Keller aufr\u00e4umen, Janas Spielzimmer ausm\u00fcllen und wenn ich schon mal dabei bin, auch gleich Lenas Zimmer (schlie\u00dflich bekommt das Kind ja bald neues Spielzeug). Viel vor also *g*.<\/p>\n<p>Diese Woche:    <br \/><strike>&#8211; Montag: Optimalerweise Neuro, Fr\u00fchst\u00fcck bei R\u00fcdiger,<\/strike> Post, Bank, <strike>Einkauf, Jana und Lena zum Kiga, etc., etc\u2026 Ich f\u00fcrchte, optimal schaffe ich nicht *lach*      <br \/>&#8211; Dienstag: Arbeiten,<\/strike> die Sachen erledigen die Montag liegen geblieben sind. Sprich: mit den Kindern in die Stadt (ausgefallen wegen irrem Regen), <strike>Anna + Kerstin zu Besuch<\/strike>     <br \/><strike>&#8211; Mittwoch: Putzen, Mittags Jana holen und die Zwerge zu Susanne bringen, Arbeiten bis 18 Uhr      <br \/><\/strike>&#8211; Donnerstag: Uuuuuuuuuuurlaub, Einkaufen, Backen, Melanie + Anh\u00e4nge     <br \/>&#8211; Freitag: Urlaub immer noch, mit Jana und evtl. Valeska und\/oder Melanie + Jack zur \u201c<a href=\"http:\/\/www.wilhelmshaven.de\/nachrichten\/14000.htm\" target=\"_blank\">Langen Nacht der Museen<\/a>\u201d.<\/p>\n<p>&#160;<\/p>\n<p align=\"center\"><a href=\"http:\/\/www.anthealein.de\/wp-content\/uploads\/2010\/09\/15092010.jpg\"><img loading=\"lazy\" decoding=\"async\" style=\"border-bottom: 0px; border-left: 0px; display: inline; border-top: 0px; border-right: 0px\" title=\"15092010\" border=\"0\" alt=\"15092010\" src=\"http:\/\/www.anthealein.de\/wp-content\/uploads\/2010\/09\/15092010_thumb.jpg\" width=\"504\" height=\"379\" \/><\/a><\/p>\n","protected":false},"excerpt":{"rendered":"<p>Jawoll ja, bis n\u00e4chsten Dienstag hab ich frei *freu*. Frei sollte man aber nicht zu w\u00f6rtlich nehmen, Chris hat Freitag auch Urlaub und wir wollen den Keller aufr\u00e4umen, Janas Spielzimmer ausm\u00fcllen und wenn ich schon mal dabei bin, auch gleich Lenas Zimmer (schlie\u00dflich bekommt das Kind ja bald neues Spielzeug). Viel vor also *g*. Diese [&hellip;]<\/p>\n","protected":false},"author":1,"featured_media":0,"comment_status":"open","ping_status":"open","sticky":false,"template":"","format":"standard","meta":{"footnotes":""},"categories":[3],"tags":[],"class_list":["post-2562","post","type-post","status-publish","format-standard","hentry","category-alles-mogliche"],"_links":{"self":[{"href":"http:\/\/www.anthealein.de\/index.php?rest_route=\/wp\/v2\/posts\/2562","targetHints":{"allow":["GET"]}}],"collection":[{"href":"http:\/\/www.anthealein.de\/index.php?rest_route=\/wp\/v2\/posts"}],"about":[{"href":"http:\/\/www.anthealein.de\/index.php?rest_route=\/wp\/v2\/types\/post"}],"author":[{"embeddable":true,"href":"http:\/\/www.anthealein.de\/index.php?rest_route=\/wp\/v2\/users\/1"}],"replies":[{"embeddable":true,"href":"http:\/\/www.anthealein.de\/index.php?rest_route=%2Fwp%2Fv2%2Fcomments&post=2562"}],"version-history":[{"count":0,"href":"http:\/\/www.anthealein.de\/index.php?rest_route=\/wp\/v2\/posts\/2562\/revisions"}],"wp:attachment":[{"href":"http:\/\/www.anthealein.de\/index.php?rest_route=%2Fwp%2Fv2%2Fmedia&parent=2562"}],"wp:term":[{"taxonomy":"category","embeddable":true,"href":"http:\/\/www.anthealein.de\/index.php?rest_route=%2Fwp%2Fv2%2Fcategories&post=2562"},{"taxonomy":"post_tag","embeddable":true,"href":"http:\/\/www.anthealein.de\/index.php?rest_route=%2Fwp%2Fv2%2Ftags&post=2562"}],"curies":[{"name":"wp","href":"https:\/\/api.w.org\/{rel}","templated":true}]}}