{"id":2549,"date":"2010-09-12T19:55:19","date_gmt":"2010-09-12T18:55:19","guid":{"rendered":"http:\/\/www.anthealein.de\/?p=2549"},"modified":"2010-09-12T19:55:19","modified_gmt":"2010-09-12T18:55:19","slug":"ausgeschlafen","status":"publish","type":"post","link":"http:\/\/www.anthealein.de\/?p=2549","title":{"rendered":"Ausgeschlafen :)"},"content":{"rendered":"<p>Das hab ich heute mal so richtig. Jana kam heute morgen gegen 8 Uhr r\u00fcber, um eine Runde mit mir zu kuscheln und Fernsehen zu schauen. Kurz darauf kam auch schon Lena und irgendwann stand Chris dann mit den Zwergen auf. Fr\u00fchst\u00fcckte mit ihnen und machte den Rest des Morgenprogramms und dann: verlie\u00dfen sie das Haus um nach Mariensiel zum Autorennen zu fahren. \ud83d\ude00 <\/p>\n<p>Und ich? Durfte noch eine Runde bis 10 Uhr weiterschlafen, hab dann in Ruhe sch\u00f6n lange geduscht und gaaaaaanz langsam den Haushalt erledigt. Als die Horde dann wieder da war, haben wir Essen gemacht. Chris hat ein wenig F1 geschaut, Lena und Jana haben Winnie Puh am PC gespielt und dann ging es auch schon zu Melanie und Familie. Als wir wieder hier waren, war es auch schon Zeit f\u00fcr das Abendessen (Lena bestand darauf, statt Teller Tupperdosen zu benutzen *g*) und Feierabend war es. Sch\u00f6ner Tag!<\/p>\n<p>&#160;<\/p>\n<p>Diese Woche:    <br \/><strike>&#8211; Montag: Sauber machen, Jana zu Dunse, Lena zum Kiga, Einkaufen etc.      <br \/>&#8211; Dienstag:Kinderdoc<\/strike>     <br \/><strike>&#8211; Mittwoch: Putzen, Max, Einkaufen<\/strike>     <br \/><strike>&#8211; Donnerstag: Valeska, Melanie und Ebba + Jack, mit Wolfgang und R\u00fcdiger Schnitzelessen im Pumpwerk<\/strike>     <br \/><strike>&#8211; Freitag: Arbeiten      <br \/>&#8211; Samstag: Arbeiten<\/strike>     <br \/><strike>&#8211; Sonntag: Putzen!!!, Melanie!<\/strike><\/p>\n<p>&#160;<\/p>\n<p>N\u00e4chste Woche:   <br \/>&#8211; Montag: Optimalerweise Neuro, Fr\u00fchst\u00fcck bei R\u00fcdiger, Post, Bank, Einkauf, Jana zum Tanzen, Lena zum Kiga, etc., etc\u2026 Ich f\u00fcrchte, optimal schaffe ich nicht *lach*    <br \/>&#8211; Dienstag: Arbeiten, die Sachen erledigen die Montag liegen geblieben sind    <br \/>&#8211; Mittwoch: Mittags Jana holen und die Zwerge zu Susanne bringen, Arbeiten bis 18 Uhr    <br \/>&#8211; Donnerstag: Uuuuuuuuuuurlaub, Putzen, Backen, Melanie + Anh\u00e4nge    <br \/>&#8211; Freitag: Urlaub immer noch, mit Jana und evtl. Valeska und\/oder Melanie + Jack zur \u201c<a href=\"http:\/\/www.wilhelmshaven.de\/nachrichten\/14000.htm\" target=\"_blank\">Langen Nacht der Museen<\/a>\u201d.<\/p>\n<p>&#160;<\/p>\n<p align=\"center\"><a href=\"http:\/\/www.anthealein.de\/wp-content\/uploads\/2010\/09\/12092010II.jpg\"><img loading=\"lazy\" decoding=\"async\" style=\"border-bottom: 0px; border-left: 0px; display: inline; border-top: 0px; border-right: 0px\" title=\"12092010II\" border=\"0\" alt=\"12092010II\" src=\"http:\/\/www.anthealein.de\/wp-content\/uploads\/2010\/09\/12092010II_thumb.jpg\" width=\"504\" height=\"504\" \/><\/a><\/p>\n<p align=\"center\">&#160;<\/p>\n<p align=\"center\"><a href=\"http:\/\/www.anthealein.de\/wp-content\/uploads\/2010\/09\/12092010III.jpg\"><img loading=\"lazy\" decoding=\"async\" style=\"border-bottom: 0px; border-left: 0px; display: inline; border-top: 0px; border-right: 0px\" title=\"12092010III\" border=\"0\" alt=\"12092010III\" src=\"http:\/\/www.anthealein.de\/wp-content\/uploads\/2010\/09\/12092010III_thumb.jpg\" width=\"504\" height=\"504\" \/><\/a>    <br \/>*habenwill* Ist der nicht traumhaft sch\u00f6n?<\/p>\n<p align=\"center\">&#160;<\/p>\n<p align=\"center\"><a href=\"http:\/\/www.anthealein.de\/wp-content\/uploads\/2010\/09\/12092010.jpg\"><img loading=\"lazy\" decoding=\"async\" style=\"border-bottom: 0px; border-left: 0px; display: inline; border-top: 0px; border-right: 0px\" title=\"12092010\" border=\"0\" alt=\"12092010\" src=\"http:\/\/www.anthealein.de\/wp-content\/uploads\/2010\/09\/12092010_thumb.jpg\" width=\"504\" height=\"504\" \/><\/a>    <br \/>Wir haben ja keine Teller *g*<\/p>\n","protected":false},"excerpt":{"rendered":"<p>Das hab ich heute mal so richtig. Jana kam heute morgen gegen 8 Uhr r\u00fcber, um eine Runde mit mir zu kuscheln und Fernsehen zu schauen. Kurz darauf kam auch schon Lena und irgendwann stand Chris dann mit den Zwergen auf. Fr\u00fchst\u00fcckte mit ihnen und machte den Rest des Morgenprogramms und dann: verlie\u00dfen sie das [&hellip;]<\/p>\n","protected":false},"author":1,"featured_media":0,"comment_status":"open","ping_status":"open","sticky":false,"template":"","format":"standard","meta":{"footnotes":""},"categories":[3],"tags":[],"class_list":["post-2549","post","type-post","status-publish","format-standard","hentry","category-alles-mogliche"],"_links":{"self":[{"href":"http:\/\/www.anthealein.de\/index.php?rest_route=\/wp\/v2\/posts\/2549","targetHints":{"allow":["GET"]}}],"collection":[{"href":"http:\/\/www.anthealein.de\/index.php?rest_route=\/wp\/v2\/posts"}],"about":[{"href":"http:\/\/www.anthealein.de\/index.php?rest_route=\/wp\/v2\/types\/post"}],"author":[{"embeddable":true,"href":"http:\/\/www.anthealein.de\/index.php?rest_route=\/wp\/v2\/users\/1"}],"replies":[{"embeddable":true,"href":"http:\/\/www.anthealein.de\/index.php?rest_route=%2Fwp%2Fv2%2Fcomments&post=2549"}],"version-history":[{"count":0,"href":"http:\/\/www.anthealein.de\/index.php?rest_route=\/wp\/v2\/posts\/2549\/revisions"}],"wp:attachment":[{"href":"http:\/\/www.anthealein.de\/index.php?rest_route=%2Fwp%2Fv2%2Fmedia&parent=2549"}],"wp:term":[{"taxonomy":"category","embeddable":true,"href":"http:\/\/www.anthealein.de\/index.php?rest_route=%2Fwp%2Fv2%2Fcategories&post=2549"},{"taxonomy":"post_tag","embeddable":true,"href":"http:\/\/www.anthealein.de\/index.php?rest_route=%2Fwp%2Fv2%2Ftags&post=2549"}],"curies":[{"name":"wp","href":"https:\/\/api.w.org\/{rel}","templated":true}]}}