{"id":2534,"date":"2010-09-10T20:10:19","date_gmt":"2010-09-10T19:10:19","guid":{"rendered":"http:\/\/www.anthealein.de\/?p=2534"},"modified":"2010-09-10T20:10:19","modified_gmt":"2010-09-10T19:10:19","slug":"hach-ja","status":"publish","type":"post","link":"http:\/\/www.anthealein.de\/?p=2534","title":{"rendered":"Hach ja&hellip;"},"content":{"rendered":"<p align=\"justify\">Arbeiten ist doch was Sch\u00f6nes. Wir haben immer noch keine Ahnung, wie genau es mit dem Umbau w\u00e4hrend der absoluten Schlie\u00dfungszeit laufen soll. Ca. 1\/3tel des Bestandes m\u00fcssen wir ja vor\u00fcbergehend im Lesesaal unterbringen und unsere Bibls machen daf\u00fcr schon flei\u00dfig Ordnung und w\u00e4hlen z.T. schon aus. Aber: wir wissen dennoch nicht, wie es dann genau laufen soll. WIR m\u00fcssen ja die B\u00fccher aus den Regalen ziehen und auf die noch nicht vorhandenen Regale im Lesesaal stellen, w\u00e4hrend das Profiumzugsunternehmen den Rest der B\u00fccher auf Paletten im Keller verstaut. Aber: 1. m\u00fcssen die Regale, die in den Lesesaal f\u00fcr den Notbestand sollen, ja erst leer ger\u00e4umt sein, damit sie dahin k\u00f6nnen und wir die B\u00fccher da drauf stellen k\u00f6nnen.    <br \/>2. Kann das Umzugsunternehmen eigentlich erst die Regale leer r\u00e4umen, wenn wir unseren Bestand rausgesucht haben.<\/p>\n<p align=\"justify\">Fangen wir also alle gleichzeitig an? Fangen wir 2-3 Tage vor dem Umzugsunternehmen an bis z.B. das Erdgescho\u00df bzw. die Empore von uns erledigt ist? Wo lassen wir die B\u00fccher, bis die zu verwendenden Regale frei sind? Lauter Fragen und noch keine Antworten. Aber wir fangen ja auch erst in knapp 3 Wochen an :shock_tb: . <\/p>\n<p align=\"justify\">&#160;<\/p>\n<p align=\"justify\">Fernleihtechnisch durfte ich heute unter Aufsicht das erste Mal selber den passiven Leihverkehr abwickeln, den aktiven Leihverkehr lerne ich dann morgen kennen. Und ich D\u00f6skopp hab den Zettel verlegt, auf dem ich mir letzte Woche schon flei\u00dfig alles mitgeschrieben hatte. Das Problem sind eigentlich auch nicht die Sachen, die am PC erledigt werden m\u00fcssen (Merken!!! Kopien erst die Benachrichtigung ausdrucken, dann Eingang verbuchen!!!), sondern diese ganzen \u201chier muss der Datumsstempel hin, da die Leihfrist, da die Signatur, da die A-Nr., da unsere interne Bestell-Nr.\u201d, der Zettel muss so gefaltet werden, der n\u00e4chste aber so und meine absolute Hassaufgabe direkt nach dem Paketzettel ausf\u00fcllen: Tackern! Daniela hat sich heute pr\u00e4chtig \u00fcber mich und ihren Tacker am\u00fcsiert. Diese Viecher hassen mich und machen andauernd ein Klammerget\u00fcddel. *grummel* Und dabei ist Daniela noch so lieb und tr\u00f6stet mich das ich mich gar nicht so dumm anstelle, wenn ich mal wieder so gar nicht mehr wei\u00df, wo ich was hinschreiben muss. <\/p>\n<p align=\"justify\">&#160;<\/p>\n<p align=\"justify\">Lena fand den Tag heute Klasse. Erst durfte sie wieder mit Susanne in den Kiga (Susanne hat da hospitiert), die \u201cgro\u00dfe\u201d Lena fand sie allerdings doof. Und dann kam v\u00f6llig \u00fcberraschend Chris nach Hause, weil er kurzerhand Urlaub genommen hat und sie durfte ihn den ganzen Nachmittag vollquatschen. Und wie das so ist, die L\u00fctte erstaunt mich ja immer wieder. Die beiden holten mich von der Arbeit ab und wie so gut wie jeden Freitag sollte es was Gekauftes geben. Also zu Vogelers Grill gefahren, Schnitzel und Pommes holen. Schon kurz vor Vogelers Grill fing Lena hinten an: \u201cRene, Rene, Rene\u201d und es hat ein wenig gedauert, bis ich es begriffen hab. Tante Irene (wo sie das letzte Mal vor frag mich wievielen Wochen war) wohnt schr\u00e4g gegen\u00fcber von Vogelers Grill. Da hat sich der Zwerg allen Ernstes gemerkt wo Tante Irene wohnt und das, wo sie da ja erst ein paar mal war und das letzte Mal halt wie gesagt Anfang Juni oder so. :shock_tb: <\/p>\n<p align=\"justify\">&#160;<\/p>\n<p>Diese Woche:    <br \/><strike>&#8211; Montag: Sauber machen, Jana zu Dunse, Lena zum Kiga, Einkaufen etc.      <br \/>&#8211; Dienstag:Kinderdoc<\/strike>     <br \/><strike>&#8211; Mittwoch: Putzen, Max, Einkaufen<\/strike>     <br \/><strike>&#8211; Donnerstag: Valeska, Melanie und Ebba + Jack, mit Wolfgang und R\u00fcdiger Schnitzelessen im Pumpwerk<\/strike>    <br \/><strike>&#8211; Freitag: Arbeiten     <br \/><\/strike>&#8211; Samstag: Putzen, Arbeiten    <br \/>&#8211; Sonntag: Melanie?<\/p>\n<p>&#160;<\/p>\n<p align=\"center\"><a href=\"http:\/\/www.anthealein.de\/wp-content\/uploads\/2010\/09\/10092010.jpg\"><img loading=\"lazy\" decoding=\"async\" style=\"border-bottom: 0px; border-left: 0px; display: inline; border-top: 0px; border-right: 0px\" title=\"10092010\" border=\"0\" alt=\"10092010\" src=\"http:\/\/www.anthealein.de\/wp-content\/uploads\/2010\/09\/10092010_thumb.jpg\" width=\"504\" height=\"504\" \/><\/a><\/p>\n","protected":false},"excerpt":{"rendered":"<p>Arbeiten ist doch was Sch\u00f6nes. Wir haben immer noch keine Ahnung, wie genau es mit dem Umbau w\u00e4hrend der absoluten Schlie\u00dfungszeit laufen soll. Ca. 1\/3tel des Bestandes m\u00fcssen wir ja vor\u00fcbergehend im Lesesaal unterbringen und unsere Bibls machen daf\u00fcr schon flei\u00dfig Ordnung und w\u00e4hlen z.T. schon aus. Aber: wir wissen dennoch nicht, wie es dann [&hellip;]<\/p>\n","protected":false},"author":1,"featured_media":0,"comment_status":"open","ping_status":"open","sticky":false,"template":"","format":"standard","meta":{"footnotes":""},"categories":[3],"tags":[],"class_list":["post-2534","post","type-post","status-publish","format-standard","hentry","category-alles-mogliche"],"_links":{"self":[{"href":"http:\/\/www.anthealein.de\/index.php?rest_route=\/wp\/v2\/posts\/2534","targetHints":{"allow":["GET"]}}],"collection":[{"href":"http:\/\/www.anthealein.de\/index.php?rest_route=\/wp\/v2\/posts"}],"about":[{"href":"http:\/\/www.anthealein.de\/index.php?rest_route=\/wp\/v2\/types\/post"}],"author":[{"embeddable":true,"href":"http:\/\/www.anthealein.de\/index.php?rest_route=\/wp\/v2\/users\/1"}],"replies":[{"embeddable":true,"href":"http:\/\/www.anthealein.de\/index.php?rest_route=%2Fwp%2Fv2%2Fcomments&post=2534"}],"version-history":[{"count":0,"href":"http:\/\/www.anthealein.de\/index.php?rest_route=\/wp\/v2\/posts\/2534\/revisions"}],"wp:attachment":[{"href":"http:\/\/www.anthealein.de\/index.php?rest_route=%2Fwp%2Fv2%2Fmedia&parent=2534"}],"wp:term":[{"taxonomy":"category","embeddable":true,"href":"http:\/\/www.anthealein.de\/index.php?rest_route=%2Fwp%2Fv2%2Fcategories&post=2534"},{"taxonomy":"post_tag","embeddable":true,"href":"http:\/\/www.anthealein.de\/index.php?rest_route=%2Fwp%2Fv2%2Ftags&post=2534"}],"curies":[{"name":"wp","href":"https:\/\/api.w.org\/{rel}","templated":true}]}}