{"id":2527,"date":"2010-09-08T20:48:17","date_gmt":"2010-09-08T19:48:17","guid":{"rendered":"http:\/\/www.anthealein.de\/?p=2527"},"modified":"2010-09-08T20:48:17","modified_gmt":"2010-09-08T19:48:17","slug":"das-wird-schwer-werden","status":"publish","type":"post","link":"http:\/\/www.anthealein.de\/?p=2527","title":{"rendered":"&ldquo;Das wird schwer werden,"},"content":{"rendered":"<p align=\"justify\">wenn ich nach Lena noch andere Tageskinder annehme, die m\u00fcssen sich ja alle an ihr messen.\u201d bemerkte Susanne heute. Ein sch\u00f6neres Kompliment kann sie meiner kleinen Zicke (Susanne meint, sie wei\u00df halt was sie will und findet das toll :shock_tb: ) eigentlich kaum machen *g*. <\/p>\n<p align=\"justify\">Jana informierte mich gleich bei meinem Kontrollanruf um kurz nach 13 Uhr, das Max heute kommen w\u00fcrde. Ich \u2013 ganz schlau \u2013 hab mir gedacht, das es morgen mit meinem Keksbackwunsch (Cookies *schw\u00e4rm*)&#160; evtl. ein wenig eng werden k\u00f6nnte mit dem putzen bevor der Besuch kommt. Zumal ich morgen ja auch noch vorkochen muss, da ich um 18.30 Uhr mit R\u00fcdiger und Wolfgang verabredet bin und meine Familie ja auch was essen muss. Also: heute geputzt. Leider nicht schnell genug, so das Max durch meinen frisch gewischten Flur rannte. Lena sabberte meinen Boden auch noch eben ein wenig voll und Jana musste mit Max unbedingt Schule spielen und den Schwamm gut nass gemacht auch tropfend durch die Wohnung schleppen *grummel*. Demn\u00e4chst putz ich nachts und sperr die Katze im Klo ein, dann bleibt die Wohnung wenigstens 5 Stunden sauber *lach*. <\/p>\n<p align=\"justify\">Kurz bevor Chris kommen sollte, hab ich mich dann vor Lachen in die Ecke geschmissen, obwohl ich am liebsten schon mal die Schl\u00f6sser an der T\u00fcr angebracht h\u00e4tte. Ich Lena am wickeln, kommen Max und Jana ins Zimmer. Schauen kurz und gehen dann raus. Kurz vor der T\u00fcr legt Max Jana den Arm um die Schultern und sie greift seine Hand auf ihrer Schulter. <\/p>\n<p>Er: \u201cWieso nimmst du immer meine Hand?\u201d   <br \/>Sie: \u201cKeine Ahnung\u201d *flirtendgiggel*    <\/p>\n<p>Und nach kurzer Pause:    <br \/>Sie: \u201cAber nicht, was DU jetzt denkst!\u201d<\/p>\n<p align=\"justify\">Hallooooooooooooooooooo? Kinder, kommt in 8 Jahren fr\u00fchestens bitte damit an! :shock_tb:<\/p>\n<p align=\"justify\">&#160;<\/p>\n<p align=\"justify\">Ich hab Max dann um kurz nach 18 Uhr vor die T\u00fcr gesetzt, als Chris kam und Jana war t\u00f6dlich beleidigt weil Anne l\u00e4nger bleiben darf. Jahaaaaaaaa, Anne muss auch abgeholt werden und ihr Paps kann manchmal halt erst sp\u00e4ter. Au\u00dferdem musste ich ja noch einkaufen und Chris alleine mit den Zwergen klar kommen. Als ich dann wieder da war, machte Chris Lena fertig. Da sie momentan extrem zahnt und deshalb aussieht als h\u00e4tte ich sie nackig in die Brennnesseln gesetzt, bedeutet das momentan: Kind waschen, mit Kaliumpermanganatl\u00f6sung einschmieren und das ganze an der Luft trocknen lassen, bevor eine Heilsalbe d\u00fcnn drauf darf. Die Trockenzeit verbrachte Chris im Gespr\u00e4ch mit ihr:<\/p>\n<p align=\"justify\">Er: \u201cUnd was hast du noch in deinem Bett? Eine Ente? Wie macht die Ente?\u201d   <br \/>Sie: \u201cQuak, quak\u201d    <br \/>etc., etc.<\/p>\n<p align=\"justify\">Und da ich gerade drau\u00dfen auf dem Balkon am Fenster vorbei lief, irgendwann dann auch:<\/p>\n<p>Er: \u201cUnd wie macht Mama?\u201d   <br \/>Sie: \u201cDu, du, du!\u201d<\/p>\n<p>&#160;<\/p>\n<p>Diese Woche:    <br \/><strike>&#8211; Montag: Sauber machen, Jana zu Dunse, Lena zum Kiga, Einkaufen etc.      <br \/>&#8211; Dienstag:Kinderdoc<\/strike>     <br \/><strike>&#8211; Mittwoch: Putzen, Max, Einkaufen<\/strike>    <br \/>&#8211; Donnerstag: Valeska, Melanie und Ebba + Jack, mit Wolfgang und R\u00fcdiger Schnitzelessen im Pumpwerk<\/p>\n<p>&#160;<\/p>\n<p align=\"center\"><a href=\"http:\/\/www.anthealein.de\/wp-content\/uploads\/2010\/09\/08092010.jpg\"><img loading=\"lazy\" decoding=\"async\" style=\"border-bottom: 0px; border-left: 0px; display: inline; border-top: 0px; border-right: 0px\" title=\"08092010\" border=\"0\" alt=\"08092010\" src=\"http:\/\/www.anthealein.de\/wp-content\/uploads\/2010\/09\/08092010_thumb.jpg\" width=\"404\" height=\"504\" \/><\/a><\/p>\n<p align=\"center\">&#160;<\/p>\n<p align=\"center\"><a href=\"http:\/\/www.anthealein.de\/wp-content\/uploads\/2010\/09\/08092010II.jpg\"><img loading=\"lazy\" decoding=\"async\" style=\"border-bottom: 0px; border-left: 0px; display: inline; border-top: 0px; border-right: 0px\" title=\"08092010II\" border=\"0\" alt=\"08092010II\" src=\"http:\/\/www.anthealein.de\/wp-content\/uploads\/2010\/09\/08092010II_thumb.jpg\" width=\"404\" height=\"504\" \/><\/a><\/p>\n<p align=\"center\">&#160;<\/p>\n<p align=\"center\"><a href=\"http:\/\/www.anthealein.de\/wp-content\/uploads\/2010\/09\/08092010III.jpg\"><img loading=\"lazy\" decoding=\"async\" style=\"border-bottom: 0px; border-left: 0px; display: inline; border-top: 0px; border-right: 0px\" title=\"08092010III\" border=\"0\" alt=\"08092010III\" src=\"http:\/\/www.anthealein.de\/wp-content\/uploads\/2010\/09\/08092010III_thumb.jpg\" width=\"404\" height=\"504\" \/><\/a><\/p>\n","protected":false},"excerpt":{"rendered":"<p>wenn ich nach Lena noch andere Tageskinder annehme, die m\u00fcssen sich ja alle an ihr messen.\u201d bemerkte Susanne heute. Ein sch\u00f6neres Kompliment kann sie meiner kleinen Zicke (Susanne meint, sie wei\u00df halt was sie will und findet das toll :shock_tb: ) eigentlich kaum machen *g*. Jana informierte mich gleich bei meinem Kontrollanruf um kurz nach [&hellip;]<\/p>\n","protected":false},"author":1,"featured_media":0,"comment_status":"open","ping_status":"open","sticky":false,"template":"","format":"standard","meta":{"footnotes":""},"categories":[3],"tags":[],"class_list":["post-2527","post","type-post","status-publish","format-standard","hentry","category-alles-mogliche"],"_links":{"self":[{"href":"http:\/\/www.anthealein.de\/index.php?rest_route=\/wp\/v2\/posts\/2527","targetHints":{"allow":["GET"]}}],"collection":[{"href":"http:\/\/www.anthealein.de\/index.php?rest_route=\/wp\/v2\/posts"}],"about":[{"href":"http:\/\/www.anthealein.de\/index.php?rest_route=\/wp\/v2\/types\/post"}],"author":[{"embeddable":true,"href":"http:\/\/www.anthealein.de\/index.php?rest_route=\/wp\/v2\/users\/1"}],"replies":[{"embeddable":true,"href":"http:\/\/www.anthealein.de\/index.php?rest_route=%2Fwp%2Fv2%2Fcomments&post=2527"}],"version-history":[{"count":0,"href":"http:\/\/www.anthealein.de\/index.php?rest_route=\/wp\/v2\/posts\/2527\/revisions"}],"wp:attachment":[{"href":"http:\/\/www.anthealein.de\/index.php?rest_route=%2Fwp%2Fv2%2Fmedia&parent=2527"}],"wp:term":[{"taxonomy":"category","embeddable":true,"href":"http:\/\/www.anthealein.de\/index.php?rest_route=%2Fwp%2Fv2%2Fcategories&post=2527"},{"taxonomy":"post_tag","embeddable":true,"href":"http:\/\/www.anthealein.de\/index.php?rest_route=%2Fwp%2Fv2%2Ftags&post=2527"}],"curies":[{"name":"wp","href":"https:\/\/api.w.org\/{rel}","templated":true}]}}