{"id":2513,"date":"2010-09-06T20:35:55","date_gmt":"2010-09-06T19:35:55","guid":{"rendered":"http:\/\/www.anthealein.de\/?p=2513"},"modified":"2010-09-06T20:36:27","modified_gmt":"2010-09-06T19:36:27","slug":"ich-rabenmutter-ich-g","status":"publish","type":"post","link":"http:\/\/www.anthealein.de\/?p=2513","title":{"rendered":"Ich Rabenmutter, ich *g*"},"content":{"rendered":"<p align=\"justify\">Heute morgen gab es hier das \u00fcbliche Programm, Jana kam mittags total begeistert nach Hause. Sie laufen jetzt mit 5 Kindern Richtung Heimat (der letzte verabschiedet sich hier an der Ecke) und vor allem l\u00e4uft sie jetzt mit ihrem alten \u201cSchwarm\u201d <a href=\"http:\/\/www.anthealein.de\/?p=536\" target=\"_blank\">Max<\/a>, der sie heute auch gleich gefragt hat, wann er denn mal wieder vorbei kommen d\u00fcrfe. <\/p>\n<p align=\"justify\">Um 15 Uhr hab ich die Zwerge hier dann eingesammelt und los ging es: Jana zur Tanzschule gebracht und dann direkt wieder zur\u00fcck. Mit Lena rein in den Kiga, Gisela begr\u00fc\u00dft und die 2 anderen M\u00fctter die auch schon da waren mit ihren Kindern. Und da ich ja eine Rabenmutter bin (jedenfalls den Blicken der anderen M\u00fcttern nach *g*), hab ich 5 Minuten sp\u00e4ter schon Lena gefragt, ob sie mich rauswirft. Wurde von Lena zur T\u00fcr gebracht um dort raus geschubst zu werden und bin nach oben abgedampft \ud83d\ude00 . <\/p>\n<p align=\"justify\">Nach einer kurzen Pause ging es f\u00fcr mich dann gleich weiter und ich bin einkaufen gefahren und hab dabei dann auch meine gute Tat des Tages hinter mich gebracht. Hinter mir an der Kasse stand ein kleiner Junge in Janas Alter mit 2 Euro in der Hand. Suchte sich S\u00fc\u00dfigkeiten aus und nachdem ich abkassiert war, blieb ich noch stehen weil mir schwante, das er ein wenig dar\u00fcber kommen w\u00fcrde mit seinen Sachen. Der Kassiererin schwante das auch, sie fragte ihn auch gleich wie viel Geld er denn h\u00e4tte und gab dann die Endsumme von 2,17 Euro bekannt mit dem Kommentar, das er leider was zur\u00fcckgeben m\u00fcsse. Ich hab dem Kurzen dann mal eben 20 Cent in die Hand gedr\u00fcckt \ud83d\ude09 . Jana abgeholt und eben auch im Kiga abgesetzt (sie liebt den Schnuppergarten) und wieder nach oben, schon mal mit dem Kochen begonnen. <\/p>\n<p align=\"justify\">17.20 Uhr bin ich dann wieder nach unten (diesmal drau\u00dfen) und da bekam ich gleich meine 2. Lektion in Sachen Rabenmutter *g* . Wir waren so am quatschen und ich erz\u00e4hlte scherzhaft nebenher, das man Lena mit Essen gut ablenken kann (heute z.B. aus dem Mittagsschlaf geholt mit einem lauten \u201cSchokolade\u201d-Ruf *g*). Schweeeeeeeeeeeeeeeeerer Fehler. Wurde lautstark und vehement kritisiert. Wohlgemerkt von der Mutter, die sich regelm\u00e4\u00dfig und immer wieder auf Gr\u00f6\u00dfe 34 runter hungert, sich allgemein sehr \u00fcber ihren K\u00f6rper definiert und f\u00fcr die Schokolade essen ein Verbrechen ist. Gisela sprang mir auch gleich bei und bemerkte, das Lena ja gar nicht so viel gegessen h\u00e4tte in der Pause im Kiga. N\u00f6, VIEL essen tut Lena so eigentlich auch nicht und die letzten 3-4 Monate hat sie \u2013 dank der Mehrbewegung &#8211; nicht ein Gramm zugenommen, aber mit Essen kann man sie halt locken oder notfalls auch mal ablenken. Sooooooooooo schlimm find ich das eigentlich nicht, ist mir allemal lieber als mein \u201cich-esse-nur-30-Lebensmittel\u201d-Kind.<\/p>\n<p align=\"justify\">&#160;<\/p>\n<p align=\"left\">Diese Woche:   <br \/>&#8211; Montag: Sauber machen, Jana zu Dunse, Lena zum Kiga, Einkaufen etc.    <br \/>&#8211; Dienstag: Mal sehen \ud83d\ude42    <br \/>&#8211; Mittwoch: Mal sehen \ud83d\ude42    <br \/>&#8211; Donnerstag: Melanie und Ebba, mit Wolfgang, R\u00fcdiger und evtl. Bine Schnitzelessen im Pumpwerk<\/p>\n<p align=\"left\">&#160;<\/p>\n<p align=\"center\">Ein Foto aus der Reihe: unm\u00f6gliche Schlafpositionen *lach*   <br \/><a href=\"http:\/\/www.anthealein.de\/wp-content\/uploads\/2010\/09\/06092010.jpg\"><img loading=\"lazy\" decoding=\"async\" style=\"border-bottom: 0px; border-left: 0px; display: inline; border-top: 0px; border-right: 0px\" title=\"06092010\" border=\"0\" alt=\"06092010\" src=\"http:\/\/www.anthealein.de\/wp-content\/uploads\/2010\/09\/06092010_thumb.jpg\" width=\"504\" height=\"404\" \/><\/a><\/p>\n<p align=\"center\">&#160;<\/p>\n<p align=\"center\"><a href=\"http:\/\/www.anthealein.de\/wp-content\/uploads\/2010\/09\/06092010II.jpg\"><img loading=\"lazy\" decoding=\"async\" style=\"border-bottom: 0px; border-left: 0px; display: inline; border-top: 0px; border-right: 0px\" title=\"06092010II\" border=\"0\" alt=\"06092010II\" src=\"http:\/\/www.anthealein.de\/wp-content\/uploads\/2010\/09\/06092010II_thumb.jpg\" width=\"504\" height=\"504\" \/><\/a><\/p>\n<p align=\"center\">&#160;<\/p>\n<p align=\"center\"><a href=\"http:\/\/www.anthealein.de\/wp-content\/uploads\/2010\/09\/06092010III.jpg\"><img loading=\"lazy\" decoding=\"async\" style=\"border-bottom: 0px; border-left: 0px; display: inline; border-top: 0px; border-right: 0px\" title=\"06092010III\" border=\"0\" alt=\"06092010III\" src=\"http:\/\/www.anthealein.de\/wp-content\/uploads\/2010\/09\/06092010III_thumb.jpg\" width=\"504\" height=\"504\" \/><\/a><\/p>\n","protected":false},"excerpt":{"rendered":"<p>Heute morgen gab es hier das \u00fcbliche Programm, Jana kam mittags total begeistert nach Hause. Sie laufen jetzt mit 5 Kindern Richtung Heimat (der letzte verabschiedet sich hier an der Ecke) und vor allem l\u00e4uft sie jetzt mit ihrem alten \u201cSchwarm\u201d Max, der sie heute auch gleich gefragt hat, wann er denn mal wieder vorbei [&hellip;]<\/p>\n","protected":false},"author":1,"featured_media":0,"comment_status":"open","ping_status":"open","sticky":false,"template":"","format":"standard","meta":{"footnotes":""},"categories":[3],"tags":[],"class_list":["post-2513","post","type-post","status-publish","format-standard","hentry","category-alles-mogliche"],"_links":{"self":[{"href":"http:\/\/www.anthealein.de\/index.php?rest_route=\/wp\/v2\/posts\/2513","targetHints":{"allow":["GET"]}}],"collection":[{"href":"http:\/\/www.anthealein.de\/index.php?rest_route=\/wp\/v2\/posts"}],"about":[{"href":"http:\/\/www.anthealein.de\/index.php?rest_route=\/wp\/v2\/types\/post"}],"author":[{"embeddable":true,"href":"http:\/\/www.anthealein.de\/index.php?rest_route=\/wp\/v2\/users\/1"}],"replies":[{"embeddable":true,"href":"http:\/\/www.anthealein.de\/index.php?rest_route=%2Fwp%2Fv2%2Fcomments&post=2513"}],"version-history":[{"count":1,"href":"http:\/\/www.anthealein.de\/index.php?rest_route=\/wp\/v2\/posts\/2513\/revisions"}],"predecessor-version":[{"id":2514,"href":"http:\/\/www.anthealein.de\/index.php?rest_route=\/wp\/v2\/posts\/2513\/revisions\/2514"}],"wp:attachment":[{"href":"http:\/\/www.anthealein.de\/index.php?rest_route=%2Fwp%2Fv2%2Fmedia&parent=2513"}],"wp:term":[{"taxonomy":"category","embeddable":true,"href":"http:\/\/www.anthealein.de\/index.php?rest_route=%2Fwp%2Fv2%2Fcategories&post=2513"},{"taxonomy":"post_tag","embeddable":true,"href":"http:\/\/www.anthealein.de\/index.php?rest_route=%2Fwp%2Fv2%2Ftags&post=2513"}],"curies":[{"name":"wp","href":"https:\/\/api.w.org\/{rel}","templated":true}]}}