{"id":2493,"date":"2010-09-03T20:46:26","date_gmt":"2010-09-03T19:46:26","guid":{"rendered":"http:\/\/www.anthealein.de\/?p=2493"},"modified":"2010-09-03T20:46:44","modified_gmt":"2010-09-03T19:46:44","slug":"ghn-2","status":"publish","type":"post","link":"http:\/\/www.anthealein.de\/?p=2493","title":{"rendered":"G&auml;&auml;&auml;&auml;&auml;&auml;&auml;&auml;&auml;&auml;hn&hellip;"},"content":{"rendered":"<p align=\"justify\">Der Tag war \u2013 wie immer Freitags \u2013 mal wieder anstrengend. Im Mubue-B\u00fcro hab ich heute nicht sehr viel geschafft, weil: wir haben heute mit meiner Einarbeitung in der Fernleihe angefangen. Wenn ich heute im Schlaf also 731 (unser Sigel), 14 (Unibibliothek Dresden), Stempel (wer auch immer den Universit\u00e4tsbibliothek-Stempel erfunden hat: ich liebe ihn!), Eingang, Ausgang, A-Nr. etc. vor mich hin murmel, dann liegt das eindeutig an meinem Arbeitstag *g* . Macht echt und wirklich Spa\u00df der Kram. <\/p>\n<p align=\"justify\">Der \u201cElternabend\u201d wurde nur im wirklich kleinen Kreis abgehalten. Sprich: die Schnuppergarten\u201dleiterin\u201d und au\u00dfer mir 2 M\u00fcttern. Und Montag geht es dann also los, erst mal auch nur im kleinen Kreis von ca. 4 Kindern. Mit Susanne muss ich dann nur noch den Freitag besprechen. Wenn sie so lieb w\u00e4re Lena zum Schnuppergarten zu bringen, w\u00e4re Gisela so nett und w\u00fcrde die halbe Stunde zwischen Ende des Schnuppergartens und unserem Feierabend \u00fcberbr\u00fccken. Schauen wir mal \ud83d\ude42<\/p>\n<p>Diese Woche:    <br \/><strike>&#8211; Mittwoch: Arbeiten, Lena holen, Stadt<\/strike>     <br \/><strike>&#8211; Donnerstag: Arbeiten, Lena holen, Anne, Melanie und Ebba<\/strike>     <br \/><strike>&#8211; Freitag: Arbeiten, Lena holen, Elternabend im Kiga (Schnuppergarten)     <br \/><\/strike>&#8211; Samstag: Arbeiten<\/p>\n<p>&#160;<\/p>\n<p align=\"center\"><a href=\"http:\/\/www.anthealein.de\/wp-content\/uploads\/2010\/09\/03092010.jpg\"><img loading=\"lazy\" decoding=\"async\" style=\"border-bottom: 0px; border-left: 0px; display: inline; border-top: 0px; border-right: 0px\" title=\"03092010\" border=\"0\" alt=\"03092010\" src=\"http:\/\/www.anthealein.de\/wp-content\/uploads\/2010\/09\/03092010_thumb.jpg\" width=\"504\" height=\"504\" \/><\/a><\/p>\n","protected":false},"excerpt":{"rendered":"<p>Der Tag war \u2013 wie immer Freitags \u2013 mal wieder anstrengend. Im Mubue-B\u00fcro hab ich heute nicht sehr viel geschafft, weil: wir haben heute mit meiner Einarbeitung in der Fernleihe angefangen. Wenn ich heute im Schlaf also 731 (unser Sigel), 14 (Unibibliothek Dresden), Stempel (wer auch immer den Universit\u00e4tsbibliothek-Stempel erfunden hat: ich liebe ihn!), Eingang, [&hellip;]<\/p>\n","protected":false},"author":1,"featured_media":0,"comment_status":"open","ping_status":"open","sticky":false,"template":"","format":"standard","meta":{"footnotes":""},"categories":[3],"tags":[],"class_list":["post-2493","post","type-post","status-publish","format-standard","hentry","category-alles-mogliche"],"_links":{"self":[{"href":"http:\/\/www.anthealein.de\/index.php?rest_route=\/wp\/v2\/posts\/2493","targetHints":{"allow":["GET"]}}],"collection":[{"href":"http:\/\/www.anthealein.de\/index.php?rest_route=\/wp\/v2\/posts"}],"about":[{"href":"http:\/\/www.anthealein.de\/index.php?rest_route=\/wp\/v2\/types\/post"}],"author":[{"embeddable":true,"href":"http:\/\/www.anthealein.de\/index.php?rest_route=\/wp\/v2\/users\/1"}],"replies":[{"embeddable":true,"href":"http:\/\/www.anthealein.de\/index.php?rest_route=%2Fwp%2Fv2%2Fcomments&post=2493"}],"version-history":[{"count":1,"href":"http:\/\/www.anthealein.de\/index.php?rest_route=\/wp\/v2\/posts\/2493\/revisions"}],"predecessor-version":[{"id":2494,"href":"http:\/\/www.anthealein.de\/index.php?rest_route=\/wp\/v2\/posts\/2493\/revisions\/2494"}],"wp:attachment":[{"href":"http:\/\/www.anthealein.de\/index.php?rest_route=%2Fwp%2Fv2%2Fmedia&parent=2493"}],"wp:term":[{"taxonomy":"category","embeddable":true,"href":"http:\/\/www.anthealein.de\/index.php?rest_route=%2Fwp%2Fv2%2Fcategories&post=2493"},{"taxonomy":"post_tag","embeddable":true,"href":"http:\/\/www.anthealein.de\/index.php?rest_route=%2Fwp%2Fv2%2Ftags&post=2493"}],"curies":[{"name":"wp","href":"https:\/\/api.w.org\/{rel}","templated":true}]}}