{"id":2490,"date":"2010-09-02T20:53:41","date_gmt":"2010-09-02T19:53:41","guid":{"rendered":"http:\/\/www.anthealein.de\/?p=2490"},"modified":"2010-09-02T20:53:41","modified_gmt":"2010-09-02T19:53:41","slug":"170-art-ii-stpo","status":"publish","type":"post","link":"http:\/\/www.anthealein.de\/?p=2490","title":{"rendered":"&sect; 170, Art. II StPO"},"content":{"rendered":"<p align=\"justify\">Bisher kannte ich ihn nicht, jetzt kenne ich ihn. Heute kam Post: das Verfahren gegen mich wurde eingestellt nach s.o.. Der Polizist warnte mich ja aber vor, es k\u00f6nnen noch mehr Sachen auf meinen Namen bestellt worden sein, evtl. kommt also irgendwann noch was nach. <\/p>\n<p align=\"justify\">Ansonsten beginnt hier ab Montag f\u00fcr Lena der \u201cErnst des Lebens\u201d *g*. Schnupperkindergarten beginnt. F\u00fcr mich hei\u00dft das Stress pur. 15.10 Uhr losfahren, Jana zum Tanzen bringen. 15.30 Uhr muss Lena wieder hier sein f\u00fcr den Schnuppergarten und um 16.30 Uhr ist Jana fertig und will abgeholt werden. Um 17 Uhr ist dann der Schnuppergarten zu Ende und Lena will unten im Kiga abgeholt werden. 1,5 Stunden also praktisch nur Gefahre f\u00fcr mich. <\/p>\n<p align=\"justify\">Heute Mittag durfte sich Jana den ersten R\u00fcffel des Tages von mir abholen. Um 13 Uhr nach meinem Feierabend probierte ich das erste Mal, sie zu Hause anzurufen. Ab zu Susanne, Lena und Anne abholen (womit Einkauf f\u00fcr mich auf sp\u00e4ter verlegt wurde). Immer wieder probiert: keine Jana. Als ich dann mit Lena und Anne hier eintraf um 13.20 Uhr, war Jana auch gerade mal 5 Minuten drin. Maria h\u00e4tte getr\u00f6delt und sie h\u00e4tte dann halt auf Maria gewartet *grummel*. Ich hab dann fix hier sauber gemacht und um 16 Uhr kamen Melanie und Ebba. Ging von der Lautst\u00e4rke her auch noch, auch wenn die beiden gro\u00dfen M\u00e4dels einen Gang zu legten. Um kurz nach 17 Uhr kam dann noch Jack dazu, 5 Kinder die unsere Wohnung also unsicher machten und die gro\u00dfen M\u00e4dels drehten so RICHTIG auf. Und ja, da wurde ich tats\u00e4chlich auch mal lauter und bestimmender und wurde von Melanie mit einem verdutzten \u201cIch dachte schon, du k\u00f6nntest das gar nicht. Das beruhigt mich jetzt.\u201d bedacht. ??? Ich??? Und nicht mal laut und bestimmend werden? Wirke ich tats\u00e4chlich so ausgeglichen? Findet meine Familie zum Gl\u00fcck gar nicht *lach*. <\/p>\n<p align=\"justify\">Um ca. 18.30 Uhr kam dann Susanne (Melanie + Anh\u00e4nge waren schon weg), um Anne abzuholen und wurde nat\u00fcrlich gleich von Lena in Beschlag genommen. Sie hat ja momentan einen Heidenspa\u00df mit Lena, wenn sie v\u00f6llig erstaunte Passanten und Mit-Tagesm\u00fctter dar\u00fcber aufkl\u00e4ren darf, das Lena noch KEINE 2 Jahre ist. Quatschen tut der Keks ja aber wie eine Gro\u00dfe. Von mir hat sie heute neu \u201cHey Yo\u201d dazu gelernt (fragt nicht :shock_tb: ).<\/p>\n<p align=\"justify\">Ach und v\u00f6llig konfus f\u00e4llt mir gerade ein (etwas wirr heute, gelle?) das DIESE Kinder eigentlich nicht meine sein k\u00f6nnen. Gestern bei Combi: Jana trinkt eine Capri-Sonne, dr\u00fcckt zu doll drauf und saut ihre Hose ein. Da Lena auch trinken wollte, reichte ich Jana nur die Taschent\u00fccher. Und pl\u00f6tzlich fand ich mein Kind auf dem Boden vor, mit den Taschent\u00fcchern versch\u00fcttete Capri-Sonne aufwischen (hatte ich vorher nicht gesehen, das sie nicht nur ihre Hose eingesaut hatte). Und heute dann beim Abendbrot \u2013 da ich erst sp\u00e4ter einkaufen konnte, gab es Fast Food \u2013 bestand Lena darauf, ihre Pizza mit auf den Boden zu Susanne zu nehmen. Gut und sch\u00f6n. Pizza fiel herunter, ich reichte ihr das 4. Taschentuch in Folge (eigentlich f\u00fcr ihre Finger) und sie? Wischte den Fu\u00dfboden sauber :shock_tb: .<\/p>\n<p align=\"justify\">HAAAAAAAAAAA! Und nu hab ich es endlich mal geschafft, fast alle diese \u201cdas musst du nachher bloggen\u201d-Episoden mal nicht zu vergessen, sondern aufzuschreiben. Das dieser Post sich deshalb ein wenig verwirrt liest, sei mir verziehen, ja?<\/p>\n<p>&#160;<\/p>\n<p>Diese Woche:    <br \/><strike>&#8211; Mittwoch: Arbeiten, Lena holen, Stadt<\/strike>    <br \/><strike>&#8211; Donnerstag: Arbeiten, Lena holen, Anne, Melanie und Ebba<\/strike>     <br \/>&#8211; Freitag: Arbeiten, Lena holen, Elternabend im Kiga (Schnuppergarten)<\/p>\n<p>&#160;<\/p>\n<p align=\"center\"><img loading=\"lazy\" decoding=\"async\" style=\"border-bottom: 0px; border-left: 0px; display: inline; border-top: 0px; border-right: 0px\" title=\"02092010\" border=\"0\" alt=\"02092010\" src=\"http:\/\/www.anthealein.de\/wp-content\/uploads\/2010\/09\/02092010_thumb.jpg\" width=\"404\" height=\"504\" \/><\/p>\n","protected":false},"excerpt":{"rendered":"<p>Bisher kannte ich ihn nicht, jetzt kenne ich ihn. Heute kam Post: das Verfahren gegen mich wurde eingestellt nach s.o.. Der Polizist warnte mich ja aber vor, es k\u00f6nnen noch mehr Sachen auf meinen Namen bestellt worden sein, evtl. kommt also irgendwann noch was nach. Ansonsten beginnt hier ab Montag f\u00fcr Lena der \u201cErnst des [&hellip;]<\/p>\n","protected":false},"author":1,"featured_media":0,"comment_status":"open","ping_status":"open","sticky":false,"template":"","format":"standard","meta":{"footnotes":""},"categories":[3],"tags":[],"class_list":["post-2490","post","type-post","status-publish","format-standard","hentry","category-alles-mogliche"],"_links":{"self":[{"href":"http:\/\/www.anthealein.de\/index.php?rest_route=\/wp\/v2\/posts\/2490","targetHints":{"allow":["GET"]}}],"collection":[{"href":"http:\/\/www.anthealein.de\/index.php?rest_route=\/wp\/v2\/posts"}],"about":[{"href":"http:\/\/www.anthealein.de\/index.php?rest_route=\/wp\/v2\/types\/post"}],"author":[{"embeddable":true,"href":"http:\/\/www.anthealein.de\/index.php?rest_route=\/wp\/v2\/users\/1"}],"replies":[{"embeddable":true,"href":"http:\/\/www.anthealein.de\/index.php?rest_route=%2Fwp%2Fv2%2Fcomments&post=2490"}],"version-history":[{"count":0,"href":"http:\/\/www.anthealein.de\/index.php?rest_route=\/wp\/v2\/posts\/2490\/revisions"}],"wp:attachment":[{"href":"http:\/\/www.anthealein.de\/index.php?rest_route=%2Fwp%2Fv2%2Fmedia&parent=2490"}],"wp:term":[{"taxonomy":"category","embeddable":true,"href":"http:\/\/www.anthealein.de\/index.php?rest_route=%2Fwp%2Fv2%2Fcategories&post=2490"},{"taxonomy":"post_tag","embeddable":true,"href":"http:\/\/www.anthealein.de\/index.php?rest_route=%2Fwp%2Fv2%2Ftags&post=2490"}],"curies":[{"name":"wp","href":"https:\/\/api.w.org\/{rel}","templated":true}]}}