{"id":2472,"date":"2010-08-26T20:36:24","date_gmt":"2010-08-26T19:36:24","guid":{"rendered":"http:\/\/www.anthealein.de\/?p=2472"},"modified":"2010-08-26T20:36:24","modified_gmt":"2010-08-26T19:36:24","slug":"beweisantretung-2","status":"publish","type":"post","link":"http:\/\/www.anthealein.de\/?p=2472","title":{"rendered":"Beweisantretung"},"content":{"rendered":"<p align=\"justify\">Sohooooooooooooo. Liebe Walli, ich hab heute mal Janas Kleiderschrank ausgemistet, weil es schon dringend n\u00f6tig war und ich letztes Mal Klagen geh\u00f6rt habe, das der so chaotisch aussehen w\u00fcrde (hatten wir so was \u00e4hnliches nicht schon mal?). Nun bekommst du Vorher-Nachher-Bilder und ich wette: in sp\u00e4testens 3 Wochen sieht der Schrank wieder genau so aus *lach*. <\/p>\n<p>&#160;<\/p>\n<p>N\u00e4chste Woche:    <br \/><strike>&#8211; Montag: Putzen (schnell, schnell), Jana holen, Dunse, schnell Einkaufen      <br \/>&#8211; Dienstag: Arzt, Krankmeldungen wegbringen, Einkauf<\/strike>&#160; <br \/><strike>&#8211; Mittwoch: Nix<\/strike>     <br \/><strike>&#8211; Donnerstag: Kleiderschrank ausmisten, Melanie und Ebba, R\u00fcdiger, Sabrina und Marcel     <br \/><\/strike>&#8211; Freitag: Oma, Opa, R\u00fcdiger<\/p>\n<p>&#160;<\/p>\n<p align=\"center\"><a href=\"http:\/\/www.anthealein.de\/wp-content\/uploads\/2010\/08\/26082010.jpg\"><img loading=\"lazy\" decoding=\"async\" style=\"border-bottom: 0px; border-left: 0px; display: inline; border-top: 0px; border-right: 0px\" title=\"26082010\" border=\"0\" alt=\"26082010\" src=\"http:\/\/www.anthealein.de\/wp-content\/uploads\/2010\/08\/26082010_thumb.jpg\" width=\"379\" height=\"504\" \/><\/a>    <br \/>Vorher<\/p>\n<p align=\"center\">&#160;<\/p>\n<p align=\"center\"><a href=\"http:\/\/www.anthealein.de\/wp-content\/uploads\/2010\/08\/26082010II.jpg\"><img loading=\"lazy\" decoding=\"async\" style=\"border-bottom: 0px; border-left: 0px; display: inline; border-top: 0px; border-right: 0px\" title=\"26082010II\" border=\"0\" alt=\"26082010II\" src=\"http:\/\/www.anthealein.de\/wp-content\/uploads\/2010\/08\/26082010II_thumb.jpg\" width=\"379\" height=\"504\" \/><\/a>    <br \/>Ebenfalls vorher, das Nachher-Foto ist verwackelt und wird morgen nachgereicht \ud83d\ude09<\/p>\n<p align=\"center\">&#160;<\/p>\n<p align=\"center\">Ach ja, genau das war der \u00e4hnliche Thread, Kind hat nichts zum Anziehen, gelle?<\/p>\n<p align=\"center\">&#160;<\/p>\n<p align=\"center\"><a href=\"http:\/\/www.anthealein.de\/wp-content\/uploads\/2010\/08\/26082010III.jpg\"><img loading=\"lazy\" decoding=\"async\" style=\"border-bottom: 0px; border-left: 0px; display: inline; border-top: 0px; border-right: 0px\" title=\"26082010III\" border=\"0\" alt=\"26082010III\" src=\"http:\/\/www.anthealein.de\/wp-content\/uploads\/2010\/08\/26082010III_thumb.jpg\" width=\"379\" height=\"504\" \/><\/a>    <br \/>Nachher \ud83d\ude42 Kategorisch ausgem\u00fcllt, auch wenn Zwerg bei jedem 2. Teil am jammern war, das es ihr doch noch passen w\u00fcrde. Klar, in 104 :piebts:<\/p>\n<p align=\"center\">&#160;<\/p>\n<p align=\"center\"><img loading=\"lazy\" decoding=\"async\" style=\"border-bottom: 0px; border-left: 0px; display: inline; border-top: 0px; border-right: 0px\" title=\"26082010IV\" border=\"0\" alt=\"26082010IV\" src=\"http:\/\/www.anthealein.de\/wp-content\/uploads\/2010\/08\/26082010IV_thumb.jpg\" width=\"504\" height=\"504\" \/>    <br \/>\u201cWir\u201d bekommen mal wieder oder immer noch einen Zahn *seufz*<\/p>\n","protected":false},"excerpt":{"rendered":"<p>Sohooooooooooooo. Liebe Walli, ich hab heute mal Janas Kleiderschrank ausgemistet, weil es schon dringend n\u00f6tig war und ich letztes Mal Klagen geh\u00f6rt habe, das der so chaotisch aussehen w\u00fcrde (hatten wir so was \u00e4hnliches nicht schon mal?). Nun bekommst du Vorher-Nachher-Bilder und ich wette: in sp\u00e4testens 3 Wochen sieht der Schrank wieder genau so aus [&hellip;]<\/p>\n","protected":false},"author":1,"featured_media":0,"comment_status":"open","ping_status":"open","sticky":false,"template":"","format":"standard","meta":{"footnotes":""},"categories":[3],"tags":[],"class_list":["post-2472","post","type-post","status-publish","format-standard","hentry","category-alles-mogliche"],"_links":{"self":[{"href":"http:\/\/www.anthealein.de\/index.php?rest_route=\/wp\/v2\/posts\/2472","targetHints":{"allow":["GET"]}}],"collection":[{"href":"http:\/\/www.anthealein.de\/index.php?rest_route=\/wp\/v2\/posts"}],"about":[{"href":"http:\/\/www.anthealein.de\/index.php?rest_route=\/wp\/v2\/types\/post"}],"author":[{"embeddable":true,"href":"http:\/\/www.anthealein.de\/index.php?rest_route=\/wp\/v2\/users\/1"}],"replies":[{"embeddable":true,"href":"http:\/\/www.anthealein.de\/index.php?rest_route=%2Fwp%2Fv2%2Fcomments&post=2472"}],"version-history":[{"count":0,"href":"http:\/\/www.anthealein.de\/index.php?rest_route=\/wp\/v2\/posts\/2472\/revisions"}],"wp:attachment":[{"href":"http:\/\/www.anthealein.de\/index.php?rest_route=%2Fwp%2Fv2%2Fmedia&parent=2472"}],"wp:term":[{"taxonomy":"category","embeddable":true,"href":"http:\/\/www.anthealein.de\/index.php?rest_route=%2Fwp%2Fv2%2Fcategories&post=2472"},{"taxonomy":"post_tag","embeddable":true,"href":"http:\/\/www.anthealein.de\/index.php?rest_route=%2Fwp%2Fv2%2Ftags&post=2472"}],"curies":[{"name":"wp","href":"https:\/\/api.w.org\/{rel}","templated":true}]}}