{"id":2464,"date":"2010-08-25T20:38:12","date_gmt":"2010-08-25T19:38:12","guid":{"rendered":"http:\/\/www.anthealein.de\/?p=2464"},"modified":"2010-08-25T20:38:12","modified_gmt":"2010-08-25T19:38:12","slug":"oooooooooh-schicke-augen","status":"publish","type":"post","link":"http:\/\/www.anthealein.de\/?p=2464","title":{"rendered":"&ldquo;Oooooooooh, schicke Augen!&rdquo;"},"content":{"rendered":"<p align=\"justify\">Gab Lena gerade von sich w\u00e4hrend sie versuchte, mir ebendiese Augen auszustechen und die Zeit zu vertr\u00f6deln (Schlaf? Brauch ich nicht!). Aber nu ist das Kind endlich im Bett. <\/p>\n<p align=\"justify\">Muttern hat heute \u2013 was sollte man auch anderes tun, wenn man nicht gro\u00dfartig raus darf, aber auch nicht liegen kann und Hunger hat ohne Ende \u2013 gekocht und gebacken. Heute Mittag gab es selbstgemachte Pizza, im Anschluss hab ich schon mal den Bohneneintopf gekocht f\u00fcr morgen (der schmeckt erst richtig gut am n\u00e4chsten Tag) und weil es so sch\u00f6n war, hab ich noch die Schokomasse f\u00fcr die Baileys-Pralinen schon mal fertig gekocht und in den K\u00fchlschrank verfrachtet und noch eine Reihe Choco Crossies produziert.<\/p>\n<p>&#160;<\/p>\n<p>N\u00e4chste Woche:    <br \/><strike>&#8211; Montag: Putzen (schnell, schnell), Jana holen, Dunse, schnell Einkaufen      <br \/>&#8211; Dienstag: Arzt, Krankmeldungen wegbringen, Einkauf<\/strike>&#160; <br \/><strike>&#8211; Mittwoch: Nix<\/strike>    <br \/>&#8211; Donnerstag: Melanie und Ebba???<\/p>\n<p>&#160;<\/p>\n<p align=\"center\"><a href=\"http:\/\/www.anthealein.de\/wp-content\/uploads\/2010\/08\/25082010.jpg\"><img loading=\"lazy\" decoding=\"async\" style=\"border-bottom: 0px; border-left: 0px; display: inline; border-top: 0px; border-right: 0px\" title=\"25082010\" border=\"0\" alt=\"25082010\" src=\"http:\/\/www.anthealein.de\/wp-content\/uploads\/2010\/08\/25082010_thumb.jpg\" width=\"504\" height=\"504\" \/><\/a><\/p>\n<p align=\"center\">&#160;<\/p>\n<p align=\"center\"><a href=\"http:\/\/www.anthealein.de\/wp-content\/uploads\/2010\/08\/25082010II.jpg\"><img loading=\"lazy\" decoding=\"async\" style=\"border-bottom: 0px; border-left: 0px; display: inline; border-top: 0px; border-right: 0px\" title=\"25082010II\" border=\"0\" alt=\"25082010II\" src=\"http:\/\/www.anthealein.de\/wp-content\/uploads\/2010\/08\/25082010II_thumb.jpg\" width=\"504\" height=\"504\" \/><\/a>    <br \/>Janas Mimose<\/p>\n","protected":false},"excerpt":{"rendered":"<p>Gab Lena gerade von sich w\u00e4hrend sie versuchte, mir ebendiese Augen auszustechen und die Zeit zu vertr\u00f6deln (Schlaf? Brauch ich nicht!). Aber nu ist das Kind endlich im Bett. Muttern hat heute \u2013 was sollte man auch anderes tun, wenn man nicht gro\u00dfartig raus darf, aber auch nicht liegen kann und Hunger hat ohne Ende [&hellip;]<\/p>\n","protected":false},"author":1,"featured_media":0,"comment_status":"open","ping_status":"open","sticky":false,"template":"","format":"standard","meta":{"footnotes":""},"categories":[3],"tags":[],"class_list":["post-2464","post","type-post","status-publish","format-standard","hentry","category-alles-mogliche"],"_links":{"self":[{"href":"http:\/\/www.anthealein.de\/index.php?rest_route=\/wp\/v2\/posts\/2464","targetHints":{"allow":["GET"]}}],"collection":[{"href":"http:\/\/www.anthealein.de\/index.php?rest_route=\/wp\/v2\/posts"}],"about":[{"href":"http:\/\/www.anthealein.de\/index.php?rest_route=\/wp\/v2\/types\/post"}],"author":[{"embeddable":true,"href":"http:\/\/www.anthealein.de\/index.php?rest_route=\/wp\/v2\/users\/1"}],"replies":[{"embeddable":true,"href":"http:\/\/www.anthealein.de\/index.php?rest_route=%2Fwp%2Fv2%2Fcomments&post=2464"}],"version-history":[{"count":0,"href":"http:\/\/www.anthealein.de\/index.php?rest_route=\/wp\/v2\/posts\/2464\/revisions"}],"wp:attachment":[{"href":"http:\/\/www.anthealein.de\/index.php?rest_route=%2Fwp%2Fv2%2Fmedia&parent=2464"}],"wp:term":[{"taxonomy":"category","embeddable":true,"href":"http:\/\/www.anthealein.de\/index.php?rest_route=%2Fwp%2Fv2%2Fcategories&post=2464"},{"taxonomy":"post_tag","embeddable":true,"href":"http:\/\/www.anthealein.de\/index.php?rest_route=%2Fwp%2Fv2%2Ftags&post=2464"}],"curies":[{"name":"wp","href":"https:\/\/api.w.org\/{rel}","templated":true}]}}