{"id":2440,"date":"2010-08-21T20:11:59","date_gmt":"2010-08-21T19:11:59","guid":{"rendered":"http:\/\/www.anthealein.de\/?p=2440"},"modified":"2010-08-21T20:11:59","modified_gmt":"2010-08-21T19:11:59","slug":"anke-ist-schuld","status":"publish","type":"post","link":"http:\/\/www.anthealein.de\/?p=2440","title":{"rendered":"Anke ist schuld"},"content":{"rendered":"<p>und weil sie einfach mal Schuld hat, hab ich seit gestern Abend eine Erk\u00e4ltung. Da kam der Kulturkarussell-Marathon heute nat\u00fcrlich wie gerufen *ironieoff*. Aber nu ist es \u00fcberstanden und ich werd es heute mal ruhig angehen lassen. Update hier machen und evtl. ein neues (oder altes) Outfit f\u00fcr den Blog suchen und die hoffentlich gleich fertige W\u00e4sche aufh\u00e4ngen. <\/p>\n<p>Diese Woche:    <br \/><strike>&#8211; Montag: Putzen *seufz*, mit Jana ein letztes Mal den Weg Schule \u2013 Arbeit \u00fcben, Einkaufen, mit den Zwergen zum Tanzen<\/strike>     <br \/><strike>&#8211; Dienstag: Arbeiten, Einkaufen, Conny + Kids&#160; <br \/>&#8211; Mittwoch: Arbeiten, Chaos-Trio vereint \ud83d\ude09<\/strike>     <br \/><strike>&#8211; Donnerstag: Polizei, Arbeiten      <br \/>&#8211; Freitag: Arbeiten<\/strike>     <br \/><strike>&#8211; Samstag: Ich arbeiten, der Rest Tanzen in Bonnhausen     <br \/><\/strike>&#8211; Sonntag: Flohmarkt? Keine Ahnung?<\/p>\n<p>&#160;<\/p>\n<p align=\"center\"><a href=\"http:\/\/www.anthealein.de\/wp-content\/uploads\/2010\/08\/21082010.jpg\"><img loading=\"lazy\" decoding=\"async\" style=\"border-bottom: 0px; border-left: 0px; display: inline; border-top: 0px; border-right: 0px\" title=\"21082010\" border=\"0\" alt=\"21082010\" src=\"http:\/\/www.anthealein.de\/wp-content\/uploads\/2010\/08\/21082010_thumb.jpg\" width=\"504\" height=\"504\" \/><\/a><\/p>\n<p align=\"center\">&#160;<\/p>\n<p align=\"center\"><a href=\"http:\/\/www.anthealein.de\/wp-content\/uploads\/2010\/08\/21082010II.jpg\"><img loading=\"lazy\" decoding=\"async\" style=\"border-bottom: 0px; border-left: 0px; display: inline; border-top: 0px; border-right: 0px\" title=\"21082010II\" border=\"0\" alt=\"21082010II\" src=\"http:\/\/www.anthealein.de\/wp-content\/uploads\/2010\/08\/21082010II_thumb.jpg\" width=\"504\" height=\"504\" \/><\/a><\/p>\n","protected":false},"excerpt":{"rendered":"<p>und weil sie einfach mal Schuld hat, hab ich seit gestern Abend eine Erk\u00e4ltung. Da kam der Kulturkarussell-Marathon heute nat\u00fcrlich wie gerufen *ironieoff*. Aber nu ist es \u00fcberstanden und ich werd es heute mal ruhig angehen lassen. Update hier machen und evtl. ein neues (oder altes) Outfit f\u00fcr den Blog suchen und die hoffentlich gleich [&hellip;]<\/p>\n","protected":false},"author":1,"featured_media":0,"comment_status":"open","ping_status":"open","sticky":false,"template":"","format":"standard","meta":{"footnotes":""},"categories":[3],"tags":[],"class_list":["post-2440","post","type-post","status-publish","format-standard","hentry","category-alles-mogliche"],"_links":{"self":[{"href":"http:\/\/www.anthealein.de\/index.php?rest_route=\/wp\/v2\/posts\/2440","targetHints":{"allow":["GET"]}}],"collection":[{"href":"http:\/\/www.anthealein.de\/index.php?rest_route=\/wp\/v2\/posts"}],"about":[{"href":"http:\/\/www.anthealein.de\/index.php?rest_route=\/wp\/v2\/types\/post"}],"author":[{"embeddable":true,"href":"http:\/\/www.anthealein.de\/index.php?rest_route=\/wp\/v2\/users\/1"}],"replies":[{"embeddable":true,"href":"http:\/\/www.anthealein.de\/index.php?rest_route=%2Fwp%2Fv2%2Fcomments&post=2440"}],"version-history":[{"count":0,"href":"http:\/\/www.anthealein.de\/index.php?rest_route=\/wp\/v2\/posts\/2440\/revisions"}],"wp:attachment":[{"href":"http:\/\/www.anthealein.de\/index.php?rest_route=%2Fwp%2Fv2%2Fmedia&parent=2440"}],"wp:term":[{"taxonomy":"category","embeddable":true,"href":"http:\/\/www.anthealein.de\/index.php?rest_route=%2Fwp%2Fv2%2Fcategories&post=2440"},{"taxonomy":"post_tag","embeddable":true,"href":"http:\/\/www.anthealein.de\/index.php?rest_route=%2Fwp%2Fv2%2Ftags&post=2440"}],"curies":[{"name":"wp","href":"https:\/\/api.w.org\/{rel}","templated":true}]}}