{"id":2423,"date":"2010-08-16T21:00:07","date_gmt":"2010-08-16T20:00:07","guid":{"rendered":"http:\/\/www.anthealein.de\/?p=2423"},"modified":"2010-08-16T21:00:07","modified_gmt":"2010-08-16T20:00:07","slug":"kinder-sind-was-feines","status":"publish","type":"post","link":"http:\/\/www.anthealein.de\/?p=2423","title":{"rendered":"Kinder sind was Feines,"},"content":{"rendered":"<p align=\"justify\">wenn sie schlafen *seufz*. Der Tag ging heute morgen schon gut los. Lena maulig ohne Ende (und ohne Grund au\u00dfer Z\u00e4hnen evtl.) und mit einem Talent daf\u00fcr gesegnet, \u00fcber meine frischgewischten B\u00f6den zu latschen, ihren Schnulli in meinem frisch geputzten Klo zu versenken und den frisch abgewischten Glastisch mit Apfelsaft schick zu machen. Von der Verzierung vom&#160; frisch sauber gemachten K\u00fcchenstuhl (von Papa *hehe*) mit Joghurt mal ganz zu schweigen *g*. Gegen 12 Uhr hatte ich dann genug, hab mir das Kind in den Buggy gepackt und bin eben in die Nordseepassage einkaufen gelaufen vor der Jana-Abholung. <\/p>\n<p align=\"justify\">Jana hatte ich gestern gesagt, das ich sie heute nicht abholen, sondern ihr einfach folgen w\u00fcrde ohne was zu sagen oder ihr zu Nahe zu kommen. Generalprobe sozusagen. Zwerg also nach Ende der Betreuung vom Schulhof runter und zielstrebig in Richtung B\u00fccherei ohne mich zu sehen (und in was f\u00fcr einem Tempo :shock_tb: ). Ampel Nr. 4, 2 Ampeln vor der B\u00fccherei: Kind dreht sich um, entdeckt mich, freut sich erst ne Runde um mich dann anzuheulen. Kasus Knacksus war: sie dachte, ich w\u00fcrde an der B\u00fccherei auf sie warten und hatte mir gestern nicht wirklich zugeh\u00f6rt *seufz*. Kind 1 also am bocken, Kind 2 daraufhin nat\u00fcrlich wieder wach, mittlerweile regnete es auch st\u00e4rker, also hab ich die Generalprobe abgebrochen und bin mit jaulend hinter mir her laufender Jana in Richtung Bus los. Ein Schulkind das uns entgegen kam, fragte was Jana denn h\u00e4tte. Ich ganz lieb: \u201cDie weint, weil sie sauer ist\u201d. Schulkind: \u201cAuf wen?\u201d. Ich: \u201cAuf mich *g*\u201d. Schulkind war beruhigt, Jana stellte die Sirene noch ein wenig lauter und irgendwann waren wir dann auch endlich, endlich zu Hause. <\/p>\n<p align=\"justify\">Nun w\u00e4ren Jana und Lena ja nicht Jana und Lena, wenn sie dort friedlich gewesen w\u00e4ren. Lena alle naselang am Bl\u00f6dsinn machen, Jana (im Mama-Vertretungs-Dauerbetrieb) die ganze Zeit mit Lena am keifen. Und n\u00f6, ich keife nicht so, das meint Jana nur *schmoll*. <\/p>\n<p align=\"justify\">Eine kurze Pause hatte ich eigentlich nur bei Dunse, auch wenn ich Lena die ganze Zeit hinterher rennen durfte. Jana am Tanzen, Lena s\u00e4mtliche M\u00fctter am begeistern (\u201cWIE alt ist die?\u201d), das war dann doch ganz erholsam. <\/p>\n<p align=\"justify\">Die Pause hielt ja aber leider nicht lange an und kaum waren wir wieder Daheim, fingen sie hier von vorne an. Wenn die Zwerge nicht beide abends so sch\u00f6n friedlich im Bett verschwinden w\u00fcrden, w\u00fcrde ich mir einen Strick nehmen glaube ich *g*. <\/p>\n<p align=\"justify\">Apropos Bett: Lenas Heia-Phobie wird immer schlimmer. Jana, Papa, Lena und Mama d\u00fcrfen Heia machen, aber wehe ich erw\u00e4hne das H-Wort in Zusammenhang mit Tina (Unsere Katze ist ja so schlau und schl\u00e4ft jetzt mit offenen Augen wenn Lena hier rum rennt. Ich wei\u00df nicht, wie oft ich sie jetzt schon wach gemacht habe, um zu sehen ob sie \u00fcberhaupt noch lebt). Und sobald im Fernsehen irgend jemand auch nur Anstalten macht, sich hinzulegen (gestern bei Sandmann z.B. ) ist hier Holland in Not :shock_tb: . Ich hoffe, DIE Phase gibt sich schnell wieder.&#160; <\/p>\n<p>Diese Woche:    <br \/><strike>&#8211; Montag: Putzen *seufz*, mit Jana ein letztes Mal den Weg Schule \u2013 Arbeit \u00fcben, Einkaufen, mit den Zwergen zum Tanzen<\/strike>     <br \/>&#8211; Dienstag: Arbeiten, Einkaufen    <br \/>&#8211; Mittwoch: Arbeiten, Bine!!!!    <br \/>&#8211; Donnerstag: Polizei, Arbeiten, mal sehen<\/p>\n<p>&#160;<\/p>\n<p align=\"center\"><a href=\"http:\/\/www.anthealein.de\/wp-content\/uploads\/2010\/08\/16082010.jpg\"><img loading=\"lazy\" decoding=\"async\" style=\"border-bottom: 0px; border-left: 0px; display: block; float: none; margin-left: auto; border-top: 0px; margin-right: auto; border-right: 0px\" title=\"16082010\" border=\"0\" alt=\"16082010\" src=\"http:\/\/www.anthealein.de\/wp-content\/uploads\/2010\/08\/16082010_thumb.jpg\" width=\"504\" height=\"504\" \/><\/a><\/p>\n","protected":false},"excerpt":{"rendered":"<p>wenn sie schlafen *seufz*. Der Tag ging heute morgen schon gut los. Lena maulig ohne Ende (und ohne Grund au\u00dfer Z\u00e4hnen evtl.) und mit einem Talent daf\u00fcr gesegnet, \u00fcber meine frischgewischten B\u00f6den zu latschen, ihren Schnulli in meinem frisch geputzten Klo zu versenken und den frisch abgewischten Glastisch mit Apfelsaft schick zu machen. Von der [&hellip;]<\/p>\n","protected":false},"author":1,"featured_media":0,"comment_status":"open","ping_status":"open","sticky":false,"template":"","format":"standard","meta":{"footnotes":""},"categories":[3],"tags":[],"class_list":["post-2423","post","type-post","status-publish","format-standard","hentry","category-alles-mogliche"],"_links":{"self":[{"href":"http:\/\/www.anthealein.de\/index.php?rest_route=\/wp\/v2\/posts\/2423","targetHints":{"allow":["GET"]}}],"collection":[{"href":"http:\/\/www.anthealein.de\/index.php?rest_route=\/wp\/v2\/posts"}],"about":[{"href":"http:\/\/www.anthealein.de\/index.php?rest_route=\/wp\/v2\/types\/post"}],"author":[{"embeddable":true,"href":"http:\/\/www.anthealein.de\/index.php?rest_route=\/wp\/v2\/users\/1"}],"replies":[{"embeddable":true,"href":"http:\/\/www.anthealein.de\/index.php?rest_route=%2Fwp%2Fv2%2Fcomments&post=2423"}],"version-history":[{"count":0,"href":"http:\/\/www.anthealein.de\/index.php?rest_route=\/wp\/v2\/posts\/2423\/revisions"}],"wp:attachment":[{"href":"http:\/\/www.anthealein.de\/index.php?rest_route=%2Fwp%2Fv2%2Fmedia&parent=2423"}],"wp:term":[{"taxonomy":"category","embeddable":true,"href":"http:\/\/www.anthealein.de\/index.php?rest_route=%2Fwp%2Fv2%2Fcategories&post=2423"},{"taxonomy":"post_tag","embeddable":true,"href":"http:\/\/www.anthealein.de\/index.php?rest_route=%2Fwp%2Fv2%2Ftags&post=2423"}],"curies":[{"name":"wp","href":"https:\/\/api.w.org\/{rel}","templated":true}]}}