{"id":2405,"date":"2010-08-12T20:41:15","date_gmt":"2010-08-12T19:41:15","guid":{"rendered":"http:\/\/www.anthealein.de\/?p=2405"},"modified":"2010-08-12T20:41:15","modified_gmt":"2010-08-12T19:41:15","slug":"fter-mal-was-neues-umfall","status":"publish","type":"post","link":"http:\/\/www.anthealein.de\/?p=2405","title":{"rendered":"&Ouml;fter mal was Neues *umfall*"},"content":{"rendered":"<p align=\"justify\">Es passiert also nicht nur anderen und nicht nur bei Akte oder Stern TV :shock_tb: .<\/p>\n<p align=\"justify\">Heute Mittag, nach einem netten Arbeitsvormittag hab ich Lena bei Susanne abgeholt und bin nach Hause gefahren. Da Lena inzwischen eingeschlafen war hab ich mein Handy rausgeholt, mich noch gewundert das Chris angerufen hatte und hab ihn runter geklingelt zum Tragen helfen. <\/p>\n<p align=\"justify\">Chris kam dann auch runter, mit ziemlich b\u00f6sem Gesichtsausdruck und auf meine Frage, ob er mich angerufen h\u00e4tte, wurde ich angefaucht: nat\u00fcrlich h\u00e4tte er mich angerufen, ich h\u00e4tte oben eine Vorladung vors Gericht liegen! Gericht? Wie? Was? Wo? Weshalb?<\/p>\n<p align=\"justify\">Die Vorladung vors Gericht stellte sich dann als Vorladung bei der Polizei heraus und zwar als Beschuldigte wegen Warenkreditbetruges. Tatzeit: 15.03.2010, Tatort: eine Hausnummer in einer Stra\u00dfe mit Wohnh\u00e4usern (nix L\u00e4den in der N\u00e4he, bei denen ich h\u00e4tte Mist gebaut haben k\u00f6nnen) in einer nicht so guten Wohngegend. <\/p>\n<p align=\"justify\">Ich nat\u00fcrlich erst mal Panik geschoben, schnell hier nachgelesen, was ich denn am 15.03. gemacht habe und dann doch mal die Telefonnummer auf der Vorladung angerufen. Und einen sehr netten Polizisten am Apparat gehabt (der mich auch gleich drauf aufmerksam gemacht hat, das ich Anspruch auf eine Entsch\u00e4digung habe, wenn ich wegen der Vorladung Lohnausfall habe). Fazit: da hat wohl irgend jemand mit meinem Namen Sachen bestellt und die an diese fremde Adresse schicken lassen. Peter \u2013 der zuf\u00e4llig auch gerade da war und einige H\u00e4user in der Gegend verwaltet \u2013 kannte den Trick und sagte, das w\u00fcrde dort \u00f6fter passieren. Na prima. Schon mal bei Akte einen Bericht dar\u00fcber gesehen, aber das einen tats\u00e4chlich so was selber erwischen kann, glaubt man ja nicht *seufz*. Nu werd ich also n\u00e4chsten Donnerstag meine Fr\u00fchst\u00fcckspause auf dem Polizeirevier bei uns um die Ecke verbringen und vorsichtshalber gleich einen Ausdruck meiner Einwohnermeldeamt-Daten mitschleppen. Und dann werde ich dem netten Polizisten auch gleich von der Firma erz\u00e4hlen, die letzten November hier anrief und sich erkundigte, ob ich die Marmorfliesen bestellt h\u00e4tte. Marmorfliesen? Neeeeeeeeeee!<\/p>\n<p align=\"justify\">&#160;<\/p>\n<p align=\"justify\">Dagegen verlief der Rest des Tages nat\u00fcrlich ziemlich harmlos und zahm. Jana hat ihre Impfung gut hinter sich gebracht und Lena hatte ihren Spa\u00df mit Ebba.<\/p>\n<p align=\"justify\">Apropos Lena. Die Horrorvorstellung f\u00fcr dieses Kind ist, das jemand \u201cHeia\u201d macht. \u201cWei\u00dft du eigentlich, wie lieb ich dich hab\u201d ist f\u00fcr sie das schlimmste Buch \u00fcberhaupt, weil der kleine Hase am Ende schl\u00e4ft. Heute hab ich versucht, ihr zu erkl\u00e4ren, wieso die Sonne untergeht und habe den Fehler gemacht zu sagen, das die Sonne auch mal \u201cHeia\u201d machen muss. Hat \u00fcber eine halbe Stunde gedauert, bis ich sie wieder halbwegs beruhigt hatte :shock_tb: . Ich hab keine Ahnung wieso, aber man sollte ihr tunlichst von ihr fernhalten, das andere Leute\/Dinge auch \u201cHeia\u201d machen. <\/p>\n<p align=\"justify\">&#160;<\/p>\n<p>Diese Woche:    <br \/><strike>&#8211; Montag: Jana zur Schule bringen, 8.30 Uhr Gastro n\u00fcchtern, Jana abholen, 15.30 Uhr Tanzen, Putzen<\/strike>&#160; <br \/><strike>&#8211; Dienstag: Spiegelungen, Essen, Essen, Einkaufen, Essen \ud83d\ude00<\/strike>     <br \/><strike>&#8211; Mittwoch: Arbeiten, Einkaufen<\/strike>     <br \/><strike>&#8211; Donnerstag: Lena morgens mal wieder zur Wiedereingew\u00f6hnung zu S. bringen, 15:15 Uhr Impfe Jana, 16 Uhr Melanie und Ebba     <br \/><\/strike>&#8211; Freitag: Arbeiten \ud83d\ude42<\/p>\n<p>&#160;<\/p>\n<p align=\"center\">Mal wieder f\u00fcr Walli (10 Jahre! das Kind) \ud83d\ude09<\/p>\n<div style=\"padding-bottom: 0px; padding-left: 0px; width: 425px; padding-right: 0px; display: block; float: none; margin-left: auto; margin-right: auto; padding-top: 0px\" id=\"scid:5737277B-5D6D-4f48-ABFC-DD9C333F4C5D:8a6993f8-2467-4c36-9e33-c6a56bab7e95\" class=\"wlWriterEditableSmartContent\">\n<div><object width=\"425\" height=\"355\"><param name=\"movie\" value=\"http:\/\/www.youtube.com\/v\/xPITHzdUUDk&amp;hl=en\"><\/param><embed src=\"http:\/\/www.youtube.com\/v\/xPITHzdUUDk&amp;hl=en\" type=\"application\/x-shockwave-flash\" width=\"425\" height=\"355\"><\/embed><\/object><\/div>\n<\/div>\n<p align=\"center\">&#160;<\/p>\n<p align=\"center\"><a href=\"http:\/\/www.anthealein.de\/wp-content\/uploads\/2010\/08\/12082010.jpg\"><img loading=\"lazy\" decoding=\"async\" style=\"border-bottom: 0px; border-left: 0px; display: block; float: none; margin-left: auto; border-top: 0px; margin-right: auto; border-right: 0px\" title=\"12082010\" border=\"0\" alt=\"12082010\" src=\"http:\/\/www.anthealein.de\/wp-content\/uploads\/2010\/08\/12082010_thumb.jpg\" width=\"504\" height=\"504\" \/><\/a><\/p>\n<\/p>\n<p align=\"center\">&#160;<\/p>\n<p align=\"center\"><a href=\"http:\/\/www.anthealein.de\/wp-content\/uploads\/2010\/08\/12082010II.jpg\"><u><font color=\"#1f85da\"><\/font><\/u><img loading=\"lazy\" decoding=\"async\" style=\"border-bottom: 0px; border-left: 0px; display: block; float: none; margin-left: auto; border-top: 0px; margin-right: auto; border-right: 0px\" title=\"12082010II\" border=\"0\" alt=\"12082010II\" src=\"http:\/\/www.anthealein.de\/wp-content\/uploads\/2010\/08\/12082010II_thumb.jpg\" width=\"504\" height=\"504\" \/><\/a><\/p>\n<p align=\"center\">&#160;<\/p>\n<p align=\"center\"><a href=\"http:\/\/www.anthealein.de\/wp-content\/uploads\/2010\/08\/12082010III.jpg\"><img loading=\"lazy\" decoding=\"async\" style=\"border-bottom: 0px; border-left: 0px; display: block; float: none; margin-left: auto; border-top: 0px; margin-right: auto; border-right: 0px\" title=\"12082010III\" border=\"0\" alt=\"12082010III\" src=\"http:\/\/www.anthealein.de\/wp-content\/uploads\/2010\/08\/12082010III_thumb.jpg\" width=\"504\" height=\"504\" \/><\/a><\/p>\n","protected":false},"excerpt":{"rendered":"<p>Es passiert also nicht nur anderen und nicht nur bei Akte oder Stern TV :shock_tb: . Heute Mittag, nach einem netten Arbeitsvormittag hab ich Lena bei Susanne abgeholt und bin nach Hause gefahren. Da Lena inzwischen eingeschlafen war hab ich mein Handy rausgeholt, mich noch gewundert das Chris angerufen hatte und hab ihn runter geklingelt [&hellip;]<\/p>\n","protected":false},"author":1,"featured_media":0,"comment_status":"open","ping_status":"open","sticky":false,"template":"","format":"standard","meta":{"footnotes":""},"categories":[3],"tags":[],"class_list":["post-2405","post","type-post","status-publish","format-standard","hentry","category-alles-mogliche"],"_links":{"self":[{"href":"http:\/\/www.anthealein.de\/index.php?rest_route=\/wp\/v2\/posts\/2405","targetHints":{"allow":["GET"]}}],"collection":[{"href":"http:\/\/www.anthealein.de\/index.php?rest_route=\/wp\/v2\/posts"}],"about":[{"href":"http:\/\/www.anthealein.de\/index.php?rest_route=\/wp\/v2\/types\/post"}],"author":[{"embeddable":true,"href":"http:\/\/www.anthealein.de\/index.php?rest_route=\/wp\/v2\/users\/1"}],"replies":[{"embeddable":true,"href":"http:\/\/www.anthealein.de\/index.php?rest_route=%2Fwp%2Fv2%2Fcomments&post=2405"}],"version-history":[{"count":0,"href":"http:\/\/www.anthealein.de\/index.php?rest_route=\/wp\/v2\/posts\/2405\/revisions"}],"wp:attachment":[{"href":"http:\/\/www.anthealein.de\/index.php?rest_route=%2Fwp%2Fv2%2Fmedia&parent=2405"}],"wp:term":[{"taxonomy":"category","embeddable":true,"href":"http:\/\/www.anthealein.de\/index.php?rest_route=%2Fwp%2Fv2%2Fcategories&post=2405"},{"taxonomy":"post_tag","embeddable":true,"href":"http:\/\/www.anthealein.de\/index.php?rest_route=%2Fwp%2Fv2%2Ftags&post=2405"}],"curies":[{"name":"wp","href":"https:\/\/api.w.org\/{rel}","templated":true}]}}