{"id":2385,"date":"2010-08-08T21:12:01","date_gmt":"2010-08-08T20:12:01","guid":{"rendered":"http:\/\/www.anthealein.de\/?p=2385"},"modified":"2010-08-08T21:50:15","modified_gmt":"2010-08-08T20:50:15","slug":"megabilderflut","status":"publish","type":"post","link":"http:\/\/www.anthealein.de\/?p=2385","title":{"rendered":"Megabilderflut :)"},"content":{"rendered":"<p align=\"justify\">Nu aber. Nu ist aller Besuch verschwunden, die Kinder sind im Bett und endlich ist Zeit, die letzten Tage mal zu rekapitulieren. <\/p>\n<p align=\"justify\">Freitag, als ich von der Arbeit kam, erwartete mich Tante Helga mit den Kindern. Chris und Alwin waren einkaufen, der Fu\u00dfboden sah dank Trinkunfall bei Lena wieder aus wie bumm, aber Hauptsache der Besuch war da \ud83d\ude42 . Wir verbrachten einen netten Abend und kurz nachdem Helga und Alwin aufgebrochen waren, ging der Babyalarm los. Also von 23-3 Uhr: Lenabet\u00fcdelung von mir. Immerhin ganze 4 Stunden durfte ich schlafen, bevor um 7 Uhr der Wecker ging und Jana auf den Plan rief. Da mich der apfelsaftbeschmierte Fu\u00dfboden den Abend vorher schon derma\u00dfen genervt hatte, hie\u00df es also neben Fr\u00fchst\u00fccken, Haare machen, Kinder anziehen: Putzen :shock_tb: und p\u00fcnktlich vor den ersten Besuchern war ich fertig \ud83d\ude42 . <\/p>\n<p align=\"justify\">Walli und Siggi brachten Valeska fast zeitgleich mit und im Schlepptau folgte dann auch Sandra. Alwin und Helga waren eh schon da. Noch Zeit f\u00fcr einen Kaffee und Zigarette und los ging es in Richtung Schule. Auf dem Weg dorthin trafen wir Peter, der leider alleine die Einschulung meistern musste, da Anna krank ist \ud83d\ude41 . Ebenfalls noch vor der Schule stie\u00dfen wir auf Susanne + Familie inkl. Fynn (der mich fast nicht erkannt h\u00e4tte *grummel*) und da wir alle direkt in die Aula gescheucht wurden, konnten die M\u00e4dels sich zusammensuchen und zusammen hinsetzen. <\/p>\n<p align=\"justify\">Die Kinder der 2. Klasse sangen ein wenig, der Direktor sprach ein wenig und dann ging sie los: die Klassenverteilung. Ich schw\u00f6re, ich hab keine Ahnung wie sie es gemacht haben, aber s\u00e4mtliche Kinder denen man aus der Ferne schon das Problemkind ansieht, sind in 1a gelandet und bei dem Lehrer der f\u00fcr die Sozialarbeit an der Schule zust\u00e4ndig ist. Schon nach den ersten paar Namen (darunter auch ein Junge aus Janas Kiga) fing ich an zu hoffen \u201cdie bitte nicht, die bitte nicht\u201d. H\u00e4tte ja gut sein k\u00f6nnen, weil sie eigentlich Kinder aus einem Kiga gerne zusammen lassen. Aber: wir hatten Gl\u00fcck. Dann kam die 1b dran und als der Lehrer genannt wurde, habe ich schon gebetet \u201cbitte die\u201d *g*. Als Alinas Name aufgerufen wurde, hab ich innerlich schon gejubelt und als die anderen 3 M\u00e4dels dazu kamen, war es nur noch Freude pur. Die Kinder gingen dann mit dem Lehrer in die Klasse (Jana sitzt freiwillig ganz vorne) und wir Eltern durften Kaffee und Kuchen kaufen. Halbe Stunde plauschen mit Leandras Mama (2. Klasse), Susanne und Familie und dann hie\u00df es warten auf die Zwerge. Die Zwerge kamen dann auch ziemlich bald mit ihrem Lehrer raus und das 1. Klassenfoto wurde gemacht. Die Kinder von 1a verschwanden zur H\u00e4lfte schon mit ihren Eltern (sofern sie \u00fcberhaupt da waren), die Kinder von 1c rannten teilweise \u00fcber den Schulhof, Janas Klasse versammelte sich geschlossen um den Lehrer. Jahaaaaaaa, wir haben den Traumlehrer mit der Traumklasse bekommen *jubelfreuh\u00fcpf*. <\/p>\n<p align=\"justify\">Als auch endlich das Klassenfoto geschossen war, ging es erst in Richtung Heimat (wo vor der T\u00fcr schon 2 Schult\u00fctchen und eine Karte mit Geld von unserer Nachbarin lagen :herz: ) und dann nach Sillenstede und dort durfte Jana auch endlich ihre Geschenke und ihre Schult\u00fcte auspacken. Es wurde gegrillt, endlich konnten Alwin und Helga auch Irene und Nico mal wieder dr\u00fccken und allgemein war es ein wundersch\u00f6ner Nachmittag. Wieder zu Hause schw\u00e4chelten nach und nach alle und nur Thorsten, der erst um kurz vor 21 Uhr eintraf, leistete Chris dann noch Gesellschaft nachdem ich um kurz vor 0 Uhr auch gar nicht mehr konnte und ins Bett ging *lach* . <\/p>\n<p align=\"justify\">Heute verlief dann ruhig. Ich durfte ausschlafen, Alwin und Helga verabschiedeten sich schon relativ fr\u00fch und Chris ging Rainer beim Aufbau des neuen Schlafzimmers helfen und kam erst am sp\u00e4ten Nachmittag wieder. Eigentlich wollten wir auch noch zum Spielplatz, aber da hatte ich nach den letzten 2 Tagen und in Erwartung des stressigen Tages morgen, nicht wirklich Lust zu. <\/p>\n<p>&#160;<\/p>\n<p>Diese Woche:    <br \/><strike>&#8211; Montag: Jugendamt (Einstufung Zuschuss zur Tagesmutter), Fahrt zu den Seehundb\u00e4nken (Chris und Jana), Putzen, den Rest der Familie um 15 Uhr bei Susanne absetzen, \u00c4rztin, Familie abholen :)&#160; <br \/>&#8211; Dienstag: mit Jana Schulweg \u2013 B\u00fccherei laufen, Valeska holen, Spritzen abholen, Ikea, Bahlsen, Bening (20% auf alle Ausstellungsst\u00fccke), Blutergebnisse erfragen       <br \/>&#8211; Mittwoch: mit Jana in die Stadt, vorher Schulweg, Kleid (?) und die fehlenden Schulsachen besorgen, Schult\u00fcteninhalt nachmittags mit Lena besorgen<\/strike>     <br \/><strike>&#8211; Donnerstag: Putzen, Sp\u00e4tschicht, Melanie und co. kommen nachmittags den Rest besuchen, Siggi kommt<\/strike>     <br \/><strike>&#8211; Freitag: Arbeiten, Abends gem\u00fctlich zusammen sitzen mit Familie \ud83d\ude42      <br \/>&#8211; Samstag: Einschulung       <br \/>&#8211; Sonntag: Ordnung machen, Kochen, Ruuuuuuuuuuhe \ud83d\ude42<\/strike><\/p>\n<p>&#160;<\/p>\n<p>N\u00e4chste Woche:    <br \/>&#8211; Montag: Jana zur Schule bringen, 8.30 Uhr Gastro n\u00fcchtern, Jana abholen, 15.30 Uhr Tanzen&#160; <br \/>&#8211; Donnerstag: 16 Uhr Melanie und Ebba<\/p>\n<p>&#160;<\/p>\n<p align=\"center\"><a href=\"http:\/\/www.anthealein.de\/wp-content\/uploads\/2010\/08\/08082010.jpg\"><img loading=\"lazy\" decoding=\"async\" style=\"border-right-width: 0px; display: block; float: none; border-top-width: 0px; border-bottom-width: 0px; margin-left: auto; border-left-width: 0px; margin-right: auto\" title=\"08082010\" border=\"0\" alt=\"08082010\" src=\"http:\/\/www.anthealein.de\/wp-content\/uploads\/2010\/08\/08082010_thumb.jpg\" width=\"379\" height=\"504\" \/><\/a>Heutiges Bild \ud83d\ude09<\/p>\n<p align=\"center\">&#160;<\/p>\n<p align=\"center\"><a href=\"http:\/\/www.anthealein.de\/wp-content\/uploads\/2010\/08\/07082010II.jpg\"><img loading=\"lazy\" decoding=\"async\" style=\"border-right-width: 0px; display: block; float: none; border-top-width: 0px; border-bottom-width: 0px; margin-left: auto; border-left-width: 0px; margin-right: auto\" title=\"07082010II\" border=\"0\" alt=\"07082010II\" src=\"http:\/\/www.anthealein.de\/wp-content\/uploads\/2010\/08\/07082010II_thumb.jpg\" width=\"504\" height=\"504\" \/><\/a>&#160; Noch Frieden<\/p>\n<p align=\"center\">&#160;<\/p>\n<p align=\"center\"><a href=\"http:\/\/www.anthealein.de\/wp-content\/uploads\/2010\/08\/07082010III.jpg\"><img loading=\"lazy\" decoding=\"async\" style=\"border-right-width: 0px; display: block; float: none; border-top-width: 0px; border-bottom-width: 0px; margin-left: auto; border-left-width: 0px; margin-right: auto\" title=\"07082010III\" border=\"0\" alt=\"07082010III\" src=\"http:\/\/www.anthealein.de\/wp-content\/uploads\/2010\/08\/07082010III_thumb.jpg\" width=\"504\" height=\"504\" \/><\/a> Schult\u00fcte durfte jemand anderes tragen, Ranzen gab sie nicht her<\/p>\n<p align=\"center\">&#160;<\/p>\n<p align=\"center\"><img loading=\"lazy\" decoding=\"async\" style=\"border-right-width: 0px; display: inline; border-top-width: 0px; border-bottom-width: 0px; border-left-width: 0px\" title=\"07082010IV\" border=\"0\" alt=\"07082010IV\" src=\"http:\/\/www.anthealein.de\/wp-content\/uploads\/2010\/08\/07082010IV_thumb.jpg\" width=\"504\" height=\"504\" \/>     <br \/>Ein Teil der G\u00e4ste, nu gab sie auch den Schulranzen ab<\/p>\n<p align=\"center\">&#160;<\/p>\n<p align=\"center\"><a href=\"http:\/\/www.anthealein.de\/wp-content\/uploads\/2010\/08\/07082010V.jpg\"><img loading=\"lazy\" decoding=\"async\" style=\"border-right-width: 0px; display: block; float: none; border-top-width: 0px; border-bottom-width: 0px; margin-left: auto; border-left-width: 0px; margin-right: auto\" title=\"07082010V\" border=\"0\" alt=\"07082010V\" src=\"http:\/\/www.anthealein.de\/wp-content\/uploads\/2010\/08\/07082010V_thumb.jpg\" width=\"504\" height=\"404\" \/><\/a> Alina, Anne und Jana. 3\/4tel des Chaos-Quartetts \ud83d\ude42<\/p>\n<p align=\"center\">&#160;<\/p>\n<p align=\"center\"><a href=\"http:\/\/www.anthealein.de\/wp-content\/uploads\/2010\/08\/07082010VI1.jpg\"><img loading=\"lazy\" decoding=\"async\" style=\"border-right-width: 0px; display: block; float: none; border-top-width: 0px; border-bottom-width: 0px; margin-left: auto; border-left-width: 0px; margin-right: auto\" title=\"07082010VI\" border=\"0\" alt=\"07082010VI\" src=\"http:\/\/www.anthealein.de\/wp-content\/uploads\/2010\/08\/07082010VI_thumb1.jpg\" width=\"504\" height=\"504\" \/><\/a> Sandra und Schwiema, offensichtlich gut gelaunt *g*<\/p>\n<p align=\"center\">&#160;<\/p>\n<p align=\"center\"><a href=\"http:\/\/www.anthealein.de\/wp-content\/uploads\/2010\/08\/07082010VII.jpg\"><img loading=\"lazy\" decoding=\"async\" style=\"border-right-width: 0px; display: inline; border-top-width: 0px; border-bottom-width: 0px; border-left-width: 0px\" title=\"07082010VII\" border=\"0\" alt=\"07082010VII\" src=\"http:\/\/www.anthealein.de\/wp-content\/uploads\/2010\/08\/07082010VII_thumb.jpg\" width=\"504\" height=\"504\" \/><\/a><\/p>\n<p align=\"center\">&#160;<\/p>\n<p align=\"center\"><a href=\"http:\/\/www.anthealein.de\/wp-content\/uploads\/2010\/08\/07082010VIII.jpg\"><img loading=\"lazy\" decoding=\"async\" style=\"border-right-width: 0px; display: block; float: none; border-top-width: 0px; border-bottom-width: 0px; margin-left: auto; border-left-width: 0px; margin-right: auto\" title=\"07082010VIII\" border=\"0\" alt=\"07082010VIII\" src=\"http:\/\/www.anthealein.de\/wp-content\/uploads\/2010\/08\/07082010VIII_thumb.jpg\" width=\"504\" height=\"504\" \/><\/a> Schulranzen und \u2013t\u00fcte standen auch Papa gut<\/p>\n<p align=\"center\">&#160;<\/p>\n<p align=\"center\"><a href=\"http:\/\/www.anthealein.de\/wp-content\/uploads\/2010\/08\/07082010IX.jpg\"><img loading=\"lazy\" decoding=\"async\" style=\"border-right-width: 0px; display: block; float: none; border-top-width: 0px; border-bottom-width: 0px; margin-left: auto; border-left-width: 0px; margin-right: auto\" title=\"07082010IX\" border=\"0\" alt=\"07082010IX\" src=\"http:\/\/www.anthealein.de\/wp-content\/uploads\/2010\/08\/07082010IX_thumb.jpg\" width=\"504\" height=\"504\" \/><\/a> Oma und Opa hatten die Garage wundersch\u00f6n geschm\u00fcckt<\/p>\n<p align=\"center\">&#160;<\/p>\n<p align=\"center\"><a href=\"http:\/\/www.anthealein.de\/wp-content\/uploads\/2010\/08\/07082010X.jpg\"><img loading=\"lazy\" decoding=\"async\" style=\"border-right-width: 0px; display: block; float: none; border-top-width: 0px; border-bottom-width: 0px; margin-left: auto; border-left-width: 0px; margin-right: auto\" title=\"07082010X\" border=\"0\" alt=\"07082010X\" src=\"http:\/\/www.anthealein.de\/wp-content\/uploads\/2010\/08\/07082010X_thumb.jpg\" width=\"504\" height=\"504\" \/><\/a><\/p>\n<p align=\"center\">&#160;<\/p>\n<p align=\"center\"><a href=\"http:\/\/www.anthealein.de\/wp-content\/uploads\/2010\/08\/07082010XI.jpg\"><img loading=\"lazy\" decoding=\"async\" style=\"border-right-width: 0px; display: block; float: none; border-top-width: 0px; border-bottom-width: 0px; margin-left: auto; border-left-width: 0px; margin-right: auto\" title=\"07082010XI\" border=\"0\" alt=\"07082010XI\" src=\"http:\/\/www.anthealein.de\/wp-content\/uploads\/2010\/08\/07082010XI_thumb.jpg\" width=\"504\" height=\"504\" \/><\/a>&#160; :herz:<\/p>\n<p align=\"center\">&#160;<\/p>\n<p align=\"center\"><a href=\"http:\/\/www.anthealein.de\/wp-content\/uploads\/2010\/08\/07082010XII.jpg\"><img loading=\"lazy\" decoding=\"async\" style=\"border-right-width: 0px; display: block; float: none; border-top-width: 0px; border-bottom-width: 0px; margin-left: auto; border-left-width: 0px; margin-right: auto\" title=\"07082010XII\" border=\"0\" alt=\"07082010XII\" src=\"http:\/\/www.anthealein.de\/wp-content\/uploads\/2010\/08\/07082010XII_thumb.jpg\" width=\"504\" height=\"504\" \/><\/a> Nochmal :herz:<\/p>\n<p align=\"center\">&#160;<\/p>\n<p align=\"center\"><a href=\"http:\/\/www.anthealein.de\/wp-content\/uploads\/2010\/08\/07082010XIII.jpg\"><img loading=\"lazy\" decoding=\"async\" style=\"border-right-width: 0px; display: block; float: none; border-top-width: 0px; border-bottom-width: 0px; margin-left: auto; border-left-width: 0px; margin-right: auto\" title=\"07082010XIII\" border=\"0\" alt=\"07082010XIII\" src=\"http:\/\/www.anthealein.de\/wp-content\/uploads\/2010\/08\/07082010XIII_thumb.jpg\" width=\"504\" height=\"504\" \/><\/a> Und nochmal :herz:<\/p>\n<p align=\"center\">&#160;<\/p>\n<p align=\"center\"><a href=\"http:\/\/www.anthealein.de\/wp-content\/uploads\/2010\/08\/07082010XIX.jpg\"><img loading=\"lazy\" decoding=\"async\" style=\"border-right-width: 0px; display: block; float: none; border-top-width: 0px; border-bottom-width: 0px; margin-left: auto; border-left-width: 0px; margin-right: auto\" title=\"07082010XIX\" border=\"0\" alt=\"07082010XIX\" src=\"http:\/\/www.anthealein.de\/wp-content\/uploads\/2010\/08\/07082010XIX_thumb.jpg\" width=\"504\" height=\"504\" \/><\/a><\/p>\n<\/p>\n<\/p>\n<\/p>\n<p align=\"center\">&#160;<\/p>\n<p align=\"center\"><a href=\"http:\/\/www.anthealein.de\/wp-content\/uploads\/2010\/08\/07082010XX.jpg\"><img loading=\"lazy\" decoding=\"async\" style=\"border-right-width: 0px; display: block; float: none; border-top-width: 0px; border-bottom-width: 0px; margin-left: auto; border-left-width: 0px; margin-right: auto\" title=\"07082010XX\" border=\"0\" alt=\"07082010XX\" src=\"http:\/\/www.anthealein.de\/wp-content\/uploads\/2010\/08\/07082010XX_thumb.jpg\" width=\"504\" height=\"504\" \/><\/a><\/p>\n<p>&#160;<\/p>\n<p align=\"center\"><a href=\"http:\/\/www.anthealein.de\/wp-content\/uploads\/2010\/08\/07082010XXI.jpg\"><img loading=\"lazy\" decoding=\"async\" style=\"border-right-width: 0px; display: block; float: none; border-top-width: 0px; border-bottom-width: 0px; margin-left: auto; border-left-width: 0px; margin-right: auto\" title=\"07082010XXI\" border=\"0\" alt=\"07082010XXI\" src=\"http:\/\/www.anthealein.de\/wp-content\/uploads\/2010\/08\/07082010XXI_thumb.jpg\" width=\"504\" height=\"504\" \/><\/a> Lena und ihr \u201cich mach was, was ich nicht darf\u201d-Ausdruck *g*<\/p>\n<p align=\"center\">&#160;<\/p>\n<p align=\"center\"><a href=\"http:\/\/www.anthealein.de\/wp-content\/uploads\/2010\/08\/07082010XXII.jpg\"><img loading=\"lazy\" decoding=\"async\" style=\"border-right-width: 0px; display: block; float: none; border-top-width: 0px; border-bottom-width: 0px; margin-left: auto; border-left-width: 0px; margin-right: auto\" title=\"07082010XXII\" border=\"0\" alt=\"07082010XXII\" src=\"http:\/\/www.anthealein.de\/wp-content\/uploads\/2010\/08\/07082010XXII_thumb.jpg\" width=\"504\" height=\"504\" \/><\/a><\/p>\n<\/p>\n<p>&#160;<\/p>\n<p align=\"center\"><a href=\"http:\/\/www.anthealein.de\/wp-content\/uploads\/2010\/08\/07082010XXIII.jpg\"><img loading=\"lazy\" decoding=\"async\" style=\"border-right-width: 0px; display: block; float: none; border-top-width: 0px; border-bottom-width: 0px; margin-left: auto; border-left-width: 0px; margin-right: auto\" title=\"07082010XXIII\" border=\"0\" alt=\"07082010XXIII\" src=\"http:\/\/www.anthealein.de\/wp-content\/uploads\/2010\/08\/07082010XXIII_thumb.jpg\" width=\"504\" height=\"504\" \/><\/a> Der Mann von Heute tr\u00e4gt schicke Accessoires *lach*<\/p>\n<p align=\"center\">&#160;<\/p>\n<p align=\"center\"><a href=\"http:\/\/www.anthealein.de\/wp-content\/uploads\/2010\/08\/07082010XXIV.jpg\"><img loading=\"lazy\" decoding=\"async\" style=\"border-right-width: 0px; display: block; float: none; border-top-width: 0px; border-bottom-width: 0px; margin-left: auto; border-left-width: 0px; margin-right: auto\" title=\"07082010XXIV\" border=\"0\" alt=\"07082010XXIV\" src=\"http:\/\/www.anthealein.de\/wp-content\/uploads\/2010\/08\/07082010XXIV_thumb.jpg\" width=\"504\" height=\"504\" \/><\/a> Lena und Oma tanzen<\/p>\n<p align=\"center\">&#160;<\/p>\n<p align=\"center\"><a href=\"http:\/\/www.anthealein.de\/wp-content\/uploads\/2010\/08\/07082010XXV.jpg\"><img loading=\"lazy\" decoding=\"async\" style=\"border-right-width: 0px; display: block; float: none; border-top-width: 0px; border-bottom-width: 0px; margin-left: auto; border-left-width: 0px; margin-right: auto\" title=\"07082010XXV\" border=\"0\" alt=\"07082010XXV\" src=\"http:\/\/www.anthealein.de\/wp-content\/uploads\/2010\/08\/07082010XXV_thumb.jpg\" width=\"504\" height=\"504\" \/><\/a> Und dann war da noch die besoffene Fliege, die anstandslos auf meine Hand krabbelte und sich zum Spielplatz tragen lie\u00df. In der Hoffnung, das Lena vielleicht nicht mehr solche Panik vor Fliegen u.\u00e4. hat, wenn sie die mal gestreichelt und genau angesehen hat. War eine bl\u00f6de Hoffnung *seufz*, heute war wieder \u201cFliiiiiiiiiiiege\u201d-Alarm. Aber streicheln wollte sie die Fliege trotzdem *g*. Fliege hat es \u00fcberlebt und wurde hinterher auf einem Blatt ausgesetzt. <\/p>\n<p align=\"center\">&#160;<\/p>\n<p align=\"center\"><a href=\"http:\/\/www.anthealein.de\/wp-content\/uploads\/2010\/08\/07082010XXVI.jpg\"><img loading=\"lazy\" decoding=\"async\" style=\"border-right-width: 0px; display: block; float: none; border-top-width: 0px; border-bottom-width: 0px; margin-left: auto; border-left-width: 0px; margin-right: auto\" title=\"07082010XXVI\" border=\"0\" alt=\"07082010XXVI\" src=\"http:\/\/www.anthealein.de\/wp-content\/uploads\/2010\/08\/07082010XXVI_thumb.jpg\" width=\"504\" height=\"504\" \/><\/a><\/p>\n<\/p>\n<\/p>\n<p>&#160;<\/p>\n<p align=\"center\">&#160;<\/p>\n<p align=\"center\">&#160;<\/p>\n<p align=\"center\">Fast vergessen: zu Hause erwartete uns auch noch ein Stra\u00dfenfest um Eck. Wie jedes Jahr das spanische Stra\u00dfenfest und nat\u00fcrlich musste das auch noch besucht und auf der B\u00fchne getanzt werden. Wieder mit dabei: Alina \ud83d\ude42<\/p>\n<p align=\"center\"><a href=\"http:\/\/www.anthealein.de\/wp-content\/uploads\/2010\/08\/07082010XXVII.jpg\"><img loading=\"lazy\" decoding=\"async\" style=\"border-right-width: 0px; display: block; float: none; border-top-width: 0px; border-bottom-width: 0px; margin-left: auto; border-left-width: 0px; margin-right: auto\" title=\"07082010XXVII\" border=\"0\" alt=\"07082010XXVII\" src=\"http:\/\/www.anthealein.de\/wp-content\/uploads\/2010\/08\/07082010XXVII_thumb.jpg\" width=\"504\" height=\"504\" \/><\/a><\/p>\n<p>&#160;<\/p>\n<p align=\"center\"><a href=\"http:\/\/www.anthealein.de\/wp-content\/uploads\/2010\/08\/07082010XXVIII.jpg\"><img loading=\"lazy\" decoding=\"async\" style=\"border-right-width: 0px; display: inline; border-top-width: 0px; border-bottom-width: 0px; border-left-width: 0px\" title=\"07082010XXVIII\" border=\"0\" alt=\"07082010XXVIII\" src=\"http:\/\/www.anthealein.de\/wp-content\/uploads\/2010\/08\/07082010XXVIII_thumb.jpg\" width=\"504\" height=\"504\" \/><\/a><\/p>\n<p align=\"center\">&#160;<\/p>\n<p align=\"center\"><a href=\"http:\/\/www.anthealein.de\/wp-content\/uploads\/2010\/08\/07082010XXIX.jpg\"><img loading=\"lazy\" decoding=\"async\" style=\"border-right-width: 0px; display: block; float: none; border-top-width: 0px; border-bottom-width: 0px; margin-left: auto; border-left-width: 0px; margin-right: auto\" title=\"07082010XXIX\" border=\"0\" alt=\"07082010XXIX\" src=\"http:\/\/www.anthealein.de\/wp-content\/uploads\/2010\/08\/07082010XXIX_thumb.jpg\" width=\"504\" height=\"504\" \/><\/a><\/p>\n","protected":false},"excerpt":{"rendered":"<p>Nu aber. Nu ist aller Besuch verschwunden, die Kinder sind im Bett und endlich ist Zeit, die letzten Tage mal zu rekapitulieren. Freitag, als ich von der Arbeit kam, erwartete mich Tante Helga mit den Kindern. Chris und Alwin waren einkaufen, der Fu\u00dfboden sah dank Trinkunfall bei Lena wieder aus wie bumm, aber Hauptsache der [&hellip;]<\/p>\n","protected":false},"author":1,"featured_media":0,"comment_status":"open","ping_status":"open","sticky":false,"template":"","format":"standard","meta":{"footnotes":""},"categories":[3],"tags":[],"class_list":["post-2385","post","type-post","status-publish","format-standard","hentry","category-alles-mogliche"],"_links":{"self":[{"href":"http:\/\/www.anthealein.de\/index.php?rest_route=\/wp\/v2\/posts\/2385","targetHints":{"allow":["GET"]}}],"collection":[{"href":"http:\/\/www.anthealein.de\/index.php?rest_route=\/wp\/v2\/posts"}],"about":[{"href":"http:\/\/www.anthealein.de\/index.php?rest_route=\/wp\/v2\/types\/post"}],"author":[{"embeddable":true,"href":"http:\/\/www.anthealein.de\/index.php?rest_route=\/wp\/v2\/users\/1"}],"replies":[{"embeddable":true,"href":"http:\/\/www.anthealein.de\/index.php?rest_route=%2Fwp%2Fv2%2Fcomments&post=2385"}],"version-history":[{"count":2,"href":"http:\/\/www.anthealein.de\/index.php?rest_route=\/wp\/v2\/posts\/2385\/revisions"}],"predecessor-version":[{"id":2389,"href":"http:\/\/www.anthealein.de\/index.php?rest_route=\/wp\/v2\/posts\/2385\/revisions\/2389"}],"wp:attachment":[{"href":"http:\/\/www.anthealein.de\/index.php?rest_route=%2Fwp%2Fv2%2Fmedia&parent=2385"}],"wp:term":[{"taxonomy":"category","embeddable":true,"href":"http:\/\/www.anthealein.de\/index.php?rest_route=%2Fwp%2Fv2%2Fcategories&post=2385"},{"taxonomy":"post_tag","embeddable":true,"href":"http:\/\/www.anthealein.de\/index.php?rest_route=%2Fwp%2Fv2%2Ftags&post=2385"}],"curies":[{"name":"wp","href":"https:\/\/api.w.org\/{rel}","templated":true}]}}