{"id":2328,"date":"2010-08-05T21:24:43","date_gmt":"2010-08-05T20:24:43","guid":{"rendered":"http:\/\/www.anthealein.de\/?p=2328"},"modified":"2010-08-05T21:24:43","modified_gmt":"2010-08-05T20:24:43","slug":"gott-bin-ich-froh-2","status":"publish","type":"post","link":"http:\/\/www.anthealein.de\/?p=2328","title":{"rendered":"Gott, bin ich froh&hellip;"},"content":{"rendered":"<p align=\"justify\">\u2026das wir bis zur n\u00e4chsten Einschulung noch 4 Jahre haben. Und erinnert mich dann bitte rechtzeitig (also min. 1 Jahr vorher!!!) daran, rechtzeitig mit den Vorbereitungen zu beginnen und die Woche vor der Einschulung Urlaub zu nehmen.<\/p>\n<p align=\"justify\">Schulranzen: abgehakt und alles besorgt.   <br \/>Schult\u00fcte: abgehakt und nicht ganz gef\u00fcllt (sonst k\u00f6nnte nicht mal ich sie noch tragen *g*).    <br \/>Kleider f\u00fcr die Kinder: abgehakt.    <br \/>Unterkunft f\u00fcr Alwin und Helga: abgehakt.    <br \/>Getr\u00e4nke und Essen f\u00fcr die n\u00e4chsten Tage: zum Teil abgehakt, zum Teil muss Chris morgen noch besorgen. (Notiz an mich: morgen fr\u00fch vor der Arbeit Einkaufszettel schreiben!!!)    <br \/>Geputzt: Theoretisch heute abgehakt, praktisch sieht es schon wieder aus, als h\u00e4tte ich eine Woche nicht gewischt *seufz*, mal sehen ob ich das morgen vor der Arbeit noch schnell in Angriff nehme (6 Uhr aufstehen? N\u00e4\u00e4\u00e4\u00e4\u00e4h, oder?)    <br \/>Vorbereitungen bei Oma+Opa: durfte ich heute am Telefon schon bestaunen *g* (so h\u00f6ren sich Chris und ich auch immer an *lach*)<\/p>\n<p align=\"justify\">Morgen kommen Onkel Alwin und Tante Helga, wollen aber erst noch in die Stadt und Fisch essen und kommen dann morgen Abend r\u00fcber zu uns \ud83d\ude42 . Morgen Abend m\u00f6chte Jana auch gerne ihre Haare noch gewaschen haben :shock_tb: und ich hab auch noch ein oder zwei Dinge vorzubereiten. Samstag morgen dann mit Schwies, Helga, Alwin, Sandra und Valeska zur Schule aufbrechen und dann, ja dann ist mein kleines M\u00e4uschen ein gro\u00dfes M\u00e4uschen *schluchz*. Anschlie\u00dfend fahren wir alle zu Schwies, wo dann auch noch Irene und Nico zu uns sto\u00dfen und dann wird lecker gegrillt *freu*. Und abends lassen wir den Tag gem\u00fctlich hier zu Hause ausklingen. <\/p>\n<p align=\"justify\">Sonntag darf ich dann wieder dringend hier Ordnung reinbringen und Essen kochen, bevor Alwin und Helga in Richtung Dortmund und Chris in Richtung Rainer (beim Schlafzimmeraufbau helfen) aufbrechen. <\/p>\n<p align=\"justify\">&#160;<\/p>\n<p align=\"justify\">Allgemein merkt man hier den Schulanfang. Jana zofft sich mit Chris und Lena ist pl\u00f6tzlich so was von lieb zu mir *lach*. Ich freu mich schon auf die Pubert\u00e4t der beiden Zwerge. Da Chris wie Jana ist, bocken die beiden sich an und da Lena wie ich ist, bocke ich mit ihr rum. Haben wir doch gerecht verteilt, oder?   <\/p>\n<p align=\"justify\">Und dann bewegte mich heute ein Erlebnis auf der Arbeit. Wir haben eine Familie mit 3 Jungs. Die Jungs sind alle bei uns angemeldet, der \u00e4lteste Junge kam immer mit den Kleineren im Schlepptau. Mutter oder Vater bekam man nie zu sehen. Ich bin den Jungs vor ewigen Zeiten mal auf dem Spielplatz begegnet und erfuhr dabei, das ihre Mutter Alleinerziehend ist und die Jungs deshalb so viel alleine unterwegs (wirken aber alle nicht vernachl\u00e4ssigt oder so).     <br \/>Gegen\u00fcber der B\u00fccherei ist ein Jugendtreff und heute sah man da einen Aufruhr, bevor der \u00e4lteste Bruder (ohne Geschwister unterwegs) in die B\u00fccherei st\u00fcrmte. 3 andere Jungs auf einmal hinterher, machten aber an der T\u00fcr auf mein aufgebrachtes \u201cHeyyyyyyyy\u201d Halt und zogen ein wenig Leine. Da sammelte sich allen Ernstes vor der B\u00fccherei eine Horde von ca. 9 Jungen + 2 M\u00e4dels und warteten, um diesen einen Jungen zu verm\u00f6beln. Die M\u00e4dels gingen dann rein, redeten mit dem Jungen und die Truppe zog ab. Der Junge blieb dennoch sicherheitshalber noch l\u00e4nger in der B\u00fccherei.     <br \/>Ich bin dann zu Helene um sie zu fragen, ob wir L. nicht hinten raus lassen k\u00f6nnten (vom Parkplatz aus f\u00fchrt ein Fu\u00dfweg zur Parallelstra\u00dfe), da meinte sie nur, das h\u00e4tten sie beim letzten Mal gemacht, aber L. w\u00e4re aus Versehen doch ums Haus rum und direkt in die Gruppe rein gelaufen. <\/p>\n<p align=\"justify\">Hallo? Was sind das f\u00fcr Kinder und vor allem, was machen die Leute in dem Jugendtreff bittesch\u00f6n? Die m\u00fcssen doch auch mitbekommen, das da massiv ein Junge bedroht wird. <\/p>\n<p align=\"justify\">&#160;<\/p>\n<p>Diese Woche:    <br \/><strike>&#8211; Montag: Jugendamt (Einstufung Zuschuss zur Tagesmutter), Fahrt zu den Seehundb\u00e4nken (Chris und Jana), Putzen, den Rest der Familie um 15 Uhr bei Susanne absetzen, \u00c4rztin, Familie abholen :)&#160; <br \/>&#8211; Dienstag: mit Jana Schulweg \u2013 B\u00fccherei laufen, Valeska holen, Spritzen abholen, Ikea, Bahlsen, Bening (20% auf alle Ausstellungsst\u00fccke), Blutergebnisse erfragen       <br \/>&#8211; Mittwoch: mit Jana in die Stadt, vorher Schulweg, Kleid (?) und die fehlenden Schulsachen besorgen, Schult\u00fcteninhalt nachmittags mit Lena besorgen<\/strike>     <br \/><strike>&#8211; Donnerstag: Putzen, Sp\u00e4tschicht, Melanie und co. kommen nachmittags den Rest besuchen, Siggi kommt<\/strike>     <br \/>&#8211; Freitag: Arbeiten, Abends gem\u00fctlich zusammen sitzen mit Familie \ud83d\ude42    <br \/>&#8211; Samstag: Einschulung    <br \/>&#8211; Sonntag: Ordnung machen, Kochen, Ruuuuuuuuuuhe \ud83d\ude42<\/p>\n<p>&#160;<\/p>\n<p>N\u00e4chste Woche:   <br \/>&#8211; Montag: 8.30 Uhr Gastro    <br \/>&#8211; Donnerstag: 16 Uhr Melanie und Ebba<\/p>\n<p>&#160;<\/p>\n<p align=\"center\"><a href=\"http:\/\/www.anthealein.de\/wp-content\/uploads\/2010\/08\/05082010.jpg\"><img loading=\"lazy\" decoding=\"async\" style=\"border-bottom: 0px; border-left: 0px; display: block; float: none; margin-left: auto; border-top: 0px; margin-right: auto; border-right: 0px\" title=\"05082010\" border=\"0\" alt=\"05082010\" src=\"http:\/\/www.anthealein.de\/wp-content\/uploads\/2010\/08\/05082010_thumb.jpg\" width=\"504\" height=\"504\" \/><\/a><\/p>\n<p>&#160;<\/p>\n<p align=\"center\"><a href=\"http:\/\/www.anthealein.de\/wp-content\/uploads\/2010\/08\/05082010III.jpg\"><img loading=\"lazy\" decoding=\"async\" style=\"border-bottom: 0px; border-left: 0px; display: block; float: none; margin-left: auto; border-top: 0px; margin-right: auto; border-right: 0px\" title=\"05082010III\" border=\"0\" alt=\"05082010III\" src=\"http:\/\/www.anthealein.de\/wp-content\/uploads\/2010\/08\/05082010III_thumb.jpg\" width=\"504\" height=\"504\" \/><\/a><\/p>\n<p align=\"center\">&#160;<\/p>\n<p align=\"center\"><a href=\"http:\/\/www.anthealein.de\/wp-content\/uploads\/2010\/08\/05082010II.jpg\"><img loading=\"lazy\" decoding=\"async\" style=\"border-bottom: 0px; border-left: 0px; display: inline; border-top: 0px; border-right: 0px\" title=\"05082010II\" border=\"0\" alt=\"05082010II\" src=\"http:\/\/www.anthealein.de\/wp-content\/uploads\/2010\/08\/05082010II_thumb.jpg\" width=\"504\" height=\"504\" \/><\/a>    <br \/>Herzlichen Gl\u00fcckwunsch, bester Schwiegerpapa und Opa der Welt!<\/p>\n","protected":false},"excerpt":{"rendered":"<p>\u2026das wir bis zur n\u00e4chsten Einschulung noch 4 Jahre haben. Und erinnert mich dann bitte rechtzeitig (also min. 1 Jahr vorher!!!) daran, rechtzeitig mit den Vorbereitungen zu beginnen und die Woche vor der Einschulung Urlaub zu nehmen. Schulranzen: abgehakt und alles besorgt. Schult\u00fcte: abgehakt und nicht ganz gef\u00fcllt (sonst k\u00f6nnte nicht mal ich sie noch [&hellip;]<\/p>\n","protected":false},"author":1,"featured_media":0,"comment_status":"open","ping_status":"open","sticky":false,"template":"","format":"standard","meta":{"footnotes":""},"categories":[3],"tags":[],"class_list":["post-2328","post","type-post","status-publish","format-standard","hentry","category-alles-mogliche"],"_links":{"self":[{"href":"http:\/\/www.anthealein.de\/index.php?rest_route=\/wp\/v2\/posts\/2328","targetHints":{"allow":["GET"]}}],"collection":[{"href":"http:\/\/www.anthealein.de\/index.php?rest_route=\/wp\/v2\/posts"}],"about":[{"href":"http:\/\/www.anthealein.de\/index.php?rest_route=\/wp\/v2\/types\/post"}],"author":[{"embeddable":true,"href":"http:\/\/www.anthealein.de\/index.php?rest_route=\/wp\/v2\/users\/1"}],"replies":[{"embeddable":true,"href":"http:\/\/www.anthealein.de\/index.php?rest_route=%2Fwp%2Fv2%2Fcomments&post=2328"}],"version-history":[{"count":0,"href":"http:\/\/www.anthealein.de\/index.php?rest_route=\/wp\/v2\/posts\/2328\/revisions"}],"wp:attachment":[{"href":"http:\/\/www.anthealein.de\/index.php?rest_route=%2Fwp%2Fv2%2Fmedia&parent=2328"}],"wp:term":[{"taxonomy":"category","embeddable":true,"href":"http:\/\/www.anthealein.de\/index.php?rest_route=%2Fwp%2Fv2%2Fcategories&post=2328"},{"taxonomy":"post_tag","embeddable":true,"href":"http:\/\/www.anthealein.de\/index.php?rest_route=%2Fwp%2Fv2%2Ftags&post=2328"}],"curies":[{"name":"wp","href":"https:\/\/api.w.org\/{rel}","templated":true}]}}