{"id":2313,"date":"2010-08-02T20:46:56","date_gmt":"2010-08-02T19:46:56","guid":{"rendered":"http:\/\/www.anthealein.de\/?p=2313"},"modified":"2010-08-02T20:46:56","modified_gmt":"2010-08-02T19:46:56","slug":"urlaubszeit","status":"publish","type":"post","link":"http:\/\/www.anthealein.de\/?p=2313","title":{"rendered":"Urlaubszeit&hellip;"},"content":{"rendered":"<p align=\"justify\">Jaha, auch die Stadtverwaltung macht teilweise Urlaub und so war, als ich heute morgen auf dem Jugendamt eintraf, dort schon High-Life. Die zust\u00e4ndige Kollegin in Urlaub, die eine auf die verwiesen wurde krank und vor dem Zimmer der dritten Kollegin stapelten sich schon die Leute. Lustigerweise auch die Tagesmutter die wir genommen h\u00e4tten, wenn Susanne den Job nicht machen w\u00fcrde. Dauerte also doch ein wenig l\u00e4nger als geplant, aber nach etlichen Minuten Warten und ein paar Minuten netten Plauschs mit der Kollegin (wieso sind eigentlich s\u00e4mtliche Kolleginnen im Jugendamt so nett?), war ich dann auch durch. <\/p>\n<p align=\"justify\">Chris ging mit Jana auf \u201cgro\u00dfe\u201d Fahrt, Lena \u201chalf\u201d mir beim putzen und verzog sich ausnahmsweise erst nach 2 gewischten R\u00e4umen in ihr Bett (normal haut sie sich schon nach dem 3. Raum staubsaugen hin). Zwischendrin schmiss ich noch schnell den Schweinebraten an und brachte die gewaschenen Decken in den Kiga (hatte ich f\u00fcr den Kiga \u00fcber die Sommerferien gewaschen) und als Chris und Jana kamen, freute ich mich \u00fcber eine f\u00fcr eine Stunde sauber gewesene Wohnung und leckeres Essen. <\/p>\n<p align=\"justify\">Kurz vor 15 Uhr machten wir uns schlie\u00dflich auf den Weg zu Susanne. Lena hatte vorher schon immer, wenn der Name fiel gefragt: \u201cmit?\u201d und als wir in die Stra\u00dfe einbogen hielt sie nix mehr. \u201cSanne, Sanne, Sanne\u201d *singfreu*. Sie schaute kurz, ob Tom unter dem Auto liegt (ne, Tom ist leider seit einer Woche vermisst \ud83d\ude41 ) und flitzte los in die Arme \u201cihrer\u201d Sanne :herz: . Ich bin dann los zur \u00c4rztin und hinterher haben wir noch eine sch\u00f6ne Stunde alle zusammen bei Susanne und Familie verbracht. <\/p>\n<p>Diese Woche:    <br \/><strike>&#8211; Montag: Jugendamt (Einstufung Zuschuss zur Tagesmutter), Fahrt zu den Seehundb\u00e4nken (Chris und Jana), Putzen, den Rest der Familie um 15 Uhr bei Susanne absetzen, \u00c4rztin, Familie abholen :)&#160; <br \/><\/strike>&#8211; Dienstag: mit Jana Schulweg \u2013 B\u00fccherei laufen, Valeska holen, Spritzen abholen, Ikea, Bening (20% auf alle Ausstellungsst\u00fccke), Blutergebnisse erfragen    <br \/>&#8211; Mittwoch: Schult\u00fcteninhalt besorgen<\/p>\n<p>&#160;<\/p>\n<p align=\"center\"><img loading=\"lazy\" decoding=\"async\" style=\"border-bottom: 0px; border-left: 0px; display: block; float: none; margin-left: auto; border-top: 0px; margin-right: auto; border-right: 0px\" title=\"02082010\" border=\"0\" alt=\"02082010\" src=\"http:\/\/www.anthealein.de\/wp-content\/uploads\/2010\/08\/02082010_thumb.jpg\" width=\"504\" height=\"504\" \/><\/p>\n<p align=\"center\">&#160;<\/p>\n<p align=\"center\"><a href=\"http:\/\/www.anthealein.de\/wp-content\/uploads\/2010\/08\/02082010II.jpg\"><img loading=\"lazy\" decoding=\"async\" style=\"border-bottom: 0px; border-left: 0px; display: block; float: none; margin-left: auto; border-top: 0px; margin-right: auto; border-right: 0px\" title=\"02082010II\" border=\"0\" alt=\"02082010II\" src=\"http:\/\/www.anthealein.de\/wp-content\/uploads\/2010\/08\/02082010II_thumb.jpg\" width=\"504\" height=\"504\" \/><\/a><\/p>\n<\/p>\n<p align=\"center\">&#160;<\/p>\n<p align=\"center\"><a href=\"http:\/\/www.anthealein.de\/wp-content\/uploads\/2010\/08\/02082010III.jpg\"><u><font color=\"#1f85da\"><\/font><\/u><img loading=\"lazy\" decoding=\"async\" style=\"border-bottom: 0px; border-left: 0px; display: block; float: none; margin-left: auto; border-top: 0px; margin-right: auto; border-right: 0px\" title=\"02082010III\" border=\"0\" alt=\"02082010III\" src=\"http:\/\/www.anthealein.de\/wp-content\/uploads\/2010\/08\/02082010III_thumb.jpg\" width=\"504\" height=\"504\" \/><\/a><\/p>\n<p align=\"center\">&#160;<\/p>\n<p align=\"center\"><a href=\"http:\/\/www.anthealein.de\/wp-content\/uploads\/2010\/08\/02082010IV.jpg\"><u><font color=\"#1f85da\"><\/font><\/u><img loading=\"lazy\" decoding=\"async\" style=\"border-bottom: 0px; border-left: 0px; display: block; float: none; margin-left: auto; border-top: 0px; margin-right: auto; border-right: 0px\" title=\"02082010IV\" border=\"0\" alt=\"02082010IV\" src=\"http:\/\/www.anthealein.de\/wp-content\/uploads\/2010\/08\/02082010IV_thumb.jpg\" width=\"504\" height=\"504\" \/><\/a><\/p>\n<p align=\"center\">&#160;<\/p>\n<p align=\"center\"><a href=\"http:\/\/www.anthealein.de\/wp-content\/uploads\/2010\/08\/02082010V.jpg\"><img loading=\"lazy\" decoding=\"async\" style=\"border-bottom: 0px; border-left: 0px; display: block; float: none; margin-left: auto; border-top: 0px; margin-right: auto; border-right: 0px\" title=\"02082010V\" border=\"0\" alt=\"02082010V\" src=\"http:\/\/www.anthealein.de\/wp-content\/uploads\/2010\/08\/02082010V_thumb.jpg\" width=\"504\" height=\"504\" \/><\/a><\/p>\n<p align=\"center\">&#160;<\/p>\n<p align=\"center\"><a href=\"http:\/\/www.anthealein.de\/wp-content\/uploads\/2010\/08\/02082010VI.jpg\"><img loading=\"lazy\" decoding=\"async\" style=\"border-bottom: 0px; border-left: 0px; display: block; float: none; margin-left: auto; border-top: 0px; margin-right: auto; border-right: 0px\" title=\"02082010VI\" border=\"0\" alt=\"02082010VI\" src=\"http:\/\/www.anthealein.de\/wp-content\/uploads\/2010\/08\/02082010VI_thumb.jpg\" width=\"504\" height=\"404\" \/><\/a><\/p>\n","protected":false},"excerpt":{"rendered":"<p>Jaha, auch die Stadtverwaltung macht teilweise Urlaub und so war, als ich heute morgen auf dem Jugendamt eintraf, dort schon High-Life. Die zust\u00e4ndige Kollegin in Urlaub, die eine auf die verwiesen wurde krank und vor dem Zimmer der dritten Kollegin stapelten sich schon die Leute. Lustigerweise auch die Tagesmutter die wir genommen h\u00e4tten, wenn Susanne [&hellip;]<\/p>\n","protected":false},"author":1,"featured_media":0,"comment_status":"open","ping_status":"open","sticky":false,"template":"","format":"standard","meta":{"footnotes":""},"categories":[3],"tags":[],"class_list":["post-2313","post","type-post","status-publish","format-standard","hentry","category-alles-mogliche"],"_links":{"self":[{"href":"http:\/\/www.anthealein.de\/index.php?rest_route=\/wp\/v2\/posts\/2313","targetHints":{"allow":["GET"]}}],"collection":[{"href":"http:\/\/www.anthealein.de\/index.php?rest_route=\/wp\/v2\/posts"}],"about":[{"href":"http:\/\/www.anthealein.de\/index.php?rest_route=\/wp\/v2\/types\/post"}],"author":[{"embeddable":true,"href":"http:\/\/www.anthealein.de\/index.php?rest_route=\/wp\/v2\/users\/1"}],"replies":[{"embeddable":true,"href":"http:\/\/www.anthealein.de\/index.php?rest_route=%2Fwp%2Fv2%2Fcomments&post=2313"}],"version-history":[{"count":0,"href":"http:\/\/www.anthealein.de\/index.php?rest_route=\/wp\/v2\/posts\/2313\/revisions"}],"wp:attachment":[{"href":"http:\/\/www.anthealein.de\/index.php?rest_route=%2Fwp%2Fv2%2Fmedia&parent=2313"}],"wp:term":[{"taxonomy":"category","embeddable":true,"href":"http:\/\/www.anthealein.de\/index.php?rest_route=%2Fwp%2Fv2%2Fcategories&post=2313"},{"taxonomy":"post_tag","embeddable":true,"href":"http:\/\/www.anthealein.de\/index.php?rest_route=%2Fwp%2Fv2%2Ftags&post=2313"}],"curies":[{"name":"wp","href":"https:\/\/api.w.org\/{rel}","templated":true}]}}