{"id":2282,"date":"2010-07-31T20:40:35","date_gmt":"2010-07-31T19:40:35","guid":{"rendered":"http:\/\/www.anthealein.de\/?p=2282"},"modified":"2010-07-31T20:40:35","modified_gmt":"2010-07-31T19:40:35","slug":"das-1x1-der-hasis","status":"publish","type":"post","link":"http:\/\/www.anthealein.de\/?p=2282","title":{"rendered":"Das 1&#215;1 der Hasis"},"content":{"rendered":"<p align=\"justify\">Ihr erinnert euch noch an mein Posting \u00fcber verschwundene und pl\u00f6tzlich aus dem Nichts wieder aufgetauchte Schnuller?<\/p>\n<p align=\"justify\">Wir h\u00e4tten hier noch so einen Vertreter: Hasi. Gekauft bei Ikea, genannt auch <a href=\"http:\/\/www.ikea.com\/de\/de\/catalog\/products\/10132774\" target=\"_blank\">FABLER Kanin<\/a> . Nachdem wir bei Jana den Fehler gemacht haben, Saisonkuscheltiert\u00fccher von Tchibo zu kaufen und die dann teuer (z.T. f\u00fcr \u00fcber 20 Euro) bei Ebay nachkaufen zu m\u00fcssen, waren wir bei Lena so schlau und haben gleich 8 von diesen Kaninchen nach und nach mitgenommen. Anfangs hatte sie nur 1, dann zog sie sich Nr. 2 von der W\u00e4scheleine und Nr. 3 wurde eines Tages aus dem Schrank gew\u00fchlt. Jetzt l\u00e4uft Lena also nicht nur mit einem, sondern gleich mit drei Hasis rum und braucht die auch zum schlafen (1 links, 1 rechts, 1 \u00fcber der Stirn :shock_tb: ). Einen hab ich kaputt gemacht, einer ist bei Susanne, einen haben wir in Bremen verloren. Macht? Richtig: 5 Hasis. Anfang der Woche schmiss ich einen in die W\u00e4sche und holte einen frischen Hasi aus dem Schrank. Heute schmiss Chris auch einen Hasi in die W\u00e4sche und dann: rannten wir wie bl\u00f6de auf der Suche nach den Hasis durch die Wohnung, weil: Lena hat jetzt nur noch 3. Ich hab ehrlich keinen Schimmer, wo die beiden anderen Hasis hin sind, sie sind weg. Und damit gibt es f\u00fcr Dienstag eine Plan\u00e4nderung: ab zu Ikea, Hasis kaufen \ud83d\ude42 .<\/p>\n<p>&#160;<\/p>\n<p>Diese Woche:    <br \/><strike>&#8211; Montag: Rutsche organisieren <\/strike>    <br \/><strike>&#8211; Dienstag: Arbeiten, Post, mal sehen \ud83d\ude42      <br \/>&#8211; Mittwoch: Arbeiten, Jennifer + Anh\u00e4nge zu Besuch<\/strike>     <br \/><strike>&#8211; Donnerstag: Arbeiten, Friseur, Marktkauf      <br \/>&#8211; Freitag: Arbeiten       <br \/>&#8211; Samstag: dito, Schulsachen (besorgt Chris)<\/strike>&#160; <br \/>&#8211; Sonntag: keinen Schimmer<\/p>\n<p>N\u00e4chste Woche:    <br \/>&#8211; Montag: Jugendamt (Einstufung Zuschuss zur Tagesmutter), Fahrt zu den Seehundb\u00e4nken mit Jana, \u00c4rztin, Neuro anrufen wegen Rezept&#160; <br \/>&#8211; Dienstag: Spritzen abholen, Ikea    <br \/>&#8211; Mittwoch: Schult\u00fcteninhalt besorgen<\/p>\n<p>Irgendwann die Woche: alles f\u00fcr Samstag einkaufen, Jana zu Anne bringen, mit Melanie + Anh\u00e4ngen verabreden.<\/p>\n<p>&#160;<\/p>\n<p align=\"center\"><img loading=\"lazy\" decoding=\"async\" style=\"border-bottom: 0px; border-left: 0px; display: block; float: none; margin-left: auto; border-top: 0px; margin-right: auto; border-right: 0px\" title=\"31072010\" border=\"0\" alt=\"31072010\" src=\"http:\/\/www.anthealein.de\/wp-content\/uploads\/2010\/07\/31072010_thumb.jpg\" width=\"504\" height=\"504\" \/><\/p>\n<p align=\"center\">&#160;<\/p>\n<p align=\"center\"><img loading=\"lazy\" decoding=\"async\" style=\"border-bottom: 0px; border-left: 0px; display: block; float: none; margin-left: auto; border-top: 0px; margin-right: auto; border-right: 0px\" title=\"31072010II\" border=\"0\" alt=\"31072010II\" src=\"http:\/\/www.anthealein.de\/wp-content\/uploads\/2010\/07\/31072010II_thumb.jpg\" width=\"504\" height=\"504\" \/><\/p>\n<p align=\"center\">&#160;<\/p>\n<p align=\"center\"><a href=\"http:\/\/www.anthealein.de\/wp-content\/uploads\/2010\/07\/31072010III.jpg\"><img loading=\"lazy\" decoding=\"async\" style=\"border-bottom: 0px; border-left: 0px; display: block; float: none; margin-left: auto; border-top: 0px; margin-right: auto; border-right: 0px\" title=\"31072010III\" border=\"0\" alt=\"31072010III\" src=\"http:\/\/www.anthealein.de\/wp-content\/uploads\/2010\/07\/31072010III_thumb.jpg\" width=\"404\" height=\"504\" \/><\/a><\/p>\n","protected":false},"excerpt":{"rendered":"<p>Ihr erinnert euch noch an mein Posting \u00fcber verschwundene und pl\u00f6tzlich aus dem Nichts wieder aufgetauchte Schnuller? Wir h\u00e4tten hier noch so einen Vertreter: Hasi. Gekauft bei Ikea, genannt auch FABLER Kanin . Nachdem wir bei Jana den Fehler gemacht haben, Saisonkuscheltiert\u00fccher von Tchibo zu kaufen und die dann teuer (z.T. f\u00fcr \u00fcber 20 Euro) [&hellip;]<\/p>\n","protected":false},"author":1,"featured_media":0,"comment_status":"open","ping_status":"open","sticky":false,"template":"","format":"standard","meta":{"footnotes":""},"categories":[3],"tags":[],"class_list":["post-2282","post","type-post","status-publish","format-standard","hentry","category-alles-mogliche"],"_links":{"self":[{"href":"http:\/\/www.anthealein.de\/index.php?rest_route=\/wp\/v2\/posts\/2282","targetHints":{"allow":["GET"]}}],"collection":[{"href":"http:\/\/www.anthealein.de\/index.php?rest_route=\/wp\/v2\/posts"}],"about":[{"href":"http:\/\/www.anthealein.de\/index.php?rest_route=\/wp\/v2\/types\/post"}],"author":[{"embeddable":true,"href":"http:\/\/www.anthealein.de\/index.php?rest_route=\/wp\/v2\/users\/1"}],"replies":[{"embeddable":true,"href":"http:\/\/www.anthealein.de\/index.php?rest_route=%2Fwp%2Fv2%2Fcomments&post=2282"}],"version-history":[{"count":0,"href":"http:\/\/www.anthealein.de\/index.php?rest_route=\/wp\/v2\/posts\/2282\/revisions"}],"wp:attachment":[{"href":"http:\/\/www.anthealein.de\/index.php?rest_route=%2Fwp%2Fv2%2Fmedia&parent=2282"}],"wp:term":[{"taxonomy":"category","embeddable":true,"href":"http:\/\/www.anthealein.de\/index.php?rest_route=%2Fwp%2Fv2%2Fcategories&post=2282"},{"taxonomy":"post_tag","embeddable":true,"href":"http:\/\/www.anthealein.de\/index.php?rest_route=%2Fwp%2Fv2%2Ftags&post=2282"}],"curies":[{"name":"wp","href":"https:\/\/api.w.org\/{rel}","templated":true}]}}