{"id":2254,"date":"2010-07-25T20:24:17","date_gmt":"2010-07-25T19:24:17","guid":{"rendered":"http:\/\/www.anthealein.de\/?p=2254"},"modified":"2010-07-25T20:25:37","modified_gmt":"2010-07-25T19:25:37","slug":"kfer-und-andere-phobien","status":"publish","type":"post","link":"http:\/\/www.anthealein.de\/?p=2254","title":{"rendered":"K&auml;fer und andere Phobien"},"content":{"rendered":"<p align=\"justify\">Lena hasst K\u00e4fer. K\u00e4fer und Fliegen und Bienen und Spinnen und M\u00fccken. Kurz: alles was Insekt und nicht Schmetterling ist. Kurz nach meinem letzten Post gestern ging der Alarm hier los. Chris war schon im Bett, Lena sa\u00df weinend im Bett: \u201cK\u00e4fer?\u201d. Auch meine Versicherungen, das kein K\u00e4fer im Zimmer w\u00e4re, beruhigten sie nicht. Also nahm ich sie mit in unser Bett. Und dort hatten wir dann etwas \u00fcber eine Stunde immer wieder:   <\/p>\n<p>\u201cK\u00e4fer?\u201d    <br \/>\u201dNein, hier sind keine K\u00e4fer\u201d    <br \/>\u201dK\u00e4fer weg?\u201d    <br \/>\u201dJa, alle K\u00e4fer weg.\u201d    <\/p>\n<p>\u201cSpinne?\u201d    <br \/>s.o.    <\/p>\n<p>\u201cFliege?\u201d    <br \/>s.o.    <\/p>\n<p>\u201cM\u00fccke?\u201d    <br \/>s.o.    <\/p>\n<p>\u201cBiene?\u201d    <br \/>s.o.<\/p>\n<p align=\"justify\">Heute morgen durfte ich dann ausschlafen und erst gegen kurz vor 10 Uhr zogen wir los in Richtung Flohmarkt. Keine Rutsche gefunden, daf\u00fcr hat Jana sich mal wieder Polly Pocket gekauft. Mittag essen, W\u00e4sche machen, mit Lena spielen und dann ging es ab in den Keller. Eigentlich wollte ich nur eine kurze Hose von Jana suchen (n\u00e4mlich die auf dem 3. LO <a href=\"http:\/\/www.anthealein.de\/?p=562\" target=\"_blank\">hier<\/a> ) f\u00fcr Lena und einen alten selbstgestrickten Pullover den unsere Nachbarin uns damals f\u00fcr Jana gegeben hat und den sie jetzt gerne ihrem Patenkind weiterreichen w\u00fcrde. Nach oben geschleppt haben wir dann ca. einen Umzugskarton voll Kleidung. Auch wenn Lena noch 74 tr\u00e4gt, 86er Kleider passen schon und dann w\u00e4ren da noch Schlafanz\u00fcge, Unterw\u00e4sche, 80er Sachen und sogar noch ein paar T-Shirts in 74. Sogar die Winterjacken in 80 hab ich schon mal mitgeschleppt *lach*.<\/p>\n<p align=\"justify\">Morgen geht es dann morgens nach Schortens. Malte (Lenas Krankengymnasten) ein Foto bringen, dann den Second-Hand-Laden nach einer Rutsche absuchen (kann ja in den letzten Tagen doch noch was gekommen sein) und dann weiter zu Famila, Obi und noch so einem Laden, der auch eine Rutsche haben k\u00f6nnte. Und dann hoffen wir mal, eine zu ergattern \ud83d\ude42 . Oh und zwischendrin zur Post und zu Hermes.<\/p>\n<p align=\"justify\">Nachmittags? Ich muss mal wieder sauber machen (jahaaaaaaa Anke, ist nu mal so) und der Rest: mal sehen.<\/p>\n<p align=\"justify\">&#160;<\/p>\n<p>Diese Woche:    <br \/><strike>&#8211; Montag: Einkaufen, Jana holen, Anne<\/strike>    <br \/><strike>&#8211; Dienstag: Arbeiten, Valeska und Lisa und Huong<\/strike>    <br \/><strike>&#8211; Mittwoch: Arbeiten, Jana bei Susanne absetzen und Lena holen, Sauber machen *seufz*      <br \/>&#8211; Donnerstag: Arbeiten, RAUUUUUUUUUUS!!!       <br \/>&#8211; Freitag: Arbeiten <img decoding=\"async\" alt=\":)\" src=\"http:\/\/www.anthealein.de\/wp-includes\/images\/smilies\/smile1.gif\" \/>      <br \/>&#8211; Samstag: Jaaaaaaaaaaaanz fr\u00fch aufstehen, Chris zur Arbeit jagen, die Wohnung auf Vordermann bringen, 9.30 Uhr kommen Schwies mit Jana, ich geh um 10.10 Uhr zur Arbeit (laufen, jahaaaaaaa *freu*), 3 Stunden Ausleihe f\u00fcr mich<\/strike>    <br \/><strike>&#8211; Sonntag: Flohmarkt <img decoding=\"async\" alt=\":)\" src=\"http:\/\/www.anthealein.de\/wp-includes\/images\/smilies\/smile1.gif\" \/>, Keller<\/strike><\/p>\n<p>&#160;<\/p>\n<p align=\"center\"><img loading=\"lazy\" decoding=\"async\" style=\"border-bottom: 0px; border-left: 0px; display: block; float: none; margin-left: auto; border-top: 0px; margin-right: auto; border-right: 0px\" title=\"25072010\" border=\"0\" alt=\"25072010\" src=\"http:\/\/www.anthealein.de\/wp-content\/uploads\/2010\/07\/25072010_thumb.jpg\" width=\"504\" height=\"504\" \/><\/p>\n<p align=\"center\">&#160;<\/p>\n<p align=\"center\"><img loading=\"lazy\" decoding=\"async\" style=\"border-bottom: 0px; border-left: 0px; display: block; float: none; margin-left: auto; border-top: 0px; margin-right: auto; border-right: 0px\" title=\"25072010II\" border=\"0\" alt=\"25072010II\" src=\"http:\/\/www.anthealein.de\/wp-content\/uploads\/2010\/07\/25072010II_thumb.jpg\" width=\"504\" height=\"504\" \/><\/p>\n<p align=\"center\">&#160;<\/p>\n<p align=\"center\"><a href=\"http:\/\/www.anthealein.de\/wp-content\/uploads\/2010\/07\/25072010III1.jpg\"><img loading=\"lazy\" decoding=\"async\" style=\"border-bottom: 0px; border-left: 0px; display: block; float: none; margin-left: auto; border-top: 0px; margin-right: auto; border-right: 0px\" title=\"25072010III\" border=\"0\" alt=\"25072010III\" src=\"http:\/\/www.anthealein.de\/wp-content\/uploads\/2010\/07\/25072010III_thumb1.jpg\" width=\"484\" height=\"484\" \/><\/a><\/p>\n","protected":false},"excerpt":{"rendered":"<p>Lena hasst K\u00e4fer. K\u00e4fer und Fliegen und Bienen und Spinnen und M\u00fccken. Kurz: alles was Insekt und nicht Schmetterling ist. Kurz nach meinem letzten Post gestern ging der Alarm hier los. Chris war schon im Bett, Lena sa\u00df weinend im Bett: \u201cK\u00e4fer?\u201d. Auch meine Versicherungen, das kein K\u00e4fer im Zimmer w\u00e4re, beruhigten sie nicht. Also [&hellip;]<\/p>\n","protected":false},"author":1,"featured_media":0,"comment_status":"open","ping_status":"open","sticky":false,"template":"","format":"standard","meta":{"footnotes":""},"categories":[3],"tags":[],"class_list":["post-2254","post","type-post","status-publish","format-standard","hentry","category-alles-mogliche"],"_links":{"self":[{"href":"http:\/\/www.anthealein.de\/index.php?rest_route=\/wp\/v2\/posts\/2254","targetHints":{"allow":["GET"]}}],"collection":[{"href":"http:\/\/www.anthealein.de\/index.php?rest_route=\/wp\/v2\/posts"}],"about":[{"href":"http:\/\/www.anthealein.de\/index.php?rest_route=\/wp\/v2\/types\/post"}],"author":[{"embeddable":true,"href":"http:\/\/www.anthealein.de\/index.php?rest_route=\/wp\/v2\/users\/1"}],"replies":[{"embeddable":true,"href":"http:\/\/www.anthealein.de\/index.php?rest_route=%2Fwp%2Fv2%2Fcomments&post=2254"}],"version-history":[{"count":1,"href":"http:\/\/www.anthealein.de\/index.php?rest_route=\/wp\/v2\/posts\/2254\/revisions"}],"predecessor-version":[{"id":2257,"href":"http:\/\/www.anthealein.de\/index.php?rest_route=\/wp\/v2\/posts\/2254\/revisions\/2257"}],"wp:attachment":[{"href":"http:\/\/www.anthealein.de\/index.php?rest_route=%2Fwp%2Fv2%2Fmedia&parent=2254"}],"wp:term":[{"taxonomy":"category","embeddable":true,"href":"http:\/\/www.anthealein.de\/index.php?rest_route=%2Fwp%2Fv2%2Fcategories&post=2254"},{"taxonomy":"post_tag","embeddable":true,"href":"http:\/\/www.anthealein.de\/index.php?rest_route=%2Fwp%2Fv2%2Ftags&post=2254"}],"curies":[{"name":"wp","href":"https:\/\/api.w.org\/{rel}","templated":true}]}}