{"id":2247,"date":"2010-07-24T22:50:52","date_gmt":"2010-07-24T21:50:52","guid":{"rendered":"http:\/\/www.anthealein.de\/?p=2247"},"modified":"2010-07-24T22:52:55","modified_gmt":"2010-07-24T21:52:55","slug":"fllt-mir-gerade-noch-ein","status":"publish","type":"post","link":"http:\/\/www.anthealein.de\/?p=2247","title":{"rendered":"F&auml;llt mir gerade noch ein &hellip;"},"content":{"rendered":"<p>\u2026 und bevor ich sie wieder vergesse, wie das halt mit den \u201cdas muss ich nachher aufschreiben\u201d-Episoden so ist, tippe ich sie mal lieber schnell ein. V\u00f6llig zusammenhanglos, weil mir gerade eine nach der anderen wieder einfiel:<\/p>\n<p>&#8211; Was k\u00f6nnte das Kind wohl meinen, wenn es beim Abendbrot \u201cNuein\u201d verlangt? Richtig: ein St\u00fcck K\u00fcchentuch. Weil man, immer wenn sie ein St\u00fcck abrei\u00dft, dazu sagt das sie aber \u201cnur eins\u201d nehmen soll :shock_tb:<\/p>\n<p>&#8211; Heute morgen: ich will Zwerg anziehen. Zwerg hat aber eine ganz eigene Meinung was wickeln und anziehen angeht und wollte partout nicht die Hose + Shirt anziehen, die ich raus gelegt hatte. Nach einigen K\u00e4mpfen war die L\u00fctte wenigstens angezogen. Wenn auch nicht mit den Sachen, die ich raus gelegt hatte. Heute Nachmittag holten mich dann Chris + Jana + Lena von der Arbeit ab und dreimal d\u00fcrft ihr raten, was der kleine Giftzwerg an hatte *motz*.<\/p>\n<p>&#8211; Seit neuestem geh\u00f6rt zu ihrem morgendlichen Abgeb-Ritual bei der Tagesmutter, nach dem Aussteigen unter das Auto zu schauen. Irgendwie konnte ich ihr noch nicht klar machen, das Tom (Kater der Tagesmutter) h\u00f6chstens bei unserer Abfahrt unter dem Auto liegen k\u00f6nnte, wie Ende letzter Woche fast passiert.<\/p>\n<p>&#8211; Dank dem Wetter hab ich momentan in meinem M\u00fclleimer keine T\u00fcte f\u00fcr den Biom\u00fcll (zu dem Jana im \u00fcbrigen \u201cLebendm\u00fcll\u201d sagt). Lena hat anscheinend trotzdem verstanden wozu der Eimer gut ist, denn jedes Mal wenn sie etwas wegschmei\u00dfen soll was Biom\u00fcll ist, landet es im richtigen Eimer. Meint f\u00fcr mich: dem Kind wirklich nur Br\u00f6tchen und co. zum wegschmei\u00dfen in die Hand dr\u00fccken \ud83d\ude42<\/p>\n","protected":false},"excerpt":{"rendered":"<p>\u2026 und bevor ich sie wieder vergesse, wie das halt mit den \u201cdas muss ich nachher aufschreiben\u201d-Episoden so ist, tippe ich sie mal lieber schnell ein. V\u00f6llig zusammenhanglos, weil mir gerade eine nach der anderen wieder einfiel: &#8211; Was k\u00f6nnte das Kind wohl meinen, wenn es beim Abendbrot \u201cNuein\u201d verlangt? Richtig: ein St\u00fcck K\u00fcchentuch. Weil [&hellip;]<\/p>\n","protected":false},"author":1,"featured_media":0,"comment_status":"open","ping_status":"open","sticky":false,"template":"","format":"standard","meta":{"footnotes":""},"categories":[3],"tags":[],"class_list":["post-2247","post","type-post","status-publish","format-standard","hentry","category-alles-mogliche"],"_links":{"self":[{"href":"http:\/\/www.anthealein.de\/index.php?rest_route=\/wp\/v2\/posts\/2247","targetHints":{"allow":["GET"]}}],"collection":[{"href":"http:\/\/www.anthealein.de\/index.php?rest_route=\/wp\/v2\/posts"}],"about":[{"href":"http:\/\/www.anthealein.de\/index.php?rest_route=\/wp\/v2\/types\/post"}],"author":[{"embeddable":true,"href":"http:\/\/www.anthealein.de\/index.php?rest_route=\/wp\/v2\/users\/1"}],"replies":[{"embeddable":true,"href":"http:\/\/www.anthealein.de\/index.php?rest_route=%2Fwp%2Fv2%2Fcomments&post=2247"}],"version-history":[{"count":2,"href":"http:\/\/www.anthealein.de\/index.php?rest_route=\/wp\/v2\/posts\/2247\/revisions"}],"predecessor-version":[{"id":2248,"href":"http:\/\/www.anthealein.de\/index.php?rest_route=\/wp\/v2\/posts\/2247\/revisions\/2248"}],"wp:attachment":[{"href":"http:\/\/www.anthealein.de\/index.php?rest_route=%2Fwp%2Fv2%2Fmedia&parent=2247"}],"wp:term":[{"taxonomy":"category","embeddable":true,"href":"http:\/\/www.anthealein.de\/index.php?rest_route=%2Fwp%2Fv2%2Fcategories&post=2247"},{"taxonomy":"post_tag","embeddable":true,"href":"http:\/\/www.anthealein.de\/index.php?rest_route=%2Fwp%2Fv2%2Ftags&post=2247"}],"curies":[{"name":"wp","href":"https:\/\/api.w.org\/{rel}","templated":true}]}}