{"id":2242,"date":"2010-07-23T20:07:55","date_gmt":"2010-07-23T19:07:55","guid":{"rendered":"http:\/\/www.anthealein.de\/?p=2242"},"modified":"2010-07-23T20:07:55","modified_gmt":"2010-07-23T19:07:55","slug":"nix-zu-erzhlen","status":"publish","type":"post","link":"http:\/\/www.anthealein.de\/?p=2242","title":{"rendered":"Nix zu erz&auml;hlen :)"},"content":{"rendered":"<p align=\"justify\">Wie das so ist: wenn man arbeitet, hat man nichts zu erz\u00e4hlen *g*. Oder wolltet ihr wissen, das ich heute eine DVD ohne H\u00fclle bei den DVDs gefunden habe, die D. vor 3 Tagen ausgeschieden hat weil seit Ewigkeiten die H\u00fclle ohne DVD bei ihr lag? Oder das ich tats\u00e4chlich nach 3 Wochen unserer PC-Fee etwas in unserem Programm zeigen konnte, das sie noch nicht kannte (Tageschronik der Benutzer und T\u00e4tigkeiten)? Das ich und Anke mal wieder rumgealbert haben? Das ich n\u00e4chste Woche mal probieren will, die H\u00f6rb\u00fccher richtig alphabetisch zu sortieren, weil das in der Kibue so gut funktioniert (Jaha, wir haben Sommerflaute und ich Langeweile)? Das ich das neue System so gar nicht gut finde, wenn ich die CD mit Transponder bei mir liegen habe, die anderen 4 CDs des H\u00f6rbuchs + H\u00fclle aber spurlos verschwunden sind? Das ich das neue System andererseits liebe, wenn ich CDs innerhalb von 10 Minuten eingearbeitet im Regal stehen habe? Das unsere B\u00fccherei seit einiger Zeit einen <a href=\"http:\/\/stbwhv.wordpress.com\/\" target=\"_blank\">Blog<\/a> hat und ich beim Lesen desselben noch einen anderen interessanten <a href=\"http:\/\/www.cvknet.de\/wp\/\" target=\"_blank\">Blog<\/a> in den Kommentaren gefunden habe? Das mich heute irgendwas geritten hat, mich als dritte Vertretung f\u00fcr die Fernleihe anzubieten (neben meiner Vertretung im Sekretariat)? <\/p>\n<p align=\"justify\">Oh und hatte ich erw\u00e4hnt wie sch\u00f6n es ist, von den alten Stammbenutzern wieder so freudig aufgenommen zu werden? Inzwischen bin ich ja schon l\u00e4nger wieder da, aber ich h\u00f6re trotzdem immer mal wieder wie sch\u00f6n es w\u00e4re, das ich wieder da bin \ud83d\ude42 . <\/p>\n<p align=\"justify\">Ach ja, Tante Helga: ich soll dich von unserer ehemaligen Kioskfrau gr\u00fc\u00dfen. Die leiht n\u00e4mlich mittlerweile auch begeistert bei uns aus und fragte mich, wie es dir ginge. Und bemerkte gleich nebenbei, das ich ja so viel abgenommen h\u00e4tte. Jahaaaaaaaa *grummel* und seit Arbeitsbeginn sind es schon wieder 2 kg. Ich muss erst den neuen Kalorienbedarf mit der gesteigerten Bewegung herausbekommen. Die letzten Monate hatte ich ja tapfer mein Gewicht gehalten, aber mit dem Mehrverbrauch schaut es jetzt wieder schlechter aus. Ich wei\u00df, ich wei\u00df, ich hab jahrelang alle neidisch angeschaut, die essen konnten, was sie wollten. Aber mal ehrlich: man mag doch nicht jeden Tag morgens 5 Frischeiwaffeln (hatte es eilig), mittags ein Schoko-Croissant und ein Thunfisch Br\u00f6tchen, zum Kaffee ein K\u00e4sebr\u00f6tchen (mit Mayo), zum Abendessen Nudelsalat und 3 Minutenschnitzel essen. Von diversen Keksen, Chips, Schokolade etc. mal ganz abgesehen. Wetten, das meine Waage morgen fr\u00fch trotzdem max. gleiches Gewicht wie heute morgen anzeigt, wenn nicht wieder weniger? Mein Ex-Arzt hat mir auf meine Beschwerden nahe gelegt, mich gesund und nach dieser S\u00e4ure-Basen-Di\u00e4t zu ern\u00e4hren. Ja klar, ich ern\u00e4hr mich gesund und bin 2 Wochen sp\u00e4ter 6 kg los :piebts: Das hat mich das Krankenhaus ja mit der Lungenentz\u00fcndung schon durchmachen lassen.<\/p>\n<p align=\"justify\">So langsam kommt hier auch ein Rhythmus rein. Samstags, Montags und Mittwochs mach ich nach der Arbeit hier klar Schiff, die anderen Tage wird nur gesaugt und das n\u00f6tigste gemacht. Montags \u00c4rzte, Post, gr\u00f6\u00dferer Einkauf. Wird noch ein paar Wochen dauern, aber dann sollte das laufen \ud83d\ude42<\/p>\n<p align=\"justify\">&#160;<\/p>\n<p>Diese Woche (h\u00e4tte mir nicht jemand sagen k\u00f6nnen, das hier die ganze Woche schon \u201cn\u00e4chste\u201d stand?):    <br \/><strike>&#8211; Montag: Einkaufen, Jana holen, Anne<\/strike>    <br \/><strike>&#8211; Dienstag: Arbeiten, Valeska und Lisa und Huong<\/strike>    <br \/><strike>&#8211; Mittwoch: Arbeiten, Jana bei Susanne absetzen und Lena holen, Sauber machen *seufz*      <br \/>&#8211; Donnerstag: Arbeiten, RAUUUUUUUUUUS!!!       <br \/>&#8211; Freitag: Arbeiten <img decoding=\"async\" alt=\":)\" src=\"http:\/\/www.anthealein.de\/wp-includes\/images\/smilies\/smile1.gif\" \/>      <br \/><\/strike>&#8211; Samstag: Jaaaaaaaaaaaanz fr\u00fch aufstehen, Chris zur Arbeit jagen, die Wohnung auf Vordermann bringen, 9.30 Uhr kommen Schwies mit Jana, ich geh um 10.10 Uhr zur Arbeit (laufen, jahaaaaaaa *freu*), 3 Stunden Ausleihe f\u00fcr mich, Chris + Schwies + Eltern grillen gegen 13 Uhr. Abends? Mit Wolfgang und seiner Tochter und Frau einen trinken und nett beisammen sitzen?    <br \/>&#8211; Sonntag: Flohmarkt \ud83d\ude42<\/p>\n<p>&#160;<\/p>\n<p align=\"center\"><a href=\"http:\/\/www.anthealein.de\/wp-content\/uploads\/2010\/07\/23072010.jpg\"><img loading=\"lazy\" decoding=\"async\" style=\"border-bottom: 0px; border-left: 0px; display: block; float: none; margin-left: auto; border-top: 0px; margin-right: auto; border-right: 0px\" title=\"23072010\" border=\"0\" alt=\"23072010\" src=\"http:\/\/www.anthealein.de\/wp-content\/uploads\/2010\/07\/23072010_thumb.jpg\" width=\"504\" height=\"504\" \/><\/a>Es ist mal wieder so weit. Wie jedes Jahr Ende Juli\/Anfang August schmei\u00dfen Mama und Papa M\u00f6we ihre Jungen aus dem Nest. Und wie jedes Jahre k\u00f6nnen die K\u00fcken noch nicht fliegen und wandern ein wenig hilflos bei uns rum.&#160; <\/p>\n","protected":false},"excerpt":{"rendered":"<p>Wie das so ist: wenn man arbeitet, hat man nichts zu erz\u00e4hlen *g*. Oder wolltet ihr wissen, das ich heute eine DVD ohne H\u00fclle bei den DVDs gefunden habe, die D. vor 3 Tagen ausgeschieden hat weil seit Ewigkeiten die H\u00fclle ohne DVD bei ihr lag? Oder das ich tats\u00e4chlich nach 3 Wochen unserer PC-Fee [&hellip;]<\/p>\n","protected":false},"author":1,"featured_media":0,"comment_status":"open","ping_status":"open","sticky":false,"template":"","format":"standard","meta":{"footnotes":""},"categories":[3],"tags":[],"class_list":["post-2242","post","type-post","status-publish","format-standard","hentry","category-alles-mogliche"],"_links":{"self":[{"href":"http:\/\/www.anthealein.de\/index.php?rest_route=\/wp\/v2\/posts\/2242","targetHints":{"allow":["GET"]}}],"collection":[{"href":"http:\/\/www.anthealein.de\/index.php?rest_route=\/wp\/v2\/posts"}],"about":[{"href":"http:\/\/www.anthealein.de\/index.php?rest_route=\/wp\/v2\/types\/post"}],"author":[{"embeddable":true,"href":"http:\/\/www.anthealein.de\/index.php?rest_route=\/wp\/v2\/users\/1"}],"replies":[{"embeddable":true,"href":"http:\/\/www.anthealein.de\/index.php?rest_route=%2Fwp%2Fv2%2Fcomments&post=2242"}],"version-history":[{"count":0,"href":"http:\/\/www.anthealein.de\/index.php?rest_route=\/wp\/v2\/posts\/2242\/revisions"}],"wp:attachment":[{"href":"http:\/\/www.anthealein.de\/index.php?rest_route=%2Fwp%2Fv2%2Fmedia&parent=2242"}],"wp:term":[{"taxonomy":"category","embeddable":true,"href":"http:\/\/www.anthealein.de\/index.php?rest_route=%2Fwp%2Fv2%2Fcategories&post=2242"},{"taxonomy":"post_tag","embeddable":true,"href":"http:\/\/www.anthealein.de\/index.php?rest_route=%2Fwp%2Fv2%2Ftags&post=2242"}],"curies":[{"name":"wp","href":"https:\/\/api.w.org\/{rel}","templated":true}]}}