{"id":2218,"date":"2010-07-19T20:39:15","date_gmt":"2010-07-19T19:39:15","guid":{"rendered":"http:\/\/www.anthealein.de\/?p=2218"},"modified":"2010-07-19T20:39:15","modified_gmt":"2010-07-19T19:39:15","slug":"das-kommt-davon","status":"publish","type":"post","link":"http:\/\/www.anthealein.de\/?p=2218","title":{"rendered":"Das kommt davon&hellip;"},"content":{"rendered":"<p align=\"justify\">\u2026 wenn man eine 6-j\u00e4hrige hat, die der Meinung ist \u201cdeine Freunde sind meine Freunde\u201d: man hat evtl. drei 16-j\u00e4hrige zu Besuch.    <br \/>Janas Ferienkiga ist organisiert von der Evangelischen Familienbildungsst\u00e4tte. Mit dabei: Sch\u00fcler\/innen. Und die eine Sch\u00fclerin, stellte sich gleich am 2. Tag heraus, ist eine Freundin von Valeska. Heute kam dann noch Lisa dazu (die alleine schon wegen dem Namen einen Stein im Brett bei Jana hat) und prompt wurde ich beim Abholen gel\u00f6chert, ob morgen nicht Valeska, Huong und Lisa vorbei kommen k\u00f6nnten :shock_tb: . Klar k\u00f6nnen sie \ud83d\ude00<\/p>\n<p>&#160;<\/p>\n<p>N\u00e4chste Woche:    <br \/>&#8211; Montag: Einkaufen, Jana holen, Anne    <br \/>&#8211; Dienstag: Arbeiten, Bine, Valeska (und evtl. Lisa und Huong?)<\/p>\n<p>&#160;<\/p>\n<p align=\"center\"><img loading=\"lazy\" decoding=\"async\" style=\"border-bottom: 0px; border-left: 0px; display: block; float: none; margin-left: auto; border-top: 0px; margin-right: auto; border-right: 0px\" title=\"19072010\" border=\"0\" alt=\"19072010\" src=\"http:\/\/www.anthealein.de\/wp-content\/uploads\/2010\/07\/19072010_thumb.jpg\" width=\"504\" height=\"504\" \/><\/p>\n<p align=\"center\">&#160;<\/p>\n<p align=\"center\"><a href=\"http:\/\/www.anthealein.de\/wp-content\/uploads\/2010\/07\/19072010II.jpg\"><img loading=\"lazy\" decoding=\"async\" style=\"border-bottom: 0px; border-left: 0px; display: block; float: none; margin-left: auto; border-top: 0px; margin-right: auto; border-right: 0px\" title=\"19072010II\" border=\"0\" alt=\"19072010II\" src=\"http:\/\/www.anthealein.de\/wp-content\/uploads\/2010\/07\/19072010II_thumb.jpg\" width=\"504\" height=\"504\" \/><\/a><\/p>\n<\/p>\n<p align=\"center\">&#160;<\/p>\n<p align=\"center\"><img loading=\"lazy\" decoding=\"async\" style=\"border-bottom: 0px; border-left: 0px; display: block; float: none; margin-left: auto; border-top: 0px; margin-right: auto; border-right: 0px\" title=\"19072010III\" border=\"0\" alt=\"19072010III\" src=\"http:\/\/www.anthealein.de\/wp-content\/uploads\/2010\/07\/19072010III_thumb.jpg\" width=\"504\" height=\"504\" \/><\/p>\n<p align=\"center\">&#160;<\/p>\n<p align=\"center\"><img loading=\"lazy\" decoding=\"async\" style=\"border-bottom: 0px; border-left: 0px; display: block; float: none; margin-left: auto; border-top: 0px; margin-right: auto; border-right: 0px\" title=\"19072010IV\" border=\"0\" alt=\"19072010IV\" src=\"http:\/\/www.anthealein.de\/wp-content\/uploads\/2010\/07\/19072010IV_thumb.jpg\" width=\"504\" height=\"504\" \/><\/p>\n<p align=\"center\">&#160;<\/p>\n<p align=\"center\"><img loading=\"lazy\" decoding=\"async\" style=\"border-bottom: 0px; border-left: 0px; display: block; float: none; margin-left: auto; border-top: 0px; margin-right: auto; border-right: 0px\" title=\"19072010V\" border=\"0\" alt=\"19072010V\" src=\"http:\/\/www.anthealein.de\/wp-content\/uploads\/2010\/07\/19072010V_thumb.jpg\" width=\"504\" height=\"504\" \/><\/p>\n<p align=\"center\">&#160;<\/p>\n<p align=\"center\"><a href=\"http:\/\/www.anthealein.de\/wp-content\/uploads\/2010\/07\/19072010VI.jpg\"><img loading=\"lazy\" decoding=\"async\" style=\"border-bottom: 0px; border-left: 0px; display: block; float: none; margin-left: auto; border-top: 0px; margin-right: auto; border-right: 0px\" title=\"19072010VI\" border=\"0\" alt=\"19072010VI\" src=\"http:\/\/www.anthealein.de\/wp-content\/uploads\/2010\/07\/19072010VI_thumb.jpg\" width=\"504\" height=\"504\" \/><\/a><\/p>\n","protected":false},"excerpt":{"rendered":"<p>\u2026 wenn man eine 6-j\u00e4hrige hat, die der Meinung ist \u201cdeine Freunde sind meine Freunde\u201d: man hat evtl. drei 16-j\u00e4hrige zu Besuch. Janas Ferienkiga ist organisiert von der Evangelischen Familienbildungsst\u00e4tte. Mit dabei: Sch\u00fcler\/innen. Und die eine Sch\u00fclerin, stellte sich gleich am 2. Tag heraus, ist eine Freundin von Valeska. Heute kam dann noch Lisa dazu [&hellip;]<\/p>\n","protected":false},"author":1,"featured_media":0,"comment_status":"open","ping_status":"open","sticky":false,"template":"","format":"standard","meta":{"footnotes":""},"categories":[3],"tags":[],"class_list":["post-2218","post","type-post","status-publish","format-standard","hentry","category-alles-mogliche"],"_links":{"self":[{"href":"http:\/\/www.anthealein.de\/index.php?rest_route=\/wp\/v2\/posts\/2218","targetHints":{"allow":["GET"]}}],"collection":[{"href":"http:\/\/www.anthealein.de\/index.php?rest_route=\/wp\/v2\/posts"}],"about":[{"href":"http:\/\/www.anthealein.de\/index.php?rest_route=\/wp\/v2\/types\/post"}],"author":[{"embeddable":true,"href":"http:\/\/www.anthealein.de\/index.php?rest_route=\/wp\/v2\/users\/1"}],"replies":[{"embeddable":true,"href":"http:\/\/www.anthealein.de\/index.php?rest_route=%2Fwp%2Fv2%2Fcomments&post=2218"}],"version-history":[{"count":0,"href":"http:\/\/www.anthealein.de\/index.php?rest_route=\/wp\/v2\/posts\/2218\/revisions"}],"wp:attachment":[{"href":"http:\/\/www.anthealein.de\/index.php?rest_route=%2Fwp%2Fv2%2Fmedia&parent=2218"}],"wp:term":[{"taxonomy":"category","embeddable":true,"href":"http:\/\/www.anthealein.de\/index.php?rest_route=%2Fwp%2Fv2%2Fcategories&post=2218"},{"taxonomy":"post_tag","embeddable":true,"href":"http:\/\/www.anthealein.de\/index.php?rest_route=%2Fwp%2Fv2%2Ftags&post=2218"}],"curies":[{"name":"wp","href":"https:\/\/api.w.org\/{rel}","templated":true}]}}