{"id":2166,"date":"2010-07-15T20:28:40","date_gmt":"2010-07-15T19:28:40","guid":{"rendered":"http:\/\/www.anthealein.de\/?p=2166"},"modified":"2010-07-15T20:28:40","modified_gmt":"2010-07-15T19:28:40","slug":"eingewhnt","status":"publish","type":"post","link":"http:\/\/www.anthealein.de\/?p=2166","title":{"rendered":"Eingew&ouml;hnt&hellip;"},"content":{"rendered":"<p align=\"justify\">\u2026 hat sich der Zwerg anscheinend jetzt endg\u00fcltig. Susanne durfte auch mal die volle Stimmgewalt Lenas mitbekommen beim wickeln und bocken tut sie dort genau wie hier. *g* Zahngeplagt, \u201cLeine\u201d machen-wollend und von der Hitze geplagt ist man ja aber auch ein armes Kind. Und dann sind da manchmal Momente, da ist sie zu s\u00fc\u00df. <\/p>\n<p align=\"justify\">Auf dem Balkon z.B. gestern. An der T\u00fcr Schatten, in Richtung Br\u00fcstung Sonne. Inzwischen wei\u00df sie ja schon, das im Schatten kalt ist, in der Sonne hei\u00df. Aber so ganz will sie es immer noch nicht glauben. Ich sitze also dort drau\u00dfen, als sie sich raus traut. Vorsichtig, gaaaaaanz vorsichtig tastet sie sich an die Sonnenseite heran, streckt ihren Fu\u00df aus und bef\u00fchlt mit den Zehen den W\u00e4rmegrad der Fliesen, um sich dann bei mir zu beschweren \u201cHei\u00df!\u201d. \u201cJa, die Fliesen in der Sonne sind hei\u00df.\u201d. Kurzes nachdenken: \u201cPusten!!!\u201d. :shock_tb: Und zum Dank gab es dann einen Wutanfall, weil Mama die Fliesen nicht kaltpusten konnte *grummel*. <\/p>\n<p align=\"justify\">Und seit ein paar Tagen ist sie gro\u00df wie Jana und m\u00f6chte bitte auch so ins Bett gehen. Meint: Gute-Nacht-Sagen, von Papa r\u00fcber getragen werden und dann noch 1-2 B\u00fccher vorgelesen bekommen, bevor Papa gehen und die T\u00fcr zu machen darf. Und dann schl\u00e4ft das Kind tats\u00e4chlich alleine ein :herz: . Allen Ernstes!!! Unglaublich, der Zwerg. <\/p>\n<p>Diese Woche:   <br \/><strike>&#8211; Montag: Jana zum Ferienkiga bringen, Putzen, Jana abholen, Einkaufen (Waschpulver, Klopapier, Kindershampoo, Geschenk!!!)<\/strike>     <br \/><strike>&#8211; Dienstag: Arbeiten, Sandra kommt      <br \/>&#8211; Mittwoch: Jana UND Lena bei Susanne abgeben (die Jana und Anne dann beim Kindergeburtstag abliefert), Arzt!, Lena mittags im Kiga hier unten abholen,Putzen, Einkaufen, Jana abholen \ud83d\ude42      <br \/>&#8211; Donnerstag: Arbeiten, Einkaufen, Haushalt Haushalt sein lassen (auch wenn der schon nach einem Tag wieder aussah als h\u00e4tte ich 3 Wochen nicht geputzt *motz*, Kerstin auf einen Kaffee und Anna l\u00e4nger zu Besuch haben      <br \/><\/strike>&#8211; Freitag: Arbeiten, schnell durchsaugen, Sandra kommt    <br \/>&#8211; Samstag: Putzen, Arbeiten \ud83d\ude42<\/p>\n<p>&#160;<\/p>\n<p align=\"center\"><a href=\"http:\/\/www.anthealein.de\/wp-content\/uploads\/2010\/07\/15072010.jpg\"><img loading=\"lazy\" decoding=\"async\" style=\"border-bottom: 0px; border-left: 0px; display: block; float: none; margin-left: auto; border-top: 0px; margin-right: auto; border-right: 0px\" title=\"15072010\" border=\"0\" alt=\"15072010\" src=\"http:\/\/www.anthealein.de\/wp-content\/uploads\/2010\/07\/15072010_thumb.jpg\" width=\"504\" height=\"504\" \/><\/a><\/p>\n","protected":false},"excerpt":{"rendered":"<p>\u2026 hat sich der Zwerg anscheinend jetzt endg\u00fcltig. Susanne durfte auch mal die volle Stimmgewalt Lenas mitbekommen beim wickeln und bocken tut sie dort genau wie hier. *g* Zahngeplagt, \u201cLeine\u201d machen-wollend und von der Hitze geplagt ist man ja aber auch ein armes Kind. Und dann sind da manchmal Momente, da ist sie zu s\u00fc\u00df. [&hellip;]<\/p>\n","protected":false},"author":1,"featured_media":0,"comment_status":"open","ping_status":"open","sticky":false,"template":"","format":"standard","meta":{"footnotes":""},"categories":[3],"tags":[],"class_list":["post-2166","post","type-post","status-publish","format-standard","hentry","category-alles-mogliche"],"_links":{"self":[{"href":"http:\/\/www.anthealein.de\/index.php?rest_route=\/wp\/v2\/posts\/2166","targetHints":{"allow":["GET"]}}],"collection":[{"href":"http:\/\/www.anthealein.de\/index.php?rest_route=\/wp\/v2\/posts"}],"about":[{"href":"http:\/\/www.anthealein.de\/index.php?rest_route=\/wp\/v2\/types\/post"}],"author":[{"embeddable":true,"href":"http:\/\/www.anthealein.de\/index.php?rest_route=\/wp\/v2\/users\/1"}],"replies":[{"embeddable":true,"href":"http:\/\/www.anthealein.de\/index.php?rest_route=%2Fwp%2Fv2%2Fcomments&post=2166"}],"version-history":[{"count":0,"href":"http:\/\/www.anthealein.de\/index.php?rest_route=\/wp\/v2\/posts\/2166\/revisions"}],"wp:attachment":[{"href":"http:\/\/www.anthealein.de\/index.php?rest_route=%2Fwp%2Fv2%2Fmedia&parent=2166"}],"wp:term":[{"taxonomy":"category","embeddable":true,"href":"http:\/\/www.anthealein.de\/index.php?rest_route=%2Fwp%2Fv2%2Fcategories&post=2166"},{"taxonomy":"post_tag","embeddable":true,"href":"http:\/\/www.anthealein.de\/index.php?rest_route=%2Fwp%2Fv2%2Ftags&post=2166"}],"curies":[{"name":"wp","href":"https:\/\/api.w.org\/{rel}","templated":true}]}}