{"id":2154,"date":"2010-07-12T21:04:47","date_gmt":"2010-07-12T20:04:47","guid":{"rendered":"http:\/\/www.anthealein.de\/?p=2154"},"modified":"2010-07-12T21:04:47","modified_gmt":"2010-07-12T20:04:47","slug":"was-war-das-denn-bitte","status":"publish","type":"post","link":"http:\/\/www.anthealein.de\/?p=2154","title":{"rendered":"Was war das denn bitte?"},"content":{"rendered":"<p>Diese Woche:    <br \/><strike>&#8211; Montag: Jana zum Ferienkiga bringen, Putzen, Jana abholen, Einkaufen (Waschpulver, Klopapier, Kindershampoo, Geschenk!!!)<\/strike>     <br \/>&#8211; Dienstag: Arbeiten, Sandra kommt     <br \/>&#8211; Mittwoch: Jana UND Lena bei Susanne abgeben (die Jana und Anne dann beim Kindergeburtstag abliefert), Arzt?, Lena mittags abholen, Jana abends \ud83d\ude42     <br \/>&#8211; Donnerstag: Arbeiten, mal sehen<\/p>\n<p>&#160;<\/p>\n<p align=\"justify\">Heute morgen: zu Fu\u00df mit Jana und Lena (die nat\u00fcrlich im Buggy) zum Ferienkiga. Jana abgegeben, zum Arzt. Nur hat der Arzt Urlaub. Also doch nach Hause, angefangen zu putzen und zwischendrin bei der Haus\u00e4rztin angerufen, ob es Sinn macht zu ihr zu gehen. Und als die verneinte, den 2. Unfallchirurgen angerufen. Terminauswahl (dank Urlaub des Kollegen): Mittwoch 9 Uhr, Freitag Nachmittag, n\u00e4chste Woche Dienstag Nachmittag. Ich hab dann n\u00e4chste Woche Dienstag gew\u00e4hlt, weil es total doof ist, als Halbtagskraft w\u00e4hrend der Arbeitszeit zum Arzt zu verschwinden. Und dann hab ich weitergeputzt und mir ein wenig sp\u00e4ter derma\u00dfen den Nagel nach oben gebogen, das ich hier erst mal einen Indianerschrei losgelassen hab. Also doch nochmal angerufen und den Mittwochtermin genommen. Und jetzt hoffen, das es schnell geht und ich hinterher fit bin f\u00fcr die Ausleihe. <\/p>\n<p align=\"justify\">Lena wollte partout nicht schlafen, also machte ich mich kurz nach 12 Uhr auf in Richtung Ferienkiga und wurde von Jana genau so begr\u00fc\u00dft wie in unserem Kiga: \u201cOh nein, Mamaaaaaaaaaaaaa. Ich wollte doch noch\u2026\u201d. Sie bzw. ich durfte noch (B\u00fcgelperlen stecken) und dann ging es ab in die Stadt. Alles m\u00f6gliche N\u00f6tige und Unn\u00f6tige gekauft.<\/p>\n<p align=\"justify\">Und als wir kurz vor Zuhause waren, wurde es auf einmal dunkel. Ich sagte noch zu Jana, das es gleich regnen w\u00fcrde und schloss die Waschk\u00fcchent\u00fcr auf (da steht unser Buggy). Lena vor der T\u00fcr stehend, knallt die auf T\u00fcr auf einmal zu und es f\u00e4ngt an zu st\u00fcrmen wie nix Gutes. Buggy fix reingeschoben, br\u00fcllendes Kind unter den Arm und die 4 Taschen in die H\u00e4nde und fix nach oben gerannt. Oben br\u00fcllendes Kind so gerade eben im Flur abgestellt, alle T\u00fcren und Fenster flogen schon, Jana versuchte Lena zu beruhigen und ich raus auf den Balkon gest\u00fcrmt, wo das Spielhaus schon am wandern war. Nachdem dann alles gesichert war, lie\u00df Lena sich beruhigen und der Sturm war genau so schnell vorbei, wie er gekommen war. Immerhin gab es eine kurzzeitige Abk\u00fchlung auf 23 Grad und ich hab nat\u00fcrlich die Chance genutzt, um hier k\u00fchle Luft reinzubringen. Aber kurze Zeit sp\u00e4ter sagte das Thermometer schon wieder 30 Grad an und der Balkon war wieder knochentrocken. *grummel*<\/p>\n<p align=\"justify\">&#160;<\/p>\n<p align=\"center\"><a href=\"http:\/\/www.anthealein.de\/wp-content\/uploads\/2010\/07\/12072010.jpg\"><img loading=\"lazy\" decoding=\"async\" style=\"border-bottom: 0px; border-left: 0px; display: block; float: none; margin-left: auto; border-top: 0px; margin-right: auto; border-right: 0px\" title=\"12072010\" border=\"0\" alt=\"12072010\" src=\"http:\/\/www.anthealein.de\/wp-content\/uploads\/2010\/07\/12072010_thumb.jpg\" width=\"504\" height=\"504\" \/><\/a> Mamas Ehering MUSS doch auf meinen Zeh passen <\/p>\n<p align=\"center\">&#160;<\/p>\n<p align=\"center\"><a href=\"http:\/\/www.anthealein.de\/wp-content\/uploads\/2010\/07\/12072010II.jpg\"><u><font color=\"#1f85da\"><\/font><\/u><img loading=\"lazy\" decoding=\"async\" style=\"border-bottom: 0px; border-left: 0px; display: block; float: none; margin-left: auto; border-top: 0px; margin-right: auto; border-right: 0px\" title=\"12072010II\" border=\"0\" alt=\"12072010II\" src=\"http:\/\/www.anthealein.de\/wp-content\/uploads\/2010\/07\/12072010II_thumb.jpg\" width=\"504\" height=\"504\" \/><\/a><\/p>\n<\/p>\n<p align=\"center\">&#160;<\/p>\n<p align=\"center\"><a href=\"http:\/\/www.anthealein.de\/wp-content\/uploads\/2010\/07\/12072010III.jpg\"><img loading=\"lazy\" decoding=\"async\" style=\"border-bottom: 0px; border-left: 0px; display: block; float: none; margin-left: auto; border-top: 0px; margin-right: auto; border-right: 0px\" title=\"12072010III\" border=\"0\" alt=\"12072010III\" src=\"http:\/\/www.anthealein.de\/wp-content\/uploads\/2010\/07\/12072010III_thumb.jpg\" width=\"504\" height=\"504\" \/><\/a><\/p>\n<p align=\"center\">&#160;<\/p>\n<p align=\"center\"><a href=\"http:\/\/www.anthealein.de\/wp-content\/uploads\/2010\/07\/12072010IV.jpg\"><img loading=\"lazy\" decoding=\"async\" style=\"border-bottom: 0px; border-left: 0px; display: block; float: none; margin-left: auto; border-top: 0px; margin-right: auto; border-right: 0px\" title=\"12072010IV\" border=\"0\" alt=\"12072010IV\" src=\"http:\/\/www.anthealein.de\/wp-content\/uploads\/2010\/07\/12072010IV_thumb.jpg\" width=\"504\" height=\"504\" \/><\/a>Lena fotografiert \ud83d\ude42<\/p>\n","protected":false},"excerpt":{"rendered":"<p>Diese Woche: &#8211; Montag: Jana zum Ferienkiga bringen, Putzen, Jana abholen, Einkaufen (Waschpulver, Klopapier, Kindershampoo, Geschenk!!!) &#8211; Dienstag: Arbeiten, Sandra kommt &#8211; Mittwoch: Jana UND Lena bei Susanne abgeben (die Jana und Anne dann beim Kindergeburtstag abliefert), Arzt?, Lena mittags abholen, Jana abends \ud83d\ude42 &#8211; Donnerstag: Arbeiten, mal sehen &#160; Heute morgen: zu Fu\u00df mit [&hellip;]<\/p>\n","protected":false},"author":1,"featured_media":0,"comment_status":"open","ping_status":"open","sticky":false,"template":"","format":"standard","meta":{"footnotes":""},"categories":[3],"tags":[],"class_list":["post-2154","post","type-post","status-publish","format-standard","hentry","category-alles-mogliche"],"_links":{"self":[{"href":"http:\/\/www.anthealein.de\/index.php?rest_route=\/wp\/v2\/posts\/2154","targetHints":{"allow":["GET"]}}],"collection":[{"href":"http:\/\/www.anthealein.de\/index.php?rest_route=\/wp\/v2\/posts"}],"about":[{"href":"http:\/\/www.anthealein.de\/index.php?rest_route=\/wp\/v2\/types\/post"}],"author":[{"embeddable":true,"href":"http:\/\/www.anthealein.de\/index.php?rest_route=\/wp\/v2\/users\/1"}],"replies":[{"embeddable":true,"href":"http:\/\/www.anthealein.de\/index.php?rest_route=%2Fwp%2Fv2%2Fcomments&post=2154"}],"version-history":[{"count":0,"href":"http:\/\/www.anthealein.de\/index.php?rest_route=\/wp\/v2\/posts\/2154\/revisions"}],"wp:attachment":[{"href":"http:\/\/www.anthealein.de\/index.php?rest_route=%2Fwp%2Fv2%2Fmedia&parent=2154"}],"wp:term":[{"taxonomy":"category","embeddable":true,"href":"http:\/\/www.anthealein.de\/index.php?rest_route=%2Fwp%2Fv2%2Fcategories&post=2154"},{"taxonomy":"post_tag","embeddable":true,"href":"http:\/\/www.anthealein.de\/index.php?rest_route=%2Fwp%2Fv2%2Ftags&post=2154"}],"curies":[{"name":"wp","href":"https:\/\/api.w.org\/{rel}","templated":true}]}}