{"id":2100,"date":"2010-07-08T20:16:56","date_gmt":"2010-07-08T19:16:56","guid":{"rendered":"http:\/\/www.anthealein.de\/?p=2100"},"modified":"2010-07-08T20:16:56","modified_gmt":"2010-07-08T19:16:56","slug":"typisch","status":"publish","type":"post","link":"http:\/\/www.anthealein.de\/?p=2100","title":{"rendered":"Typisch&hellip;"},"content":{"rendered":"<p align=\"justify\">Da will man eigentlich sauber machen. Aber dann: f\u00e4hrt man nach der Abholung der Kinder noch fix zu Aldi, den ersehnten Trolley f\u00fcrs Kind kaufen das seinen letzten Kiga-Tag hatte. Und weil man schon mal unterwegs war, ruft man Bine an, ob man sie mitnehmen soll. Bine abgeholt, nach Hause. Angefangen alles wegzur\u00e4umen, Telefon klingelt. Frau r\u00e4umt fertig weg, ruft zur\u00fcck und telefoniert erst mal 20 Minuten. Kaum wird der H\u00f6rer weggelegt, klingelt es schon wieder und Melanie meldet sich mit Ebba an. Noch ganze 30 Minuten bis Opa kommen soll, knapp 1 Stunde bis Melanie und Ebba. Theoretisch wird es eng. Praktisch entschlie\u00dft man sich, nachdem G\u00f6ttergatte auch noch anruft, das man sich das Wischen spart und macht nur schnell die B\u00e4der und saugt durch. <\/p>\n<p align=\"justify\">W\u00e4hrend ich am saugen war, kam auch schon Opa mit Oma im Schlepptau. Und \u00fcberraschenderweise nur ein paar Minuten sp\u00e4ter: Melanie nicht nur mit Ebba (immer wieder s\u00fc\u00df zu sehen, wie die Kinder sich freuen wenn sie sich sehen), sondern auch mit Jack. Volles Haus also und wie immer sch\u00f6n :herz:<\/p>\n<p align=\"justify\">Neueste Niedlichkeiten von Lena:    <br \/>&#8211; Arme in die H\u00f6he rei\u00dfen und \u201cJuhu\u201d rufen, wenn sie sich \u00fcber etwas freut (wenn man ihr z.B. sagt, das Ebba gleich kommt)    <br \/>&#8211; heute Abend, als sie rein kommen sollte vom Balkon: \u201cManno Mann, ey\u201d    <br \/>&#8211; mich korrigieren. Heute Mittag bei Susanne im Hof. Wir alle unten, Anne im Erdgescho\u00df auf dem Balkon. Lena steht vor dem Balkon und ruft \u201choch\u201d. Ich sag zu ihr, das Anne bestimmt gleich raus kommt, sie brauche da jetzt nicht hoch. Sie \u00fcberlegt kurz und sagt dann bestimmt: \u201cAnne runter\u201d. Danke Kind, recht hast du, drau\u00dfen war Anne ja tats\u00e4chlich schon. <\/p>\n<p>&#160;<\/p>\n<p>Diese Woche:    <br \/><strike>&#8211; Montag: Putzen, Einkaufen, mal schauen<\/strike>    <br \/><strike>&#8211; Dienstag: Arbeiten, Einkaufen, Spielen      <br \/>&#8211; Mittwoch: Arbeiten, BEIDE Zwerge im Kiga abholen (Geschwistertag), Schulsachen kaufen, mal sehen <img decoding=\"async\" alt=\":)\" src=\"http:\/\/www.anthealein.de\/wp-includes\/images\/smilies\/smile1.gif\" \/><\/strike>    <br \/><strike>&#8211; Donnerstag: Bine und jede Menge anderer Besuch, Jana \u00dcbernachtung bei Opa<\/strike>     <br \/>&#8211; Freitag: Arbeiten, \u00dcbernachtungsparty f\u00fcr Jana im Kiga    <br \/>&#8211; Samstag: Putzen, Arbeiten<\/p>\n<p>&#160;<\/p>\n<div style=\"padding-bottom: 0px; padding-left: 0px; width: 425px; padding-right: 0px; display: block; float: none; margin-left: auto; margin-right: auto; padding-top: 0px\" id=\"scid:5737277B-5D6D-4f48-ABFC-DD9C333F4C5D:7a810a7b-210b-4d92-9646-1f5a1a2ce023\" class=\"wlWriterEditableSmartContent\">\n<div><object width=\"425\" height=\"355\"><param name=\"movie\" value=\"http:\/\/www.youtube.com\/v\/hgQEBbOQdB4&amp;hl=en\"><\/param><embed src=\"http:\/\/www.youtube.com\/v\/hgQEBbOQdB4&amp;hl=en\" type=\"application\/x-shockwave-flash\" width=\"425\" height=\"355\"><\/embed><\/object><\/div>\n<\/div>\n<p align=\"center\">&#160;<\/p>\n<p align=\"center\"><img loading=\"lazy\" decoding=\"async\" style=\"border-bottom: 0px; border-left: 0px; display: block; float: none; margin-left: auto; border-top: 0px; margin-right: auto; border-right: 0px\" title=\"08072010\" border=\"0\" alt=\"08072010\" src=\"http:\/\/www.anthealein.de\/wp-content\/uploads\/2010\/07\/08072010_thumb.jpg\" width=\"504\" height=\"504\" \/><\/p>\n<p align=\"center\">&#160;<\/p>\n<p align=\"center\"><a href=\"http:\/\/www.anthealein.de\/wp-content\/uploads\/2010\/07\/08072010II.jpg\"><img loading=\"lazy\" decoding=\"async\" style=\"border-bottom: 0px; border-left: 0px; display: block; float: none; margin-left: auto; border-top: 0px; margin-right: auto; border-right: 0px\" title=\"08072010II\" border=\"0\" alt=\"08072010II\" src=\"http:\/\/www.anthealein.de\/wp-content\/uploads\/2010\/07\/08072010II_thumb.jpg\" width=\"504\" height=\"504\" \/><\/a><\/p>\n","protected":false},"excerpt":{"rendered":"<p>Da will man eigentlich sauber machen. Aber dann: f\u00e4hrt man nach der Abholung der Kinder noch fix zu Aldi, den ersehnten Trolley f\u00fcrs Kind kaufen das seinen letzten Kiga-Tag hatte. Und weil man schon mal unterwegs war, ruft man Bine an, ob man sie mitnehmen soll. Bine abgeholt, nach Hause. Angefangen alles wegzur\u00e4umen, Telefon klingelt. [&hellip;]<\/p>\n","protected":false},"author":1,"featured_media":0,"comment_status":"open","ping_status":"open","sticky":false,"template":"","format":"standard","meta":{"footnotes":""},"categories":[3],"tags":[],"class_list":["post-2100","post","type-post","status-publish","format-standard","hentry","category-alles-mogliche"],"_links":{"self":[{"href":"http:\/\/www.anthealein.de\/index.php?rest_route=\/wp\/v2\/posts\/2100","targetHints":{"allow":["GET"]}}],"collection":[{"href":"http:\/\/www.anthealein.de\/index.php?rest_route=\/wp\/v2\/posts"}],"about":[{"href":"http:\/\/www.anthealein.de\/index.php?rest_route=\/wp\/v2\/types\/post"}],"author":[{"embeddable":true,"href":"http:\/\/www.anthealein.de\/index.php?rest_route=\/wp\/v2\/users\/1"}],"replies":[{"embeddable":true,"href":"http:\/\/www.anthealein.de\/index.php?rest_route=%2Fwp%2Fv2%2Fcomments&post=2100"}],"version-history":[{"count":0,"href":"http:\/\/www.anthealein.de\/index.php?rest_route=\/wp\/v2\/posts\/2100\/revisions"}],"wp:attachment":[{"href":"http:\/\/www.anthealein.de\/index.php?rest_route=%2Fwp%2Fv2%2Fmedia&parent=2100"}],"wp:term":[{"taxonomy":"category","embeddable":true,"href":"http:\/\/www.anthealein.de\/index.php?rest_route=%2Fwp%2Fv2%2Fcategories&post=2100"},{"taxonomy":"post_tag","embeddable":true,"href":"http:\/\/www.anthealein.de\/index.php?rest_route=%2Fwp%2Fv2%2Ftags&post=2100"}],"curies":[{"name":"wp","href":"https:\/\/api.w.org\/{rel}","templated":true}]}}