{"id":2096,"date":"2010-07-07T20:07:59","date_gmt":"2010-07-07T19:07:59","guid":{"rendered":"http:\/\/www.anthealein.de\/?p=2096"},"modified":"2010-07-07T20:07:59","modified_gmt":"2010-07-07T19:07:59","slug":"alle-fuball-schauen","status":"publish","type":"post","link":"http:\/\/www.anthealein.de\/?p=2096","title":{"rendered":"Alle Fu&szlig;ball schauen?"},"content":{"rendered":"<p align=\"justify\">Falls ja: ich nicht *g*. Ich h\u00f6re es aber laut und deutlich nicht nur von Chris, sondern von s\u00e4mtlichen Nachbarn gleich mit.<\/p>\n<p align=\"justify\">Lena hatte heute ihren ersten Kindergartentag (Geschwistertag) und ich wurde wieder darin best\u00e4tigt, das Susanne f\u00fcr den Zwerg noch viel besser ist als eine Krippe. Bis 11 Uhr war wohl alles ok, danach wurde sie n\u00f6rgelig weil m\u00fcde und um kurz vor 13 Uhr lie\u00df sie sich auf Melanies Scho\u00df nieder und schlief ein. Die w\u00fcrde so einen Krippentag noch gar nicht hinbekommen. <\/p>\n<p align=\"justify\">Ich musste sie beim Abholen um 13.15 Uhr leider wecken, aber nutzte ja nix. Und nachdem wir kurz oben waren um was zu essen, ging es auf Einkaufstour. Erst zu Lidl (ein paar Schulsachen, Bier, Wurst, etc.), dann zu Aldi (S\u00fc\u00dfigkeiten und Eis *g*) und schlussendlich zu Netto (den Rest und Katzenstreu im Angebot). Der Kassierer bei Aldi bekam unsere Unterhaltung \u00fcber Netto mit und gab mir gleich die Aufgabe, dem Kassierer bei Netto Gr\u00fc\u00dfe auszurichten. Hab ich gemacht \ud83d\ude42 . <\/p>\n<p align=\"justify\">Und das war es f\u00fcr den Tag eigentlich auch schon. Als wir wieder zu Hause waren, hab ich schnell noch gesaugt und W\u00e4sche auf gehangen und dann kam Chris auch schon. Gegessen, Ketchup von der Tapete gewischt (Lena *grummel*), mit Zwerg geduscht und jetzt schl\u00e4ft Lena trotz des L\u00e4rms drau\u00dfen und Jana schaut mit Papa Fu\u00dfball und pennt dabei fast ein. <\/p>\n<p align=\"justify\">Arbeitstechnisch f\u00fchle ich mich schon wieder ganz zu Hause :herz: und auch die alten, bekannten Benutzer scheinen mich noch zu kennen *g*. Heute hab ich mich mit Anke w\u00e4hrend der Ausleihe \u00fcber meinen <a href=\"http:\/\/www.anthealein.de\/?p=1616\" target=\"_blank\">Fingernagel<\/a> unterhalten (inzwischen sieht er deutlich schlimmer aus) und erz\u00e4hlte nebenbei, das ich am Montag wohl zur \u00c4rztin wolle, weil der eigentlich gezogen werden m\u00fcsste. Ein alter Stammnutzer kam zuf\u00e4llig dazu und witzelte erst mal eine Runde mit uns, das k\u00f6nne er auch machen, er h\u00e4tte eine Zange im Auto. Ein anderer Stammnutzer am\u00fcsierte sich \u00fcber Ankes und meine Diskussion \u00fcbers Alter und ganz allgemein war heute eine nette, entspannte Stimmung. Gelle, Anke? <\/p>\n<p>&#160;<\/p>\n<p>Diese Woche:    <br \/><strike>&#8211; Montag: Putzen, Einkaufen, mal schauen<\/strike>    <br \/><strike>&#8211; Dienstag: Arbeiten, Einkaufen, Spielen      <br \/>&#8211; Mittwoch: Arbeiten, BEIDE Zwerge im Kiga abholen (Geschwistertag), Schulsachen kaufen, mal sehen <img decoding=\"async\" alt=\":)\" src=\"http:\/\/www.anthealein.de\/wp-includes\/images\/smilies\/smile1.gif\" \/><\/strike>    <br \/>&#8211; Donnerstag: Putzen, Bine?, Jana \u00dcbernachtung bei Opa     <br \/>&#8211; Freitag: \u00dcbernachtungsparty f\u00fcr Jana im Kiga<\/p>\n<p>&#160;<\/p>\n<p align=\"center\"><img loading=\"lazy\" decoding=\"async\" style=\"border-bottom: 0px; border-left: 0px; display: block; float: none; margin-left: auto; border-top: 0px; margin-right: auto; border-right: 0px\" title=\"07072010\" border=\"0\" alt=\"07072010\" src=\"http:\/\/www.anthealein.de\/wp-content\/uploads\/2010\/07\/07072010_thumb.jpg\" width=\"504\" height=\"504\" \/><\/p>\n<p align=\"center\">&#160;<\/p>\n<p align=\"center\"><img loading=\"lazy\" decoding=\"async\" style=\"border-bottom: 0px; border-left: 0px; display: block; float: none; margin-left: auto; border-top: 0px; margin-right: auto; border-right: 0px\" title=\"07072010II\" border=\"0\" alt=\"07072010II\" src=\"http:\/\/www.anthealein.de\/wp-content\/uploads\/2010\/07\/07072010II_thumb.jpg\" width=\"504\" height=\"504\" \/><\/p>\n<p align=\"center\">&#160;<\/p>\n<p align=\"center\"><a href=\"http:\/\/www.anthealein.de\/wp-content\/uploads\/2010\/07\/07072010III.jpg\"><img loading=\"lazy\" decoding=\"async\" style=\"border-bottom: 0px; border-left: 0px; display: block; float: none; margin-left: auto; border-top: 0px; margin-right: auto; border-right: 0px\" title=\"07072010III\" border=\"0\" alt=\"07072010III\" src=\"http:\/\/www.anthealein.de\/wp-content\/uploads\/2010\/07\/07072010III_thumb.jpg\" width=\"504\" height=\"504\" \/><\/a><\/p>\n","protected":false},"excerpt":{"rendered":"<p>Falls ja: ich nicht *g*. Ich h\u00f6re es aber laut und deutlich nicht nur von Chris, sondern von s\u00e4mtlichen Nachbarn gleich mit. Lena hatte heute ihren ersten Kindergartentag (Geschwistertag) und ich wurde wieder darin best\u00e4tigt, das Susanne f\u00fcr den Zwerg noch viel besser ist als eine Krippe. Bis 11 Uhr war wohl alles ok, danach [&hellip;]<\/p>\n","protected":false},"author":1,"featured_media":0,"comment_status":"open","ping_status":"open","sticky":false,"template":"","format":"standard","meta":{"footnotes":""},"categories":[3],"tags":[],"class_list":["post-2096","post","type-post","status-publish","format-standard","hentry","category-alles-mogliche"],"_links":{"self":[{"href":"http:\/\/www.anthealein.de\/index.php?rest_route=\/wp\/v2\/posts\/2096","targetHints":{"allow":["GET"]}}],"collection":[{"href":"http:\/\/www.anthealein.de\/index.php?rest_route=\/wp\/v2\/posts"}],"about":[{"href":"http:\/\/www.anthealein.de\/index.php?rest_route=\/wp\/v2\/types\/post"}],"author":[{"embeddable":true,"href":"http:\/\/www.anthealein.de\/index.php?rest_route=\/wp\/v2\/users\/1"}],"replies":[{"embeddable":true,"href":"http:\/\/www.anthealein.de\/index.php?rest_route=%2Fwp%2Fv2%2Fcomments&post=2096"}],"version-history":[{"count":0,"href":"http:\/\/www.anthealein.de\/index.php?rest_route=\/wp\/v2\/posts\/2096\/revisions"}],"wp:attachment":[{"href":"http:\/\/www.anthealein.de\/index.php?rest_route=%2Fwp%2Fv2%2Fmedia&parent=2096"}],"wp:term":[{"taxonomy":"category","embeddable":true,"href":"http:\/\/www.anthealein.de\/index.php?rest_route=%2Fwp%2Fv2%2Fcategories&post=2096"},{"taxonomy":"post_tag","embeddable":true,"href":"http:\/\/www.anthealein.de\/index.php?rest_route=%2Fwp%2Fv2%2Ftags&post=2096"}],"curies":[{"name":"wp","href":"https:\/\/api.w.org\/{rel}","templated":true}]}}