{"id":2090,"date":"2010-07-06T21:17:51","date_gmt":"2010-07-06T20:17:51","guid":{"rendered":"http:\/\/www.anthealein.de\/?p=2090"},"modified":"2010-07-06T21:17:51","modified_gmt":"2010-07-06T20:17:51","slug":"lalalulala-echsteich-und-zickenterror","status":"publish","type":"post","link":"http:\/\/www.anthealein.de\/?p=2090","title":{"rendered":"Lalalulala, Echsteich und Zickenterror&hellip;"},"content":{"rendered":"<p>Meine kleine Quatschmaus ist ja fast noch schlimmer als ihre Schwester fr\u00fcher. Gestern war so ein Tag, an dem ich froh war als beide im Bett waren und endlich Ruhe herrschte. Gestern Vormittag hat Lena ein laaaaaanges Nickerchen f\u00fcr 2,5 Stunden eingelegt, nachdem sie vorher schon arg quakig war. Ich hatte da leider nicht viel von, weil ich noch am putzen war, aber gut. Als ich sie dann wach machte um Jana zu holen und einkaufen zu fahren, war sie noch dazu etwas hei\u00df. Ich habe dann mit der einen Erzieherin unten kurz dar\u00fcber geredet, das sie wohl was ausbr\u00fctet und das ich dann Fieber messen w\u00fcrde sp\u00e4ter. <\/p>\n<p>Kurz darauf fuhren wir einkaufen und nat\u00fcrlich verga\u00df ich die H\u00e4lfte, weil 1. Jana die ganze Zeit auf mich einredete und 2. Lena die ganze Zeit am w\u00fcten war und mich haute, weil ihr Gott-wei\u00df-was nicht passte. :shock_tb: Im Auto hatte ich dann wieder die lustigsten Kinder der Welt. Auf \u201csch\u2026, sch\u2026 \u201c-Ges\u00e4ngen folgte eine Auflistung aller Familienmitglieder und Lena lernte ein neues Wort: \u201cAlviiiiieeen\u201d. Mit \u201cHause, Hause\u201d-Ges\u00e4ngen untermalt bogen wir in unsere Stra\u00dfe ein und mittlerweile verlangte es mich ganz stark nach Ohropax. In der Wohnung ging es dann so weiter, die Kinder spielten lautstark Mutter-Kind mit Lena in der Mutterrolle, was sie Lalalulala singen lie\u00df :herz: .    <br \/>Beim nachfolgenden Versteck-Spiel (nat\u00fcrlich wieder so laut, das Muttern Kopfschmerzen bekommt) verzweifelte Jana dann fast an Lena. Denn die z\u00e4hlt nicht richtig bis 10, sondern 3, 4, 9 (wenn sie lieb ist) und dann folgt \u201cEchstein, Echstein\u201d und sie rennt los. <\/p>\n<p>Abends kam die Quittung f\u00fcr die Unterhaltung mit der Erzieherin und dem langen Mittagsschlaf: eine Lena, die hellwach bei uns im Bett sa\u00df und vor sich hin erz\u00e4hlte \u201cAua\u201d und \u201cFieper\u201d und das in einem derma\u00dfen fr\u00f6hlichen Singsang-Ton, das ich erst mal den Raum verlassen und schallend lachen musste *g*. <\/p>\n<p>Heute morgen war Lena ein wenig n\u00f6rgelig und bei Susanne verlangte sie \u201cmit?\u201d, als ich mich verabschiedete. Zum Gl\u00fcck lie\u00df sie sich leicht ablenken, aber den ganzen Vormittag war sie wohl ein wenig n\u00f6rgelig. Als ich dann ankam, um sie und Jana abzuholen war nicht nur Lena n\u00f6rgelig, sondern Jana gleich mit. Und so war der Nachmittag alles andere als entspannend mit den Zicken.<\/p>\n<p>Wobei ich ja sagen muss: Jana wird bestimmt mal eine tolle Mutter. Gestern war ein Thema hier ihre dreckige W\u00e4sche, die sie \u00fcberall in ihrem Zimmer verteilt und die ICH dann immer genervt wegschleppe. Als ich mich dar\u00fcber mal wieder beschwerte, kommentierte sie das mit \u201cNa dann lass sie halt liegen\u201d, woraufhin von mir \u201cGute Idee und sp\u00e4testens wenn du keine Unterhose mehr hast, wirst du die dann schon wegpacken. Danke!\u201d kam. Ihr Zur\u00fcckrudern half dann auch nicht mehr *g*. Und heute Original-Live-Mama-Ton: \u201cLena, ich geb dir noch eine letzte Chance (*nick*). Und wenn du das dann noch mal machst, dann kommt das halt weg.\u201d.<\/p>\n<p>Hach, ich liebe diese Zicken :herz: . Konfusit\u00e4ten d\u00fcrfen heute entschuldigt werden, w\u00e4hrend dieses Posts hab ich nebenbei \u00fcber 40 Minuten telefoniert \ud83d\ude42<\/p>\n<p>&#160; <\/p>\n<p>Diese Woche:    <br \/><strike>&#8211; Montag: Putzen, Einkaufen, mal schauen<\/strike>     <br \/><strike>&#8211; Dienstag: Arbeiten, Einkaufen, Spielen     <br \/><\/strike>&#8211; Mittwoch: Arbeiten, BEIDE Zwerge im Kiga abholen (Geschwistertag), Schulsachen kaufen, mal sehen \ud83d\ude42    <br \/>&#8211; Donnerstag: Jana \u00dcbernachtung bei Opa     <br \/>&#8211; Freitag: \u00dcbernachtungsparty f\u00fcr Jana im Kiga <\/p>\n<p>&#160;<\/p>\n<p align=\"center\"><a href=\"http:\/\/www.anthealein.de\/wp-content\/uploads\/2010\/07\/06072010.jpg\"><img loading=\"lazy\" decoding=\"async\" style=\"border-bottom: 0px; border-left: 0px; display: block; float: none; margin-left: auto; border-top: 0px; margin-right: auto; border-right: 0px\" title=\"06072010\" border=\"0\" alt=\"06072010\" src=\"http:\/\/www.anthealein.de\/wp-content\/uploads\/2010\/07\/06072010_thumb.jpg\" width=\"504\" height=\"504\" \/><\/a><\/p>\n","protected":false},"excerpt":{"rendered":"<p>Meine kleine Quatschmaus ist ja fast noch schlimmer als ihre Schwester fr\u00fcher. Gestern war so ein Tag, an dem ich froh war als beide im Bett waren und endlich Ruhe herrschte. Gestern Vormittag hat Lena ein laaaaaanges Nickerchen f\u00fcr 2,5 Stunden eingelegt, nachdem sie vorher schon arg quakig war. Ich hatte da leider nicht viel [&hellip;]<\/p>\n","protected":false},"author":1,"featured_media":0,"comment_status":"open","ping_status":"open","sticky":false,"template":"","format":"standard","meta":{"footnotes":""},"categories":[3],"tags":[],"class_list":["post-2090","post","type-post","status-publish","format-standard","hentry","category-alles-mogliche"],"_links":{"self":[{"href":"http:\/\/www.anthealein.de\/index.php?rest_route=\/wp\/v2\/posts\/2090","targetHints":{"allow":["GET"]}}],"collection":[{"href":"http:\/\/www.anthealein.de\/index.php?rest_route=\/wp\/v2\/posts"}],"about":[{"href":"http:\/\/www.anthealein.de\/index.php?rest_route=\/wp\/v2\/types\/post"}],"author":[{"embeddable":true,"href":"http:\/\/www.anthealein.de\/index.php?rest_route=\/wp\/v2\/users\/1"}],"replies":[{"embeddable":true,"href":"http:\/\/www.anthealein.de\/index.php?rest_route=%2Fwp%2Fv2%2Fcomments&post=2090"}],"version-history":[{"count":0,"href":"http:\/\/www.anthealein.de\/index.php?rest_route=\/wp\/v2\/posts\/2090\/revisions"}],"wp:attachment":[{"href":"http:\/\/www.anthealein.de\/index.php?rest_route=%2Fwp%2Fv2%2Fmedia&parent=2090"}],"wp:term":[{"taxonomy":"category","embeddable":true,"href":"http:\/\/www.anthealein.de\/index.php?rest_route=%2Fwp%2Fv2%2Fcategories&post=2090"},{"taxonomy":"post_tag","embeddable":true,"href":"http:\/\/www.anthealein.de\/index.php?rest_route=%2Fwp%2Fv2%2Ftags&post=2090"}],"curies":[{"name":"wp","href":"https:\/\/api.w.org\/{rel}","templated":true}]}}