{"id":2051,"date":"2010-07-02T20:05:20","date_gmt":"2010-07-02T19:05:20","guid":{"rendered":"http:\/\/www.anthealein.de\/?p=2051"},"modified":"2010-07-02T20:05:20","modified_gmt":"2010-07-02T19:05:20","slug":"war-ebenfalls-klar","status":"publish","type":"post","link":"http:\/\/www.anthealein.de\/?p=2051","title":{"rendered":"War ebenfalls klar&hellip;"},"content":{"rendered":"<p align=\"justify\">Heute morgen, nach dem Aufr\u00e4umen der B\u00fccherei hab ich mich direkt an mein Telefon gemacht und einen der Menschen angerufen, die im Rathaus daf\u00fcr verantwortlich sind, das jeder einen funktionierenden PC hat. Gestern hatten die schon versucht&#160; mich zu erreichen, allerdings au\u00dferhalb meiner Arbeitszeiten. So, nu hatte ich also tats\u00e4chlich einen Menschen am Apparat, er richtete mir auch z\u00fcgig per Fernwartung meinen Rechner ein (erinnert mich daran, von da never ever eine E-Mail zu schicken, jeder Hans und Franz hat Mitleserechte vergeben bekommen *grummel*) und ich kam gar nicht wieder raus aus dem Staunen. Mein 2. Arbeitstag und es funktioniert tats\u00e4chlich mit dem Einrichten (wobei ich noch ein paar Extraprogramme brauche, aber das ist ein anderes Amt, das daf\u00fcr die Passw\u00f6rter vergibt und mich freischaltet) und noch dazu fix und ohne bl\u00f6de Kommentare (sein Kollege gab mal von sich \u201csie arbeiten bei der Stadt, sie sollen nicht mitdenken k\u00f6nnen\u201d). Aber wie h\u00e4tte es auch anders sein sollen: zu fr\u00fch gefreut. Als 30 Minuten sp\u00e4ter Nadine (meine Elternzeitvertretung neben Bine) runter kam, um mit mir auf Anweisung von Chef (es h\u00e4tten sich ja doch ein paar Dinge ge\u00e4ndert *gr\u00f6hl*) Titelaufnahmen zu machen, gab mein Programm daf\u00fcr nur eine nette Fehlermeldung aus. Cheffe bastelte ein wenig rum und wird jetzt Montag noch mal mit den netten Jungs telefonieren, damit mein Rechner auch mit meiner Windowskennung anst\u00e4ndig funzt und nicht nur mit Nadines *seufz*. <\/p>\n<p align=\"justify\">P.S.: Bine du Nuss, lebst du noch? Ich muss dir dringend was erz\u00e4hlen, aber mag das hier nicht machen. Und ja, du glaubst\/ahnst richtig um was\/wen es geht *g*. <\/p>\n<p>Diese Woche:    <br \/><strike>&#8211; Montag: Putzen, Einkaufen (Chris), Alina zu Besuch&#160; <br \/>&#8211; Dienstag: Einkaufen!<\/strike>&#160; <br \/><strike>&#8211; Mittwoch: Einkaufen?, Putzen, Anna zu Besuch<\/strike>     <br \/><strike>&#8211; Donnerstag: ARBEIIIIIIIIIIIT, Einkauf, Spritzen holen      <br \/>&#8211; Freitag: Arbeiten, arbeiten, arbeiten       <br \/><\/strike>&#8211; Samstag: Arbeiten, Putzen (?), Jana Auftritt mit Dunse muss Papa machen     <br \/>&#8211; Sonntag: WadJ, Auftritt Jana<\/p>\n<p>&#160;<\/p>\n<p align=\"center\"><a href=\"http:\/\/www.anthealein.de\/wp-content\/uploads\/2010\/07\/02072010.jpg\"><img loading=\"lazy\" decoding=\"async\" style=\"border-bottom: 0px; border-left: 0px; display: inline; border-top: 0px; border-right: 0px\" title=\"02072010\" border=\"0\" alt=\"02072010\" src=\"http:\/\/www.anthealein.de\/wp-content\/uploads\/2010\/07\/02072010_thumb.jpg\" width=\"504\" height=\"504\" \/><\/a><\/p>\n","protected":false},"excerpt":{"rendered":"<p>Heute morgen, nach dem Aufr\u00e4umen der B\u00fccherei hab ich mich direkt an mein Telefon gemacht und einen der Menschen angerufen, die im Rathaus daf\u00fcr verantwortlich sind, das jeder einen funktionierenden PC hat. Gestern hatten die schon versucht&#160; mich zu erreichen, allerdings au\u00dferhalb meiner Arbeitszeiten. So, nu hatte ich also tats\u00e4chlich einen Menschen am Apparat, er [&hellip;]<\/p>\n","protected":false},"author":1,"featured_media":0,"comment_status":"open","ping_status":"open","sticky":false,"template":"","format":"standard","meta":{"footnotes":""},"categories":[3],"tags":[],"class_list":["post-2051","post","type-post","status-publish","format-standard","hentry","category-alles-mogliche"],"_links":{"self":[{"href":"http:\/\/www.anthealein.de\/index.php?rest_route=\/wp\/v2\/posts\/2051","targetHints":{"allow":["GET"]}}],"collection":[{"href":"http:\/\/www.anthealein.de\/index.php?rest_route=\/wp\/v2\/posts"}],"about":[{"href":"http:\/\/www.anthealein.de\/index.php?rest_route=\/wp\/v2\/types\/post"}],"author":[{"embeddable":true,"href":"http:\/\/www.anthealein.de\/index.php?rest_route=\/wp\/v2\/users\/1"}],"replies":[{"embeddable":true,"href":"http:\/\/www.anthealein.de\/index.php?rest_route=%2Fwp%2Fv2%2Fcomments&post=2051"}],"version-history":[{"count":0,"href":"http:\/\/www.anthealein.de\/index.php?rest_route=\/wp\/v2\/posts\/2051\/revisions"}],"wp:attachment":[{"href":"http:\/\/www.anthealein.de\/index.php?rest_route=%2Fwp%2Fv2%2Fmedia&parent=2051"}],"wp:term":[{"taxonomy":"category","embeddable":true,"href":"http:\/\/www.anthealein.de\/index.php?rest_route=%2Fwp%2Fv2%2Fcategories&post=2051"},{"taxonomy":"post_tag","embeddable":true,"href":"http:\/\/www.anthealein.de\/index.php?rest_route=%2Fwp%2Fv2%2Ftags&post=2051"}],"curies":[{"name":"wp","href":"https:\/\/api.w.org\/{rel}","templated":true}]}}