{"id":2048,"date":"2010-07-01T20:15:56","date_gmt":"2010-07-01T19:15:56","guid":{"rendered":"http:\/\/www.anthealein.de\/?p=2048"},"modified":"2010-07-01T20:15:56","modified_gmt":"2010-07-01T19:15:56","slug":"war-ja-klar-g","status":"publish","type":"post","link":"http:\/\/www.anthealein.de\/?p=2048","title":{"rendered":"War ja klar *g*"},"content":{"rendered":"<p>Diese Woche:    <br \/><strike>&#8211; Montag: Putzen, Einkaufen (Chris), Alina zu Besuch&#160; <br \/>&#8211; Dienstag: Einkaufen!<\/strike>&#160; <br \/><strike>&#8211; Mittwoch: Einkaufen?, Putzen, Anna zu Besuch<\/strike>     <br \/><strike>&#8211; Donnerstag: ARBEIIIIIIIIIIIT, Einkauf, Spritzen holen     <br \/><\/strike>&#8211; Freitag: Arbeiten, arbeiten, arbeiten     <br \/>&#8211; Samstag: Arbeiten, Putzen (?), Jana Auftritt mit Dunse muss Papa machen     <br \/>&#8211; Sonntag: WadJ, Auftritt Jana<\/p>\n<p align=\"justify\">Heute morgen um 6.30 Uhr ging endlich der Wecker. Ich raus, Lena raus. Haushalt ein wenig gemacht, Kind Brot gemacht, Taschen gepackt etc. und um 7.30 Uhr ab zu Susanne. Mit Lena rein und schon war das Kind weg *g*. Mit Susanne kurz abgesprochen, das ich erst Jana vom Kiga holen w\u00fcrde und dann Lena bei ihr. Woraufhin Susanne sagte, sie k\u00f6nne Jana ja vom Kiga mitnehmen. Prima \ud83d\ude42<\/p>\n<p align=\"justify\">Ab zur Arbeit, wo ich erst mal gar nichts machen konnte, weil ich noch keinen Schl\u00fcssel hatte. Dem war um 8.15 Uhr dann abgeholfen und ich hab das erste Mal seit dem Umbau \u201cmeine\u201d Mubue angefangen aufzur\u00e4umen. Dann das \u00fcbliche Programm und um 10.30 Uhr oder so angefangen aufzubauen. Mit ein wenig Hilfe fielen mir sogar Passw\u00f6rter wieder ein. Allgemein hab ich es aber eher ruhiger angehen lassen, weil: noch kein PC-Zugang (da werd ich morgen hinterher m\u00fcssen) und noch keine neuen CDs (die lagen noch auf Cheffes Tisch). Nadine und ich haben dann die erste Stunde der Ausleihe zusammen gemacht. Donnerstags ist die erste Ausleihe eigentlich immer eine ruhige Kugel. Eigentlich! Die erste Stunde war auch noch ruhig, in der zweiten gab es dann 2 F\u00e4lle von zu ersetzenden B\u00fcchern (ok, die muss ich ja nur weiterjagen), 2 F\u00e4lle von \u201cdie CDs sind zerkratzt\u201d, min. 8 kaputte H\u00fcllen (jaha, ich hab genauer hingeschaut und mir f\u00fcr morgen Arbeit beschafft *g*). Sonderausleihdatum, verlorene Karte und eigentlich Dauerbetrieb mit min. immer 2-3 Leuten an der Theke. Nett zur Eingew\u00f6hnung, \u00fcbermorgen fr\u00fch m\u00fcsste es dann richtig voll werden, wenn ich mich recht erinner. \ud83d\ude00<\/p>\n<p align=\"justify\">Und als ich dann kurz nach 13 Uhr bei Susanne eintraf und direkt in den Garten ging, weil ich mir schon dachte das sie da sind, wurde ich von genau einer Person begr\u00fc\u00dft: Susanne *lach*. Lena besch\u00e4ftigt, Jana besch\u00e4ftigt, da durfte Mama einfach ignoriert werden. Lena hab ich dann mitgenommen, Jana wollte und durfte da bleiben und wurde heute Abend zu Hause abgeliefert. <\/p>\n<p align=\"justify\">Kostgeld m\u00fcssen Susanne und ich noch kl\u00e4ren (Lena schnorrt sich nebenbei noch mit durch und Freitags isst sie ja eh Mittagessen mit), aber f\u00fcr die n\u00e4chsten Tage hab ich heute schon mal eine T\u00fcte gepackt mit Keksen, Waffeln, Apfelsaft, Trinkflasche und morgen fr\u00fch kommen noch Joghurts, Windeln und Feuchtt\u00fccher dazu. Was soll ich den Kram jeden Tag in Lenas Tasche quetschen, wenn ich es eh gleich da lassen kann. Dann muss ich t\u00e4glich nur noch Obst, Hasi, Schnuller, L\u00e4tzchen und Wechselw\u00e4sche mitgeben. Wobei wir demn\u00e4chst auch W\u00e4sche bei Susanne deponieren werden. <\/p>\n<p align=\"justify\">Morgen fr\u00fch wird Chris mich und Lena dann bei Susanne absetzen und den Maxi Cosi werd ich auch mitschleppen, damit Susanne f\u00fcr den Notfall einen Sitz da hat. Einen Zweitsitz werden wir mal auf Flohmarkt kaufen m\u00fcssen. Zum Gl\u00fcck passt Lena noch in den Maxi Cosi. \ud83d\ude42 Absetzen deshalb, weil seit heute ja das WadJ ist und ich mich h\u00fcten werde, mein Auto auch nur einen Zentimeter zu bewegen bis Montag. Chris kann in die Garage fahren, ich kann einen halben Kilometer von hier parken falls ich noch mal weg fahre :shock_tb: . Von Susanne aus lauf ich dann zu Arbeit und abends holt Chris Lena bei Susanne ab, w\u00e4hrend ich nach Hause laufe und dann sparen wir uns das Kochen und g\u00f6nnen uns eine Wurst auf dem WadJ. Opa holt Jana mittags und darf mit ihr um 16 Uhr beim Tanzen sein. Perfekt organisiert, gelle? <\/p>\n<p align=\"center\">&#160;<\/p>\n<p align=\"center\"><a href=\"http:\/\/www.anthealein.de\/wp-content\/uploads\/2010\/07\/01072010.jpg\"><img loading=\"lazy\" decoding=\"async\" style=\"border-bottom: 0px; border-left: 0px; display: block; float: none; margin-left: auto; border-top: 0px; margin-right: auto; border-right: 0px\" title=\"01072010\" border=\"0\" alt=\"01072010\" src=\"http:\/\/www.anthealein.de\/wp-content\/uploads\/2010\/07\/01072010_thumb.jpg\" width=\"504\" height=\"504\" \/><\/a>Back at work \ud83d\ude42<\/p>\n<p align=\"center\">&#160;<\/p>\n<p align=\"center\"><a href=\"http:\/\/www.anthealein.de\/wp-content\/uploads\/2010\/07\/01072010II.jpg\"><img loading=\"lazy\" decoding=\"async\" style=\"border-bottom: 0px; border-left: 0px; display: inline; border-top: 0px; border-right: 0px\" title=\"01072010II\" border=\"0\" alt=\"01072010II\" src=\"http:\/\/www.anthealein.de\/wp-content\/uploads\/2010\/07\/01072010II_thumb.jpg\" width=\"504\" height=\"504\" \/><\/a>&#160; Nu wei\u00df ich, wieso ich stundenlang Fische vor malen musste, der obere Fisch ist auch von mir \ud83d\ude42<\/p>\n<p align=\"center\">&#160;<\/p>\n<p align=\"center\"><a href=\"http:\/\/www.anthealein.de\/wp-content\/uploads\/2010\/07\/01072010III.jpg\"><img loading=\"lazy\" decoding=\"async\" style=\"border-bottom: 0px; border-left: 0px; display: inline; border-top: 0px; border-right: 0px\" title=\"01072010III\" border=\"0\" alt=\"01072010III\" src=\"http:\/\/www.anthealein.de\/wp-content\/uploads\/2010\/07\/01072010III_thumb.jpg\" width=\"504\" height=\"504\" \/><\/a><\/p>\n<p align=\"center\">&#160;<\/p>\n<p align=\"center\"><img loading=\"lazy\" decoding=\"async\" style=\"border-bottom: 0px; border-left: 0px; display: inline; border-top: 0px; border-right: 0px\" title=\"01072010IV\" border=\"0\" alt=\"01072010IV\" src=\"http:\/\/www.anthealein.de\/wp-content\/uploads\/2010\/07\/01072010IV_thumb.jpg\" width=\"504\" height=\"504\" \/>    <br \/>Schwere Entscheidung, wirklich schwere Entscheidung\u2026<\/p>\n<p align=\"center\">&#160;<\/p>\n<p align=\"center\"><img loading=\"lazy\" decoding=\"async\" style=\"border-bottom: 0px; border-left: 0px; display: inline; border-top: 0px; border-right: 0px\" title=\"01072010V\" border=\"0\" alt=\"01072010V\" src=\"http:\/\/www.anthealein.de\/wp-content\/uploads\/2010\/07\/01072010V_thumb.jpg\" width=\"504\" height=\"504\" \/>    <br \/>Sowas von :herz:<\/p>\n","protected":false},"excerpt":{"rendered":"<p>Diese Woche: &#8211; Montag: Putzen, Einkaufen (Chris), Alina zu Besuch&#160; &#8211; Dienstag: Einkaufen!&#160; &#8211; Mittwoch: Einkaufen?, Putzen, Anna zu Besuch &#8211; Donnerstag: ARBEIIIIIIIIIIIT, Einkauf, Spritzen holen &#8211; Freitag: Arbeiten, arbeiten, arbeiten &#8211; Samstag: Arbeiten, Putzen (?), Jana Auftritt mit Dunse muss Papa machen &#8211; Sonntag: WadJ, Auftritt Jana Heute morgen um 6.30 Uhr ging endlich [&hellip;]<\/p>\n","protected":false},"author":1,"featured_media":0,"comment_status":"open","ping_status":"open","sticky":false,"template":"","format":"standard","meta":{"footnotes":""},"categories":[3],"tags":[],"class_list":["post-2048","post","type-post","status-publish","format-standard","hentry","category-alles-mogliche"],"_links":{"self":[{"href":"http:\/\/www.anthealein.de\/index.php?rest_route=\/wp\/v2\/posts\/2048","targetHints":{"allow":["GET"]}}],"collection":[{"href":"http:\/\/www.anthealein.de\/index.php?rest_route=\/wp\/v2\/posts"}],"about":[{"href":"http:\/\/www.anthealein.de\/index.php?rest_route=\/wp\/v2\/types\/post"}],"author":[{"embeddable":true,"href":"http:\/\/www.anthealein.de\/index.php?rest_route=\/wp\/v2\/users\/1"}],"replies":[{"embeddable":true,"href":"http:\/\/www.anthealein.de\/index.php?rest_route=%2Fwp%2Fv2%2Fcomments&post=2048"}],"version-history":[{"count":0,"href":"http:\/\/www.anthealein.de\/index.php?rest_route=\/wp\/v2\/posts\/2048\/revisions"}],"wp:attachment":[{"href":"http:\/\/www.anthealein.de\/index.php?rest_route=%2Fwp%2Fv2%2Fmedia&parent=2048"}],"wp:term":[{"taxonomy":"category","embeddable":true,"href":"http:\/\/www.anthealein.de\/index.php?rest_route=%2Fwp%2Fv2%2Fcategories&post=2048"},{"taxonomy":"post_tag","embeddable":true,"href":"http:\/\/www.anthealein.de\/index.php?rest_route=%2Fwp%2Fv2%2Ftags&post=2048"}],"curies":[{"name":"wp","href":"https:\/\/api.w.org\/{rel}","templated":true}]}}