{"id":2039,"date":"2010-06-30T20:26:57","date_gmt":"2010-06-30T19:26:57","guid":{"rendered":"http:\/\/www.anthealein.de\/?p=2039"},"modified":"2010-06-30T20:26:57","modified_gmt":"2010-06-30T19:26:57","slug":"0","status":"publish","type":"post","link":"http:\/\/www.anthealein.de\/?p=2039","title":{"rendered":"0 :)"},"content":{"rendered":"<p>Diese Woche:    <br \/><strike>&#8211; Montag: Putzen, Einkaufen (Chris), Alina zu Besuch&#160; <br \/>&#8211; Dienstag: Einkaufen!<\/strike>&#160; <br \/><strike>&#8211; Mittwoch: Einkaufen?, Putzen, Anna zu Besuch<\/strike>     <br \/>&#8211; Donnerstag: ARBEIIIIIIIIIIIT, WadJ     <br \/>&#8211; Freitag: Arbeiten, arbeiten, arbeiten     <br \/>&#8211; Samstag: Arbeiten, Putzen (?), Jana Auftritt mit Dunse muss Papa machen     <br \/>&#8211; Sonntag: WadJ, Auftritt Jana<\/p>\n<p>&#160;<\/p>\n<p align=\"justify\">Merke: ein Kind, das die halbe Nacht nicht geschlafen hat, braucht auch tags\u00fcber dann nicht wirklich viel Schlaf. Lena beschloss gestern Abend kurz nach 9 Uhr, das sie Zahn-Aua hat und nach der Gabe von Paracetamol, das die Nacht zum erz\u00e4hlen da ist. Und so haben wir heute Nacht alle wenig geschlafen, daf\u00fcr hat Lena heute Mittag dann aber auch sp\u00e4t und weniger als normal geschlafen. <\/p>\n<p align=\"justify\">Aber es gibt ja auch Gutes *g*: wir haben bei H&amp;M Schn\u00e4ppchen gemacht (Kleid und Hut f\u00fcr Lena, Rock f\u00fcr Jana und eine \u201cHello-Kitty\u201d-Flasche f\u00fcr nicht mal 13 Euro) und noch dazu haben wir endlich, endlich Sandalen gefunden f\u00fcr Jana. Und weil es so sch\u00f6n war, haben Jana und Anna 3 Stunden lang richtig friedlich miteinander gespielt. <\/p>\n<p align=\"justify\">Morgen fr\u00fch hei\u00dft es dann wieder richtig fr\u00fch aufstehen: der Ernst des Lebens beginnt wieder. \ud83d\ude00 Und nachmittags werd ich mein Auto dann hier parken und bis Montag nicht mehr von der Stelle bewegen, daf\u00fcr wollen wir dann endlich auch mal direkt Donnerstags schon \u00fcbers WadJ laufen.&#160; <\/p>\n<p align=\"justify\">Spritzentechnisch gab es heute auch mal ein Problem. Bestellt hab ich das Rezept ja schon vor 2 Tagen, aber die Praxis war heute zu wegen Abrechnung. Also in der Apotheke Bescheid gegeben, das die meine Spritzen noch ein paar Tage im K\u00fchlschrank lassen und jetzt muss ich morgen erst mal beim Neuro anrufen und evtl. morgen Mittag auch gleich vorbei fahren (merken: K\u00fchltasche morgen fr\u00fch ins Auto legen!). Ich hab jetzt n\u00e4mlich keinen Schimmer, ob das Rezept noch im alten Quartal fertig gemacht wurde oder ob ich schon \u00dcberweisungsschein brauche (mein Neuro nimmt die Praxisgeb\u00fchr nicht an). Dann k\u00f6nnte ich erst Montag die Spritzen holen, weil in meiner Hausarztpraxis \u00dcberweisungen auch nicht mal eben schnell fertig gemacht werden :shock_tb: . <\/p>\n<p align=\"justify\">&#160;<\/p>\n<p align=\"center\"><img loading=\"lazy\" decoding=\"async\" style=\"border-bottom: 0px; border-left: 0px; display: block; float: none; margin-left: auto; border-top: 0px; margin-right: auto; border-right: 0px\" title=\"30062010V\" border=\"0\" alt=\"30062010V\" src=\"http:\/\/www.anthealein.de\/wp-content\/uploads\/2010\/06\/30062010V_thumb.jpg\" width=\"504\" height=\"504\" \/><\/p>\n<p align=\"center\">&#160;<\/p>\n<p align=\"center\"><a href=\"http:\/\/www.anthealein.de\/wp-content\/uploads\/2010\/06\/30062010.jpg\"><img loading=\"lazy\" decoding=\"async\" style=\"border-bottom: 0px; border-left: 0px; display: block; float: none; margin-left: auto; border-top: 0px; margin-right: auto; border-right: 0px\" title=\"30062010\" border=\"0\" alt=\"30062010\" src=\"http:\/\/www.anthealein.de\/wp-content\/uploads\/2010\/06\/30062010_thumb.jpg\" width=\"504\" height=\"504\" \/><\/a><\/p>\n<p align=\"center\">&#160;<\/p>\n<p align=\"center\"><a href=\"http:\/\/www.anthealein.de\/wp-content\/uploads\/2010\/06\/30062010II.jpg\"><img loading=\"lazy\" decoding=\"async\" style=\"border-bottom: 0px; border-left: 0px; display: block; float: none; margin-left: auto; border-top: 0px; margin-right: auto; border-right: 0px\" title=\"30062010II\" border=\"0\" alt=\"30062010II\" src=\"http:\/\/www.anthealein.de\/wp-content\/uploads\/2010\/06\/30062010II_thumb.jpg\" width=\"504\" height=\"504\" \/><\/a>Lenas momentane Standardbewegung mit den Kommentaren \u201cWeg?\u201d und \u201cKaputt?\u201d<\/p>\n<p align=\"center\">&#160;<\/p>\n<p align=\"center\"><a href=\"http:\/\/www.anthealein.de\/wp-content\/uploads\/2010\/06\/30062010III.jpg\"><img loading=\"lazy\" decoding=\"async\" style=\"border-bottom: 0px; border-left: 0px; display: block; float: none; margin-left: auto; border-top: 0px; margin-right: auto; border-right: 0px\" title=\"30062010III\" border=\"0\" alt=\"30062010III\" src=\"http:\/\/www.anthealein.de\/wp-content\/uploads\/2010\/06\/30062010III_thumb.jpg\" width=\"504\" height=\"504\" \/><\/a><\/p>\n<p align=\"center\">&#160;<\/p>\n<p align=\"center\"><a href=\"http:\/\/www.anthealein.de\/wp-content\/uploads\/2010\/06\/30062010IV.jpg\"><img loading=\"lazy\" decoding=\"async\" style=\"border-bottom: 0px; border-left: 0px; display: block; float: none; margin-left: auto; border-top: 0px; margin-right: auto; border-right: 0px\" title=\"30062010IV\" border=\"0\" alt=\"30062010IV\" src=\"http:\/\/www.anthealein.de\/wp-content\/uploads\/2010\/06\/30062010IV_thumb.jpg\" width=\"504\" height=\"504\" \/><\/a><\/p>\n<p align=\"center\">&#160;<\/p>\n<p align=\"center\"><a href=\"http:\/\/www.anthealein.de\/wp-content\/uploads\/2010\/06\/30062010VI.jpg\"><img loading=\"lazy\" decoding=\"async\" style=\"border-bottom: 0px; border-left: 0px; display: block; float: none; margin-left: auto; border-top: 0px; margin-right: auto; border-right: 0px\" title=\"30062010VI\" border=\"0\" alt=\"30062010VI\" src=\"http:\/\/www.anthealein.de\/wp-content\/uploads\/2010\/06\/30062010VI_thumb.jpg\" width=\"504\" height=\"504\" \/><\/a><\/p>\n","protected":false},"excerpt":{"rendered":"<p>Diese Woche: &#8211; Montag: Putzen, Einkaufen (Chris), Alina zu Besuch&#160; &#8211; Dienstag: Einkaufen!&#160; &#8211; Mittwoch: Einkaufen?, Putzen, Anna zu Besuch &#8211; Donnerstag: ARBEIIIIIIIIIIIT, WadJ &#8211; Freitag: Arbeiten, arbeiten, arbeiten &#8211; Samstag: Arbeiten, Putzen (?), Jana Auftritt mit Dunse muss Papa machen &#8211; Sonntag: WadJ, Auftritt Jana &#160; Merke: ein Kind, das die halbe Nacht nicht [&hellip;]<\/p>\n","protected":false},"author":1,"featured_media":0,"comment_status":"open","ping_status":"open","sticky":false,"template":"","format":"standard","meta":{"footnotes":""},"categories":[3],"tags":[],"class_list":["post-2039","post","type-post","status-publish","format-standard","hentry","category-alles-mogliche"],"_links":{"self":[{"href":"http:\/\/www.anthealein.de\/index.php?rest_route=\/wp\/v2\/posts\/2039","targetHints":{"allow":["GET"]}}],"collection":[{"href":"http:\/\/www.anthealein.de\/index.php?rest_route=\/wp\/v2\/posts"}],"about":[{"href":"http:\/\/www.anthealein.de\/index.php?rest_route=\/wp\/v2\/types\/post"}],"author":[{"embeddable":true,"href":"http:\/\/www.anthealein.de\/index.php?rest_route=\/wp\/v2\/users\/1"}],"replies":[{"embeddable":true,"href":"http:\/\/www.anthealein.de\/index.php?rest_route=%2Fwp%2Fv2%2Fcomments&post=2039"}],"version-history":[{"count":0,"href":"http:\/\/www.anthealein.de\/index.php?rest_route=\/wp\/v2\/posts\/2039\/revisions"}],"wp:attachment":[{"href":"http:\/\/www.anthealein.de\/index.php?rest_route=%2Fwp%2Fv2%2Fmedia&parent=2039"}],"wp:term":[{"taxonomy":"category","embeddable":true,"href":"http:\/\/www.anthealein.de\/index.php?rest_route=%2Fwp%2Fv2%2Fcategories&post=2039"},{"taxonomy":"post_tag","embeddable":true,"href":"http:\/\/www.anthealein.de\/index.php?rest_route=%2Fwp%2Fv2%2Ftags&post=2039"}],"curies":[{"name":"wp","href":"https:\/\/api.w.org\/{rel}","templated":true}]}}