{"id":2021,"date":"2010-06-28T20:07:32","date_gmt":"2010-06-28T19:07:32","guid":{"rendered":"http:\/\/www.anthealein.de\/?p=2021"},"modified":"2010-06-28T20:07:32","modified_gmt":"2010-06-28T19:07:32","slug":"2","status":"publish","type":"post","link":"http:\/\/www.anthealein.de\/?p=2021","title":{"rendered":"2"},"content":{"rendered":"<p>Diese Woche:    <br \/><strike>&#8211; Montag: Putzen, Einkaufen (Chris), Alina zu Besuch&#160; <br \/><\/strike>&#8211; Dienstag: Bine?     <br \/>&#8211; Mittwoch: Einkaufen, Putzen, Anna zu Besuch    <br \/>&#8211; Donnerstag: ARBEIIIIIIIIIIIT, WadJ     <br \/>&#8211; Freitag: Arbeiten, arbeiten, arbeiten     <br \/>&#8211; Samstag: Arbeiten, Putzen (?), Jana Auftritt mit Dunse muss Papa machen     <br \/>&#8211; Sonntag: WadJ, Auftritt Jana<\/p>\n<p>&#160;<\/p>\n<p align=\"justify\">Dieses Wetter macht mich v\u00f6llig kirre. Nix gegen W\u00e4rme und Sonnenschein, aber musste das jetzt so schnell so hei\u00df werden? Eigentlich wollte ich heute Mittag mit den Kindern auf den Spielplatz, bevor es so richtig hei\u00df wird. Konnte man knicken, weil: es WAR schon richtig, unertr\u00e4glich hei\u00df in der Sonne. Also blieb ich mit n\u00f6liger Lena (Z\u00e4hne, immer noch *seufz*) und aufgekratzter Jana zu Hause. Lena ging ein bi\u00dfl plantschen, Jana pustete Luftballons auf f\u00fcr ihre \u201cLuftballon-Party\u201d, die sie mit Alina feiern wollte. Und ab 3 Uhr war es laut, sehr sehr laut *Kopfschmerzenhab* und ich damit besch\u00e4ftigt, hinter 3 Kindern hinterher zu r\u00e4umen. <\/p>\n<p align=\"justify\">&#160;<\/p>\n<p align=\"center\"><img loading=\"lazy\" decoding=\"async\" style=\"border-bottom: 0px; border-left: 0px; display: block; float: none; margin-left: auto; border-top: 0px; margin-right: auto; border-right: 0px\" title=\"28062010\" border=\"0\" alt=\"28062010\" src=\"http:\/\/www.anthealein.de\/wp-content\/uploads\/2010\/06\/28062010_thumb.jpg\" width=\"504\" height=\"504\" \/><\/p>\n<p align=\"center\">&#160;<\/p>\n<p align=\"center\"><a href=\"http:\/\/www.anthealein.de\/wp-content\/uploads\/2010\/06\/28062010II.jpg\"><img loading=\"lazy\" decoding=\"async\" style=\"border-bottom: 0px; border-left: 0px; display: inline; border-top: 0px; border-right: 0px\" title=\"28062010II\" border=\"0\" alt=\"28062010II\" src=\"http:\/\/www.anthealein.de\/wp-content\/uploads\/2010\/06\/28062010II_thumb.jpg\" width=\"504\" height=\"504\" \/><\/a><\/p>\n","protected":false},"excerpt":{"rendered":"<p>Diese Woche: &#8211; Montag: Putzen, Einkaufen (Chris), Alina zu Besuch&#160; &#8211; Dienstag: Bine? &#8211; Mittwoch: Einkaufen, Putzen, Anna zu Besuch &#8211; Donnerstag: ARBEIIIIIIIIIIIT, WadJ &#8211; Freitag: Arbeiten, arbeiten, arbeiten &#8211; Samstag: Arbeiten, Putzen (?), Jana Auftritt mit Dunse muss Papa machen &#8211; Sonntag: WadJ, Auftritt Jana &#160; Dieses Wetter macht mich v\u00f6llig kirre. Nix gegen [&hellip;]<\/p>\n","protected":false},"author":1,"featured_media":0,"comment_status":"open","ping_status":"open","sticky":false,"template":"","format":"standard","meta":{"footnotes":""},"categories":[3],"tags":[],"class_list":["post-2021","post","type-post","status-publish","format-standard","hentry","category-alles-mogliche"],"_links":{"self":[{"href":"http:\/\/www.anthealein.de\/index.php?rest_route=\/wp\/v2\/posts\/2021","targetHints":{"allow":["GET"]}}],"collection":[{"href":"http:\/\/www.anthealein.de\/index.php?rest_route=\/wp\/v2\/posts"}],"about":[{"href":"http:\/\/www.anthealein.de\/index.php?rest_route=\/wp\/v2\/types\/post"}],"author":[{"embeddable":true,"href":"http:\/\/www.anthealein.de\/index.php?rest_route=\/wp\/v2\/users\/1"}],"replies":[{"embeddable":true,"href":"http:\/\/www.anthealein.de\/index.php?rest_route=%2Fwp%2Fv2%2Fcomments&post=2021"}],"version-history":[{"count":0,"href":"http:\/\/www.anthealein.de\/index.php?rest_route=\/wp\/v2\/posts\/2021\/revisions"}],"wp:attachment":[{"href":"http:\/\/www.anthealein.de\/index.php?rest_route=%2Fwp%2Fv2%2Fmedia&parent=2021"}],"wp:term":[{"taxonomy":"category","embeddable":true,"href":"http:\/\/www.anthealein.de\/index.php?rest_route=%2Fwp%2Fv2%2Fcategories&post=2021"},{"taxonomy":"post_tag","embeddable":true,"href":"http:\/\/www.anthealein.de\/index.php?rest_route=%2Fwp%2Fv2%2Ftags&post=2021"}],"curies":[{"name":"wp","href":"https:\/\/api.w.org\/{rel}","templated":true}]}}