{"id":2004,"date":"2010-06-25T20:04:07","date_gmt":"2010-06-25T19:04:07","guid":{"rendered":"http:\/\/www.anthealein.de\/?p=2004"},"modified":"2010-06-25T20:04:07","modified_gmt":"2010-06-25T19:04:07","slug":"5","status":"publish","type":"post","link":"http:\/\/www.anthealein.de\/?p=2004","title":{"rendered":"5"},"content":{"rendered":"<p>Diese Woche:    <br \/><strike>&#8211; Montag: 15.30 Uhr Tanzen      <br \/>&#8211; Dienstag: 15 Uhr Melanie, Ebba und Jack besuchen<\/strike>     <br \/><strike>&#8211; Mittwoch: Einkauf (gaaaaaaaanz dringend), Anna? Anna! Spielplatz \ud83d\ude42<\/strike>&#160; <br \/><strike>&#8211; Donnerstag: 7:45 Uhr Lena bei Susanne abgeben, um 13:15 Uhr das Kind wieder einsammeln :shock_tb: , Anne<\/strike>&#160; <br \/><strike>&#8211; Freitag: Putzen, B\u00fccherei, Stadt<\/strike>     <br \/>&#8211; Samstag: \u00c4h, jo \u2026 Chaos-Trio-Fr\u00fchst\u00fcck \ud83d\ude42     <br \/>&#8211; Sonntag: Dito \u2026<\/p>\n<p align=\"justify\">Montag war ja der letzte Elternabend der roten Gruppe und als Erinnerung an die letzten Jahre bekamen die Eltern von C. ein wundersch\u00f6n selbst gebasteltes Heftchen mit gesammelten Kinderm\u00fcndern der letzten Jahre.<\/p>\n<p align=\"justify\">&#160;<\/p>\n<p align=\"justify\">U.a.:<\/p>\n<p align=\"justify\">Am 29.09.2008 wird Jana morgens von ihrem Papa in den Kindergarten gebracht. Jana&#8217;s Begr\u00fc\u00dfung: &quot;Ich hab gewusst, das du schon da bist. Das hab ich gerochen!   <br \/>(Ob das ein Kompliment war?)<\/p>\n<p align=\"justify\">&#160;<\/p>\n<p align=\"justify\">Gespr\u00e4ch beim Fr\u00fchst\u00fcck am 19.01.2009 \u00fcber Sternzeichen.   <br \/>Jana: &quot;Meine Mama ist Ziegenbock!&quot;    <\/p>\n<p align=\"justify\">&#160;<\/p>\n<p align=\"justify\">Gespr\u00e4ch \u00fcber Dinosaurier am 01.07.2009. Max erz\u00e4hlt den Kindern, das er einen Dinosaurier zu Hause hat.   <br \/>Jana: &quot;Du l\u00fcgst nur! Dinosaurier sind schon lange abgestorben!&quot;<\/p>\n<p align=\"justify\">&#160;<\/p>\n<p align=\"justify\">06.08.2009   <br \/>Wir sprechen \u00fcber Fische und Aquarien.    <br \/>Jana erz\u00e4hlt, das sie ein Aquarium zu Hause hat.    <br \/>Ich frage sie, ob sie wei\u00df, welche Fische darin sind.    <br \/>&quot;Ja&quot;, meint sie &quot;Gummis!&quot;<\/p>\n<p>&#160;<\/p>\n<p align=\"justify\">Auch sehr nett, aber zu lang: ein Pferd kollabiert und Schafe werden gem\u00e4ht \ud83d\ude09<\/p>\n<p align=\"justify\">&#160;<\/p>\n<p align=\"justify\">Passend dazu hat Lena ihren ersten Kindermund abgeliefert. Opa schaute heute ein wenig verwirrt, als Lena mit Jana die K\u00f6rperteile durchging. Lena zeigte Janas Nase, Ohren, Mund, Augen, Knie, F\u00fc\u00dfe, Bauch (da wurde der Pullover hochgezogen) und weil sie schon mal dabei war, verlangte sie auch \u201cWurst\u201d zu sehen. <\/p>\n<p align=\"justify\">Ich hab keinen Schimmer, wie oft ich ihr in den letzten Tagen erkl\u00e4rt habe, das Scheide nicht Scheibe (f\u00fcr sie damit automatisch Wurst) hei\u00dft. :shock_tb:<\/p>\n<p align=\"center\">&#160;<\/p>\n<p align=\"center\"><a href=\"http:\/\/www.anthealein.de\/wp-content\/uploads\/2010\/06\/25062010.jpg\"><img loading=\"lazy\" decoding=\"async\" style=\"border-bottom: 0px; border-left: 0px; display: inline; border-top: 0px; border-right: 0px\" title=\"25062010\" border=\"0\" alt=\"25062010\" src=\"http:\/\/www.anthealein.de\/wp-content\/uploads\/2010\/06\/25062010_thumb.jpg\" width=\"504\" height=\"504\" \/><\/a><\/p>\n<p align=\"center\">&#160;<\/p>\n<p align=\"center\"><a href=\"http:\/\/www.anthealein.de\/wp-content\/uploads\/2010\/06\/25062010II.jpg\"><img loading=\"lazy\" decoding=\"async\" style=\"border-bottom: 0px; border-left: 0px; display: inline; border-top: 0px; border-right: 0px\" title=\"25062010II\" border=\"0\" alt=\"25062010II\" src=\"http:\/\/www.anthealein.de\/wp-content\/uploads\/2010\/06\/25062010II_thumb.jpg\" width=\"504\" height=\"504\" \/><\/a><\/p>\n","protected":false},"excerpt":{"rendered":"<p>Diese Woche: &#8211; Montag: 15.30 Uhr Tanzen &#8211; Dienstag: 15 Uhr Melanie, Ebba und Jack besuchen &#8211; Mittwoch: Einkauf (gaaaaaaaanz dringend), Anna? Anna! Spielplatz \ud83d\ude42&#160; &#8211; Donnerstag: 7:45 Uhr Lena bei Susanne abgeben, um 13:15 Uhr das Kind wieder einsammeln :shock_tb: , Anne&#160; &#8211; Freitag: Putzen, B\u00fccherei, Stadt &#8211; Samstag: \u00c4h, jo \u2026 Chaos-Trio-Fr\u00fchst\u00fcck \ud83d\ude42 [&hellip;]<\/p>\n","protected":false},"author":1,"featured_media":0,"comment_status":"open","ping_status":"open","sticky":false,"template":"","format":"standard","meta":{"footnotes":""},"categories":[3],"tags":[],"class_list":["post-2004","post","type-post","status-publish","format-standard","hentry","category-alles-mogliche"],"_links":{"self":[{"href":"http:\/\/www.anthealein.de\/index.php?rest_route=\/wp\/v2\/posts\/2004","targetHints":{"allow":["GET"]}}],"collection":[{"href":"http:\/\/www.anthealein.de\/index.php?rest_route=\/wp\/v2\/posts"}],"about":[{"href":"http:\/\/www.anthealein.de\/index.php?rest_route=\/wp\/v2\/types\/post"}],"author":[{"embeddable":true,"href":"http:\/\/www.anthealein.de\/index.php?rest_route=\/wp\/v2\/users\/1"}],"replies":[{"embeddable":true,"href":"http:\/\/www.anthealein.de\/index.php?rest_route=%2Fwp%2Fv2%2Fcomments&post=2004"}],"version-history":[{"count":0,"href":"http:\/\/www.anthealein.de\/index.php?rest_route=\/wp\/v2\/posts\/2004\/revisions"}],"wp:attachment":[{"href":"http:\/\/www.anthealein.de\/index.php?rest_route=%2Fwp%2Fv2%2Fmedia&parent=2004"}],"wp:term":[{"taxonomy":"category","embeddable":true,"href":"http:\/\/www.anthealein.de\/index.php?rest_route=%2Fwp%2Fv2%2Fcategories&post=2004"},{"taxonomy":"post_tag","embeddable":true,"href":"http:\/\/www.anthealein.de\/index.php?rest_route=%2Fwp%2Fv2%2Ftags&post=2004"}],"curies":[{"name":"wp","href":"https:\/\/api.w.org\/{rel}","templated":true}]}}