{"id":1956,"date":"2010-06-18T20:16:26","date_gmt":"2010-06-18T19:16:26","guid":{"rendered":"http:\/\/www.anthealein.de\/?p=1956"},"modified":"2010-06-18T20:16:26","modified_gmt":"2010-06-18T19:16:26","slug":"aber-ich-nicht-mehr","status":"publish","type":"post","link":"http:\/\/www.anthealein.de\/?p=1956","title":{"rendered":"Aber ich nicht mehr&hellip;"},"content":{"rendered":"<p align=\"justify\">Heute war ja DER gro\u00dfe Tag der offiziellen Schuleinladung. Jana ging heute morgen in den Kiga, um 9.30 Uhr holte ich sie dann wieder ab um mit ihr zur Schule zu laufen. Vor uns sahen wir Nikita und seine Mama laufen. Jana rannte vor und an der n\u00e4chsten Ampel trafen wir alle zusammen. <\/p>\n<p align=\"justify\">Und als Nikita und Jana da so Hand in Hand liefen, ergab sich folgender Dialog (Bine, das wird dein Herz brechen *g*).<\/p>\n<p align=\"justify\">Nikita: \u201cJack ist verliebt in dich\u201d   <br \/>Jana (falsch verstanden gehabt): \u201cJa, alle M\u00e4dchen sind in Jack verliebt\u201d (Recht hat sie :herz: )    <br \/>Nikita: \u201cAber Jack ist in dich verliebt\u201d    <br \/>Jana: \u201cJa, ich wei\u00df. Aber ich nicht mehr in ihn.\u201d <\/p>\n<p align=\"justify\">Da gibt meine Tochter allen Ernstes DEM Jungen schlechthin einen Korb. :shock_tb: Und das mit gerade mal 6 Jahren. \ud83d\ude42<\/p>\n<p align=\"justify\">An der Schule angekommen, musste ich richtig grinsen. Nicht nur, das aus der <a href=\"http:\/\/www.anthealein.de\/?p=1146\" target=\"_blank\">\u201cAlle-sind-willkommen\u201d-Familie<\/a> die L\u00fctte mit Jana in eine Klasse gehen wird (wenn alles gut l\u00e4uft) und Lena dort ihre Tage verbringen darf. Nein, mit Jana eingeschult wird die Tochter meines Freundes aus Kindertagen. Als Thomas und ich damals eingeschult wurden, sorgten unsere Eltern daf\u00fcr das wir in unterschiedlichen Schulgeb\u00e4uden untergebracht wurden. Weil: wir haben nur Mist gebaut und h\u00e4tten den Unterricht aufgemischt *lach*. H\u00e4tte sich aber eh erledigt gehabt, weil Thomas zur\u00fcckgestellt wurde und die Familie umzog. Wir haben dann ne Runde gequatscht, ich hab Werner (Papa der \u201cAlle-sind-willkommen\u201d-Familie) ausgeschimpft weil er sich an Thomas aber nicht mehr an mich erinnerte *grummel* und Thomas hat mir gesteckt, das er einen Jahrgang unter mir an der IGS war. Und ich hab den ehrlich die ganzen Jahre da nie gesehen :shock_tb: . <\/p>\n<p align=\"justify\">Nach 45 Minuten durften wir die Kids dann wieder einsammeln und Jana ging noch zur\u00fcck in den Kiga. Nachmittags dann w\u00e4re eigentlich Tanzen gewesen, wenn \u2013 ja wenn \u2013 mehr als Jana und ein anderes Kind aufgetaucht w\u00e4ren. So fiel das also dank WM auch ins Wasser und wir haben uns nach dem Einkauf auf den Weg nach Hause gemacht. <\/p>\n<p align=\"justify\">Morgen ist dann das Sommerfest mit der Verabschiedung der Roten und ich wei\u00df jetzt schon, das ich Taschent\u00fccher brauchen werde \ud83d\ude42<\/p>\n<p>Diese Woche:   <br \/><strike>&#8211; Montag: Kinder um 11 Uhr zu Irene bringen, Arzt, 15.30 Uhr Dunse     <br \/>&#8211; Dienstag: Stadt, Nachmittags Eingew\u00f6hnung Lena      <br \/>&#8211; Mittwoch: Putzen, Bine, Einkaufen&#160; <br \/>&#8211; Donnerstag: 16 Uhr Ebba und Melli<\/strike>    <br \/><strike>&#8211; Freitag: Jana um 10 Uhr in der Schule absetzen, *schulterzuck*, Tanzen, Einkaufen<\/strike>    <br \/>&#8211; Samstag: Putzen (Einkauf machen Chris und die Kinder), Sommerfest Kiga, Abschied der Roten (*heul*)    <br \/>&#8211; Sonntag: Oma und Opa? *schulterzuck*<\/p>\n<p>N\u00e4chste Woche:   <br \/>&#8211; Montag: 15.30 Uhr Tanzen    <br \/>&#8211; Dienstag: 15 Uhr Melanie, Ebba und Jack besuchen    <br \/>&#8211; Samstag: Nicoles Vater (PC)?<\/p>\n<p>&#160;<\/p>\n<p align=\"center\"><a href=\"http:\/\/www.anthealein.de\/wp-content\/uploads\/2010\/06\/18062010.jpg\"><img loading=\"lazy\" decoding=\"async\" style=\"border-bottom: 0px; border-left: 0px; display: block; float: none; margin-left: auto; border-top: 0px; margin-right: auto; border-right: 0px\" title=\"18062010\" border=\"0\" alt=\"18062010\" src=\"http:\/\/www.anthealein.de\/wp-content\/uploads\/2010\/06\/18062010_thumb.jpg\" width=\"504\" height=\"504\" \/><\/a><\/p>\n","protected":false},"excerpt":{"rendered":"<p>Heute war ja DER gro\u00dfe Tag der offiziellen Schuleinladung. Jana ging heute morgen in den Kiga, um 9.30 Uhr holte ich sie dann wieder ab um mit ihr zur Schule zu laufen. Vor uns sahen wir Nikita und seine Mama laufen. Jana rannte vor und an der n\u00e4chsten Ampel trafen wir alle zusammen. Und als [&hellip;]<\/p>\n","protected":false},"author":1,"featured_media":0,"comment_status":"open","ping_status":"open","sticky":false,"template":"","format":"standard","meta":{"footnotes":""},"categories":[3],"tags":[],"class_list":["post-1956","post","type-post","status-publish","format-standard","hentry","category-alles-mogliche"],"_links":{"self":[{"href":"http:\/\/www.anthealein.de\/index.php?rest_route=\/wp\/v2\/posts\/1956","targetHints":{"allow":["GET"]}}],"collection":[{"href":"http:\/\/www.anthealein.de\/index.php?rest_route=\/wp\/v2\/posts"}],"about":[{"href":"http:\/\/www.anthealein.de\/index.php?rest_route=\/wp\/v2\/types\/post"}],"author":[{"embeddable":true,"href":"http:\/\/www.anthealein.de\/index.php?rest_route=\/wp\/v2\/users\/1"}],"replies":[{"embeddable":true,"href":"http:\/\/www.anthealein.de\/index.php?rest_route=%2Fwp%2Fv2%2Fcomments&post=1956"}],"version-history":[{"count":0,"href":"http:\/\/www.anthealein.de\/index.php?rest_route=\/wp\/v2\/posts\/1956\/revisions"}],"wp:attachment":[{"href":"http:\/\/www.anthealein.de\/index.php?rest_route=%2Fwp%2Fv2%2Fmedia&parent=1956"}],"wp:term":[{"taxonomy":"category","embeddable":true,"href":"http:\/\/www.anthealein.de\/index.php?rest_route=%2Fwp%2Fv2%2Fcategories&post=1956"},{"taxonomy":"post_tag","embeddable":true,"href":"http:\/\/www.anthealein.de\/index.php?rest_route=%2Fwp%2Fv2%2Ftags&post=1956"}],"curies":[{"name":"wp","href":"https:\/\/api.w.org\/{rel}","templated":true}]}}