{"id":1953,"date":"2010-06-17T19:54:45","date_gmt":"2010-06-17T18:54:45","guid":{"rendered":"http:\/\/www.anthealein.de\/?p=1953"},"modified":"2010-06-17T19:54:45","modified_gmt":"2010-06-17T18:54:45","slug":"545-uhr-morgens-in-deutschland","status":"publish","type":"post","link":"http:\/\/www.anthealein.de\/?p=1953","title":{"rendered":"5:45 Uhr morgens in Deutschland &hellip;"},"content":{"rendered":"<p align=\"justify\">\u2026 macht man kein Knoppersp\u00e4uschen, sondern hat stattdessen ein fertig angezogenes und gewaschenes Kind neben dem Bett stehen, das fragt ob es in den Kindergarten darf. :shock_tb: <\/p>\n<p align=\"justify\">Zum Gl\u00fcck ist das Kind darauf geimpft Papa zu wecken *g*, ich hab sie erst um 7 Uhr mitbekommen. Die Schulranzenparty war wohl richtig sch\u00f6n, Lena und ich haben derweil den Vormittag vergammelt. <\/p>\n<p align=\"justify\">Auch heute Nachmittag war bis auf die eine Stunde Ebba und Melli \u00e4u\u00dferst ruhig und gem\u00fctlich (bis auf ein paar Zickereien von Jana, typisch Schulanf\u00e4nger halt). <\/p>\n<p align=\"justify\">Hmpf und schon wieder geht es mir so wie immer. Ich erlebe den Tag \u00fcber irgendwas mit den Kindern, schreibe in Gedanken schon den Post hier und sobald ich vor der Tastatur sitze, ist alles vergessen. Und dabei gab es eigentlich halbwegs viel zu erz\u00e4hlen. Die Schult\u00fctenh\u00fclle ist angekommen, Lena quatscht von Stunde zu Stunde mehr, Jana wird immer hibbeliger und ich will endlich wieder arbeiten. <\/p>\n<p align=\"justify\">Als Lena noch gar nicht geboren war, hab ich mal in mich reingegrinst, als ich mit Jana bei J. (die Mama), L. (aus Janas alter Kiga-Gruppe) und den Zwillingen (mittlerweile im Kiga) zu Besuch war. Die Zwillinge trotzten rum, weil sie unbedingt baden wollten und seufzend machte J. sich auf den Weg, um den Zwergen um 16 Uhr Badewasser einzulassen mit dem Kommentar, es w\u00e4re einfacher ihnen den Willen zu lassen. Verstand ich damals nicht wirklich, Jana hat nur ein paar mal richtig getrotzt und da half es, die Schiene zu halten und das Kind abzulenken. <\/p>\n<p align=\"justify\">JETZT hab ich Lena. Und die \u2013 obwohl noch nicht offiziell in der Trotzphase \u2013 toppt alles. Und JETZT kann ich auch v\u00f6llig nachvollziehen, wieso J. bei eher unwichtigen Dingen wie der Badewanne gar nicht gro\u00df auf ihrem Standpunkt blieb. Sollte ich noch erw\u00e4hnen, das die Zwillis andererseits unheimlich einf\u00fchlsam, lieb und sozial sind und am gleichen Tag Geburtstag haben wie Lena (die auch angerannt kommt, sobald sie den Wasserhahn im Badezimmer h\u00f6rt *g*)?<\/p>\n<p>&#160;<\/p>\n<p align=\"center\">&#160;<img loading=\"lazy\" decoding=\"async\" style=\"border-bottom: 0px; border-left: 0px; display: block; float: none; margin-left: auto; border-top: 0px; margin-right: auto; border-right: 0px\" title=\"17062010\" border=\"0\" alt=\"17062010\" src=\"http:\/\/www.anthealein.de\/wp-content\/uploads\/2010\/06\/17062010_thumb.jpg\" width=\"504\" height=\"504\" \/><\/p>\n<p align=\"center\">&#160;<\/p>\n<p align=\"center\"><a href=\"http:\/\/www.anthealein.de\/wp-content\/uploads\/2010\/06\/17062010II.jpg\"><img loading=\"lazy\" decoding=\"async\" style=\"border-bottom: 0px; border-left: 0px; display: inline; border-top: 0px; border-right: 0px\" title=\"17062010II\" border=\"0\" alt=\"17062010II\" src=\"http:\/\/www.anthealein.de\/wp-content\/uploads\/2010\/06\/17062010II_thumb.jpg\" width=\"504\" height=\"504\" \/><\/a><\/p>\n<p align=\"center\">&#160;<\/p>\n<p align=\"center\"><a href=\"http:\/\/www.anthealein.de\/wp-content\/uploads\/2010\/06\/17062010III.jpg\"><img loading=\"lazy\" decoding=\"async\" style=\"border-bottom: 0px; border-left: 0px; display: inline; border-top: 0px; border-right: 0px\" title=\"17062010III\" border=\"0\" alt=\"17062010III\" src=\"http:\/\/www.anthealein.de\/wp-content\/uploads\/2010\/06\/17062010III_thumb.jpg\" width=\"504\" height=\"504\" \/><\/a><\/p>\n","protected":false},"excerpt":{"rendered":"<p>\u2026 macht man kein Knoppersp\u00e4uschen, sondern hat stattdessen ein fertig angezogenes und gewaschenes Kind neben dem Bett stehen, das fragt ob es in den Kindergarten darf. :shock_tb: Zum Gl\u00fcck ist das Kind darauf geimpft Papa zu wecken *g*, ich hab sie erst um 7 Uhr mitbekommen. Die Schulranzenparty war wohl richtig sch\u00f6n, Lena und ich [&hellip;]<\/p>\n","protected":false},"author":1,"featured_media":0,"comment_status":"open","ping_status":"open","sticky":false,"template":"","format":"standard","meta":{"footnotes":""},"categories":[3],"tags":[],"class_list":["post-1953","post","type-post","status-publish","format-standard","hentry","category-alles-mogliche"],"_links":{"self":[{"href":"http:\/\/www.anthealein.de\/index.php?rest_route=\/wp\/v2\/posts\/1953","targetHints":{"allow":["GET"]}}],"collection":[{"href":"http:\/\/www.anthealein.de\/index.php?rest_route=\/wp\/v2\/posts"}],"about":[{"href":"http:\/\/www.anthealein.de\/index.php?rest_route=\/wp\/v2\/types\/post"}],"author":[{"embeddable":true,"href":"http:\/\/www.anthealein.de\/index.php?rest_route=\/wp\/v2\/users\/1"}],"replies":[{"embeddable":true,"href":"http:\/\/www.anthealein.de\/index.php?rest_route=%2Fwp%2Fv2%2Fcomments&post=1953"}],"version-history":[{"count":0,"href":"http:\/\/www.anthealein.de\/index.php?rest_route=\/wp\/v2\/posts\/1953\/revisions"}],"wp:attachment":[{"href":"http:\/\/www.anthealein.de\/index.php?rest_route=%2Fwp%2Fv2%2Fmedia&parent=1953"}],"wp:term":[{"taxonomy":"category","embeddable":true,"href":"http:\/\/www.anthealein.de\/index.php?rest_route=%2Fwp%2Fv2%2Fcategories&post=1953"},{"taxonomy":"post_tag","embeddable":true,"href":"http:\/\/www.anthealein.de\/index.php?rest_route=%2Fwp%2Fv2%2Ftags&post=1953"}],"curies":[{"name":"wp","href":"https:\/\/api.w.org\/{rel}","templated":true}]}}