{"id":1942,"date":"2010-06-16T20:31:25","date_gmt":"2010-06-16T19:31:25","guid":{"rendered":"http:\/\/www.anthealein.de\/?p=1942"},"modified":"2010-06-16T20:35:19","modified_gmt":"2010-06-16T19:35:19","slug":"noch-2-wochen","status":"publish","type":"post","link":"http:\/\/www.anthealein.de\/?p=1942","title":{"rendered":"Noch 2 Wochen :)"},"content":{"rendered":"<p style=\"text-align: left;\">Ich z\u00e4hl mal wieder runter *g* und hab heute mal nebenbei ein wenig ge\u00fcbt und Bine bedient. Bine kam heute morgen vorbei und war tats\u00e4chlich auch mal zum Fr\u00fchst\u00fcck (sprich um 8.45 Uhr) da :shock_tb: . Da ich aber noch am putzen war etc., haben wir das Fr\u00fchst\u00fcck auf 11 Uhr verschoben *g*. Bine ging dann gegen 12 Uhr und um 13 Uhr haben die M\u00e4dels und ich uns auf den Weg gemacht.<\/p>\n<p>In der B\u00fccherei sind wir dann wieder mit Bine zusammen getroffen und ich durfte wie gesagt, ein wenig \u00fcben, bevor wir weiter gelatscht sind um den Einkauf zu erledigen.<\/p>\n<p>Zu Hause dann noch ein wenig rumgekaspert, geduscht, gegessen und nu ist Feierabend.<\/p>\n<p>N\u00e4chste Woche wird Lena ihre gro\u00dfe Generalprobe bei Susanne haben: einen ganzen Vormittag mit Abgabe um 7.45 Uhr. Halt so, wie es dann auch wird wenn ich arbeite. DER Zeitpunkt f\u00fcr mich, um mal wieder die K\u00fcchenschr\u00e4nke und K\u00fchlschr\u00e4nke gr\u00fcndlich auszuwischen *lach*.<\/p>\n<p>Schultechnisch haben wir uns entschieden, nur die Mittagsbetreuung zu nutzen und nicht die Betreuung bis 15 Uhr. Die n\u00e4chsten Wochen werd ich dann ein paar Mal mit Jana den Weg zur B\u00fccherei \u00fcben und falls Anna auch nur in die Mittagsbetreuung geht, wird Kerstin Jana bei mir vorbeibringen. \ud83d\ude42<\/p>\n<p>Diese Woche:<br \/>\n<span style=\"text-decoration: line-through;\">&#8211; Montag: Kinder um 11 Uhr zu Irene bringen, Arzt, 15.30 Uhr Dunse<br \/>\n&#8211; Dienstag: Stadt, Nachmittags Eingew\u00f6hnung Lena<\/span><br \/>\n<span style=\"text-decoration: line-through;\">&#8211; Mittwoch: Putzen, Bine, Einkaufen\u00a0<br \/>\n<\/span>&#8211; Donnerstag: 16 Uhr Ebba und Melli<br \/>\n&#8211; Freitag: Jana um 10 Uhr in der Schule absetzen, *schulterzuck*<br \/>\n&#8211; Samstag: Sommerfest Kiga, Abschied der Roten (*heul*)<br \/>\n&#8211; Sonntag: *schulterzuck*<\/p>\n<p style=\"text-align: center;\"><a href=\"http:\/\/www.anthealein.de\/wp-content\/uploads\/2010\/06\/16062010.jpg\"><img loading=\"lazy\" decoding=\"async\" class=\"aligncenter\" style=\"display: inline; border: 0px;\" title=\"16062010\" src=\"http:\/\/www.anthealein.de\/wp-content\/uploads\/2010\/06\/16062010_thumb.jpg\" border=\"0\" alt=\"16062010\" width=\"379\" height=\"504\" \/><\/a><\/p>\n<p style=\"text-align: center;\">\u00a0<\/p>\n<p style=\"text-align: center;\"><a href=\"http:\/\/www.anthealein.de\/wp-content\/uploads\/2010\/06\/16062010III.jpg\"><img loading=\"lazy\" decoding=\"async\" class=\"aligncenter\" style=\"display: inline; border: 0px;\" title=\"16062010III\" src=\"http:\/\/www.anthealein.de\/wp-content\/uploads\/2010\/06\/16062010III_thumb.jpg\" border=\"0\" alt=\"16062010III\" width=\"504\" height=\"504\" \/><\/a>\u00a0<br \/>\nJana fotografiert Lena\u2026<\/p>\n<p style=\"text-align: center;\">\u00a0<\/p>\n<p style=\"text-align: center;\"><a href=\"http:\/\/www.anthealein.de\/wp-content\/uploads\/2010\/06\/16062010II.jpg\"><img loading=\"lazy\" decoding=\"async\" class=\"aligncenter\" style=\"display: inline; border: 0px;\" title=\"16062010II\" src=\"http:\/\/www.anthealein.de\/wp-content\/uploads\/2010\/06\/16062010II_thumb.jpg\" border=\"0\" alt=\"16062010II\" width=\"504\" height=\"504\" \/><\/a>\u00a0<br \/>\n\u2026und ich fotografiere Jana, wie sie Lena fotografiert.<\/p>\n<p style=\"text-align: center;\">\u00a0<\/p>\n<p style=\"text-align: center;\"><a href=\"http:\/\/www.anthealein.de\/wp-content\/uploads\/2010\/06\/16062010IV.jpg\"><img loading=\"lazy\" decoding=\"async\" class=\"aligncenter\" style=\"display: inline; border: 0px;\" title=\"16062010IV\" src=\"http:\/\/www.anthealein.de\/wp-content\/uploads\/2010\/06\/16062010IV_thumb.jpg\" border=\"0\" alt=\"16062010IV\" width=\"304\" height=\"504\" \/><\/a><br \/>\nBin ich froh, das der Schulranzen nach der \u201cSchulranzen-Party\u201d morgen erstmal wieder im Schrank verschwindet. Dieses Kind macht mich kirre :shock_tb: .<\/p>\n<p style=\"text-align: center;\">\u00a0<\/p>\n<p style=\"text-align: center;\"><a href=\"http:\/\/www.anthealein.de\/wp-content\/uploads\/2010\/06\/16062010V.jpg\"><img loading=\"lazy\" decoding=\"async\" class=\"aligncenter\" style=\"display: inline; border: 0px;\" title=\"16062010V\" src=\"http:\/\/www.anthealein.de\/wp-content\/uploads\/2010\/06\/16062010V_thumb.jpg\" border=\"0\" alt=\"16062010V\" width=\"503\" height=\"504\" \/><\/a>\u00a0<br \/>\nH\u00f6\u00f6\u00f6\u00f6\u00f6\u00f6?<\/p>\n","protected":false},"excerpt":{"rendered":"<p>Ich z\u00e4hl mal wieder runter *g* und hab heute mal nebenbei ein wenig ge\u00fcbt und Bine bedient. Bine kam heute morgen vorbei und war tats\u00e4chlich auch mal zum Fr\u00fchst\u00fcck (sprich um 8.45 Uhr) da :shock_tb: . Da ich aber noch am putzen war etc., haben wir das Fr\u00fchst\u00fcck auf 11 Uhr verschoben *g*. Bine ging [&hellip;]<\/p>\n","protected":false},"author":1,"featured_media":0,"comment_status":"open","ping_status":"open","sticky":false,"template":"","format":"standard","meta":{"footnotes":""},"categories":[3],"tags":[],"class_list":["post-1942","post","type-post","status-publish","format-standard","hentry","category-alles-mogliche"],"_links":{"self":[{"href":"http:\/\/www.anthealein.de\/index.php?rest_route=\/wp\/v2\/posts\/1942","targetHints":{"allow":["GET"]}}],"collection":[{"href":"http:\/\/www.anthealein.de\/index.php?rest_route=\/wp\/v2\/posts"}],"about":[{"href":"http:\/\/www.anthealein.de\/index.php?rest_route=\/wp\/v2\/types\/post"}],"author":[{"embeddable":true,"href":"http:\/\/www.anthealein.de\/index.php?rest_route=\/wp\/v2\/users\/1"}],"replies":[{"embeddable":true,"href":"http:\/\/www.anthealein.de\/index.php?rest_route=%2Fwp%2Fv2%2Fcomments&post=1942"}],"version-history":[{"count":5,"href":"http:\/\/www.anthealein.de\/index.php?rest_route=\/wp\/v2\/posts\/1942\/revisions"}],"predecessor-version":[{"id":1947,"href":"http:\/\/www.anthealein.de\/index.php?rest_route=\/wp\/v2\/posts\/1942\/revisions\/1947"}],"wp:attachment":[{"href":"http:\/\/www.anthealein.de\/index.php?rest_route=%2Fwp%2Fv2%2Fmedia&parent=1942"}],"wp:term":[{"taxonomy":"category","embeddable":true,"href":"http:\/\/www.anthealein.de\/index.php?rest_route=%2Fwp%2Fv2%2Fcategories&post=1942"},{"taxonomy":"post_tag","embeddable":true,"href":"http:\/\/www.anthealein.de\/index.php?rest_route=%2Fwp%2Fv2%2Ftags&post=1942"}],"curies":[{"name":"wp","href":"https:\/\/api.w.org\/{rel}","templated":true}]}}