{"id":1923,"date":"2010-06-13T19:26:46","date_gmt":"2010-06-13T18:26:46","guid":{"rendered":"http:\/\/www.anthealein.de\/?p=1923"},"modified":"2010-06-13T19:26:46","modified_gmt":"2010-06-13T18:26:46","slug":"1923","status":"publish","type":"post","link":"http:\/\/www.anthealein.de\/?p=1923","title":{"rendered":"&hellip;"},"content":{"rendered":"<p align=\"left\">Diese Woche:    <br \/><strike>&#8211; Montag: morgens die Roten in die Schule begleiten, Putzen (!!!!), 20 Uhr Elternabend Kiga      <br \/>&#8211; Dienstag: Stadt, ein paar Briefe abschicken, 15 Uhr Samantha und ihre Ma zu Besuch, 19 Uhr Elternabend in der Schule<\/strike>&#160; (Ich bin sooooooo gut, ich bin soooooo gut *tr\u00e4ller*)&#160; <br \/><strike>&#8211; Mittwoch: 15 Uhr Eingew\u00f6hnung Lena (2 Stunden diesmal), Einkaufen f\u00fcr Geburtstagsfr\u00fchst\u00fcck<\/strike>&#160; <br \/><strike>&#8211; Donnerstag: Geburtstagsfr\u00fchst\u00fcck Arbeit, 16 Uhr Melli und Ebba, 19 Uhr Vortrag an der Rehaklinik<\/strike>     <br \/><strike>&#8211; Freitag: Stadt, B\u00fccherei, Bine, etc.<\/strike>&#160; <br \/><strike>&#8211; Samstag: Fahrt nach Bremen. Erst schn\u00fcstern, f\u00fcr Jana und mich dann Kinderprogramm im Planetarium (nicht mehr so ganz \u00dcberraschung *grummel*) und hinterher noch mal schn\u00fcstern      <br \/>&#8211; Sonntag: Wiesmoor, Irene<\/strike><\/p>\n<p>N\u00e4chste Woche:   <br \/>&#8211; Montag: Kinder um 11 Uhr zu Irene bringen, Arzt, 15.30 Uhr Dunse, Abends beim Fotobuch helfen? (Abschiedsgeschenk f\u00fcr Janas Kinderg\u00e4rtnerin)    <br \/>&#8211; Dienstag: Nachmittags Eingew\u00f6hnung Lena    <br \/>&#8211; Mittwoch: *schulterzuck*    <br \/>&#8211; Donnerstag: 16 Uhr Ebba und Melli    <br \/>&#8211; Freitag: *schulterzuck*    <br \/>&#8211; Samstag: Sommerfest Kiga, Abschied der Roten (*heul*)    <br \/>&#8211; Sonntag: *schulterzuck* <\/p>\n<p>&#160;<\/p>\n<p align=\"center\"><a href=\"http:\/\/www.anthealein.de\/wp-content\/uploads\/2010\/06\/13062010II.jpg\"><img loading=\"lazy\" decoding=\"async\" style=\"border-bottom: 0px; border-left: 0px; display: block; float: none; margin-left: auto; border-top: 0px; margin-right: auto; border-right: 0px\" title=\"13062010II\" border=\"0\" alt=\"13062010II\" src=\"http:\/\/www.anthealein.de\/wp-content\/uploads\/2010\/06\/13062010II_thumb.jpg\" width=\"504\" height=\"504\" \/><\/a>&#160;<\/p>\n<p align=\"center\">&#160;<\/p>\n<p align=\"center\"><a href=\"http:\/\/www.anthealein.de\/wp-content\/uploads\/2010\/06\/13062010.jpg\"><img loading=\"lazy\" decoding=\"async\" style=\"border-bottom: 0px; border-left: 0px; display: block; float: none; margin-left: auto; border-top: 0px; margin-right: auto; border-right: 0px\" title=\"13062010\" border=\"0\" alt=\"13062010\" src=\"http:\/\/www.anthealein.de\/wp-content\/uploads\/2010\/06\/13062010_thumb.jpg\" width=\"504\" height=\"504\" \/><\/a><\/p>\n<\/p>\n<p align=\"center\">&#160;<\/p>\n<p align=\"center\">&#160;<\/p>\n<p align=\"center\"><a href=\"http:\/\/www.anthealein.de\/wp-content\/uploads\/2010\/06\/13062010III.jpg\"><img loading=\"lazy\" decoding=\"async\" style=\"border-bottom: 0px; border-left: 0px; display: block; float: none; margin-left: auto; border-top: 0px; margin-right: auto; border-right: 0px\" title=\"13062010III\" border=\"0\" alt=\"13062010III\" src=\"http:\/\/www.anthealein.de\/wp-content\/uploads\/2010\/06\/13062010III_thumb.jpg\" width=\"504\" height=\"504\" \/><\/a> Unser neuestes Accesoire \ud83d\ude42<\/p>\n<p align=\"center\">&#160;<\/p>\n<p align=\"center\"><a href=\"http:\/\/www.anthealein.de\/wp-content\/uploads\/2010\/06\/13062010IV.jpg\"><img loading=\"lazy\" decoding=\"async\" style=\"border-bottom: 0px; border-left: 0px; display: block; float: none; margin-left: auto; border-top: 0px; margin-right: auto; border-right: 0px\" title=\"13062010IV\" border=\"0\" alt=\"13062010IV\" src=\"http:\/\/www.anthealein.de\/wp-content\/uploads\/2010\/06\/13062010IV_thumb.jpg\" width=\"504\" height=\"504\" \/><\/a> Ich glaube, meine Kamera hat es mir \u00fcbelgenommen, das ich mir eine DSLR zulegen will. Sie gibt mal wieder ihren Geist auf \ud83d\ude41<\/p>\n<p align=\"center\">&#160;<\/p>\n<p align=\"center\"><a href=\"http:\/\/www.anthealein.de\/wp-content\/uploads\/2010\/06\/13062010V.jpg\"><img loading=\"lazy\" decoding=\"async\" style=\"border-bottom: 0px; border-left: 0px; display: block; float: none; margin-left: auto; border-top: 0px; margin-right: auto; border-right: 0px\" title=\"13062010V\" border=\"0\" alt=\"13062010V\" src=\"http:\/\/www.anthealein.de\/wp-content\/uploads\/2010\/06\/13062010V_thumb.jpg\" width=\"504\" height=\"504\" \/><\/a><\/p>\n","protected":false},"excerpt":{"rendered":"<p>Diese Woche: &#8211; Montag: morgens die Roten in die Schule begleiten, Putzen (!!!!), 20 Uhr Elternabend Kiga &#8211; Dienstag: Stadt, ein paar Briefe abschicken, 15 Uhr Samantha und ihre Ma zu Besuch, 19 Uhr Elternabend in der Schule&#160; (Ich bin sooooooo gut, ich bin soooooo gut *tr\u00e4ller*)&#160; &#8211; Mittwoch: 15 Uhr Eingew\u00f6hnung Lena (2 Stunden [&hellip;]<\/p>\n","protected":false},"author":1,"featured_media":0,"comment_status":"open","ping_status":"open","sticky":false,"template":"","format":"standard","meta":{"footnotes":""},"categories":[3],"tags":[],"class_list":["post-1923","post","type-post","status-publish","format-standard","hentry","category-alles-mogliche"],"_links":{"self":[{"href":"http:\/\/www.anthealein.de\/index.php?rest_route=\/wp\/v2\/posts\/1923","targetHints":{"allow":["GET"]}}],"collection":[{"href":"http:\/\/www.anthealein.de\/index.php?rest_route=\/wp\/v2\/posts"}],"about":[{"href":"http:\/\/www.anthealein.de\/index.php?rest_route=\/wp\/v2\/types\/post"}],"author":[{"embeddable":true,"href":"http:\/\/www.anthealein.de\/index.php?rest_route=\/wp\/v2\/users\/1"}],"replies":[{"embeddable":true,"href":"http:\/\/www.anthealein.de\/index.php?rest_route=%2Fwp%2Fv2%2Fcomments&post=1923"}],"version-history":[{"count":0,"href":"http:\/\/www.anthealein.de\/index.php?rest_route=\/wp\/v2\/posts\/1923\/revisions"}],"wp:attachment":[{"href":"http:\/\/www.anthealein.de\/index.php?rest_route=%2Fwp%2Fv2%2Fmedia&parent=1923"}],"wp:term":[{"taxonomy":"category","embeddable":true,"href":"http:\/\/www.anthealein.de\/index.php?rest_route=%2Fwp%2Fv2%2Fcategories&post=1923"},{"taxonomy":"post_tag","embeddable":true,"href":"http:\/\/www.anthealein.de\/index.php?rest_route=%2Fwp%2Fv2%2Ftags&post=1923"}],"curies":[{"name":"wp","href":"https:\/\/api.w.org\/{rel}","templated":true}]}}