{"id":1912,"date":"2010-06-12T20:22:46","date_gmt":"2010-06-12T19:22:46","guid":{"rendered":"http:\/\/www.anthealein.de\/?p=1912"},"modified":"2010-06-12T20:22:46","modified_gmt":"2010-06-12T19:22:46","slug":"platt-aber-schn-war-es-mal-wieder","status":"publish","type":"post","link":"http:\/\/www.anthealein.de\/?p=1912","title":{"rendered":"Platt, aber sch&ouml;n war es mal wieder :)"},"content":{"rendered":"<p align=\"justify\">Heute morgen fing unser Tag noch fr\u00fcher als sonst an, Valeska kam auch schon kurz nach 7 Uhr und um 8 Uhr waren wir schon mit dem Zug unterwegs. Leute nett und sehr vertr\u00e4glich, trotz des \u00fcbervollen Zuges, nur ein Paar mit Fahrr\u00e4dern hat uns alle aufgeregt. <\/p>\n<p align=\"justify\">In Bremen dann viel rumgelatscht und schlie\u00dflich viel zu fr\u00fch bei dem sehr kleinen Planetarium angekommen. Mein letzter Planetariumbesuch war in der 12. Klasse in Hamburg und gegen das Planetarium ist das in Bremen nat\u00fcrlich nur klein und s\u00fc\u00df. Dennoch war es sehr nett und lustig und der Redner hat das wirklich gut gemacht. Nachfragen waren gern gesehen und wurden reichlich gestellt und dabei waren so einige, bei denen ich mich gefragt habe ob die Leute ihre gesamte Schulzeit verschlafen haben. <\/p>\n<p align=\"justify\">Allen Ernstes: wie kommt man darauf zu fragen, ob sich denn die Sterne bewegen w\u00fcrden, weil ja jeden Monat in der Zeitung eine Rubrik \u201cIhr Sternenhimmel im Monat \u2026 \u201c stehen w\u00fcrde und das w\u00e4re dann ja immer anders. Halloooooooooooooo? Mond dreht sich um die Erde, Erde dreht sich um sich selbst und wandert noch dazu um die Sonne? <\/p>\n<p align=\"justify\">War also sch\u00f6n, wenn auch anstrengend. Und als Jana vorhin ins Bett ging verk\u00fcndete sie, morgen ausschlafen zu wollen. Als Chris dann fragte, was sie denn unter Ausschlafen verstehe, kam ihre Antwort: \u201cOch, so bis 7 Uhr werd ich schon schlafen\u201d. :shock_tb: <\/p>\n<p align=\"center\">&#160;<\/p>\n<p align=\"center\"><a href=\"http:\/\/www.anthealein.de\/wp-content\/uploads\/2010\/06\/12062010.jpg\"><img loading=\"lazy\" decoding=\"async\" style=\"border-bottom: 0px; border-left: 0px; display: block; float: none; margin-left: auto; border-top: 0px; margin-right: auto; border-right: 0px\" title=\"12062010\" border=\"0\" alt=\"12062010\" src=\"http:\/\/www.anthealein.de\/wp-content\/uploads\/2010\/06\/12062010_thumb.jpg\" width=\"504\" height=\"504\" \/><\/a> <\/p>\n<p align=\"center\">&#160;<\/p>\n<p align=\"center\"><a href=\"http:\/\/www.anthealein.de\/wp-content\/uploads\/2010\/06\/12062010II.jpg\"><img loading=\"lazy\" decoding=\"async\" style=\"border-bottom: 0px; border-left: 0px; display: block; float: none; margin-left: auto; border-top: 0px; margin-right: auto; border-right: 0px\" title=\"12062010II\" border=\"0\" alt=\"12062010II\" src=\"http:\/\/www.anthealein.de\/wp-content\/uploads\/2010\/06\/12062010II_thumb.jpg\" width=\"504\" height=\"504\" \/><\/a>&#160;<\/p>\n<p align=\"center\">&#160;<\/p>\n<p align=\"center\"><a href=\"http:\/\/www.anthealein.de\/wp-content\/uploads\/2010\/06\/12062010III.jpg\"><img loading=\"lazy\" decoding=\"async\" style=\"border-bottom: 0px; border-left: 0px; display: block; float: none; margin-left: auto; border-top: 0px; margin-right: auto; border-right: 0px\" title=\"12062010III\" border=\"0\" alt=\"12062010III\" src=\"http:\/\/www.anthealein.de\/wp-content\/uploads\/2010\/06\/12062010III_thumb.jpg\" width=\"504\" height=\"379\" \/><\/a><\/p>\n","protected":false},"excerpt":{"rendered":"<p>Heute morgen fing unser Tag noch fr\u00fcher als sonst an, Valeska kam auch schon kurz nach 7 Uhr und um 8 Uhr waren wir schon mit dem Zug unterwegs. Leute nett und sehr vertr\u00e4glich, trotz des \u00fcbervollen Zuges, nur ein Paar mit Fahrr\u00e4dern hat uns alle aufgeregt. In Bremen dann viel rumgelatscht und schlie\u00dflich viel [&hellip;]<\/p>\n","protected":false},"author":1,"featured_media":0,"comment_status":"open","ping_status":"open","sticky":false,"template":"","format":"standard","meta":{"footnotes":""},"categories":[3],"tags":[],"class_list":["post-1912","post","type-post","status-publish","format-standard","hentry","category-alles-mogliche"],"_links":{"self":[{"href":"http:\/\/www.anthealein.de\/index.php?rest_route=\/wp\/v2\/posts\/1912","targetHints":{"allow":["GET"]}}],"collection":[{"href":"http:\/\/www.anthealein.de\/index.php?rest_route=\/wp\/v2\/posts"}],"about":[{"href":"http:\/\/www.anthealein.de\/index.php?rest_route=\/wp\/v2\/types\/post"}],"author":[{"embeddable":true,"href":"http:\/\/www.anthealein.de\/index.php?rest_route=\/wp\/v2\/users\/1"}],"replies":[{"embeddable":true,"href":"http:\/\/www.anthealein.de\/index.php?rest_route=%2Fwp%2Fv2%2Fcomments&post=1912"}],"version-history":[{"count":0,"href":"http:\/\/www.anthealein.de\/index.php?rest_route=\/wp\/v2\/posts\/1912\/revisions"}],"wp:attachment":[{"href":"http:\/\/www.anthealein.de\/index.php?rest_route=%2Fwp%2Fv2%2Fmedia&parent=1912"}],"wp:term":[{"taxonomy":"category","embeddable":true,"href":"http:\/\/www.anthealein.de\/index.php?rest_route=%2Fwp%2Fv2%2Fcategories&post=1912"},{"taxonomy":"post_tag","embeddable":true,"href":"http:\/\/www.anthealein.de\/index.php?rest_route=%2Fwp%2Fv2%2Ftags&post=1912"}],"curies":[{"name":"wp","href":"https:\/\/api.w.org\/{rel}","templated":true}]}}