{"id":1890,"date":"2010-06-10T20:32:56","date_gmt":"2010-06-10T19:32:56","guid":{"rendered":"http:\/\/www.anthealein.de\/?p=1890"},"modified":"2010-06-10T20:32:56","modified_gmt":"2010-06-10T19:32:56","slug":"dieses-wetter","status":"publish","type":"post","link":"http:\/\/www.anthealein.de\/?p=1890","title":{"rendered":"Dieses Wetter"},"content":{"rendered":"<p align=\"justify\">muss einen doch bl\u00f6de machen, oder? Heute morgen: str\u00f6mender Regen bei warmer Luft. Also: Kind ins Auto und Parkplatz bei der Nordseepassage gesucht. Reingehetzt, Br\u00f6tchen geholt, zum Auto zur\u00fcck und zur B\u00fccherei. Daniela ging es nicht anders, also sind wir erst mal eine rauchen gegangen und haben dann in Ruhe das Fr\u00fchst\u00fcck vorbereitet. Lena hat sich tats\u00e4chlich benommen, ich hab schon mal die Ausleihen f\u00fcr den 1.-3. gekl\u00e4rt (1., letzte, mir egal) und kurz vor 11 Uhr waren wir auch schon wieder zu Hause. Lena hat Mittagsschlaf gemacht, ich hab ein wenig gewuselt und nach Janas Abholung bin ich ihr durch gewirbelt. <\/p>\n<p align=\"justify\">Melli und Ebba kamen wie immer um kurz vor 16 Uhr und \u00fcberraschend brachte Annas Oma Anna noch eben vorbei f\u00fcr eine halbe Stunde. Volles Haus also \ud83d\ude42<\/p>\n<p align=\"justify\">Als Chris dann da war und wir gegessen hatten, bin ich zur Reha-Klinik aufgebrochen. Nette \u00c4rzte\/\u00c4rztinnen und Schwestern, netter Redner (der mir aber nix Neues erz\u00e4hlte), 1-2 bekannte Gesichter im Publikum und: um die 50 Leute von denen \u2013 mich eingerechnet \u2013 gerade mal 5-6 Leutchen unter 45 Jahren waren :shock_tb: . Also nix f\u00fcr mich \ud83d\ude42<\/p>\n<p>Diese Woche:    <br \/><strike>&#8211; Montag: morgens die Roten in die Schule begleiten, Putzen (!!!!), 20 Uhr Elternabend Kiga      <br \/>&#8211; Dienstag: Stadt, ein paar Briefe abschicken, 15 Uhr Samantha und ihre Ma zu Besuch, 19 Uhr Elternabend in der Schule<\/strike>&#160; (Ich bin sooooooo gut, ich bin soooooo gut *tr\u00e4ller*)&#160; <br \/><strike>&#8211; Mittwoch: 15 Uhr Eingew\u00f6hnung Lena (2 Stunden diesmal), Einkaufen f\u00fcr Geburtstagsfr\u00fchst\u00fcck<\/strike>&#160; <br \/><strike>&#8211; Donnerstag: Geburtstagsfr\u00fchst\u00fcck Arbeit, 16 Uhr Melli und Ebba, 19 Uhr Vortrag an der Rehaklinik<\/strike>     <br \/>&#8211; Freitag: Stadt    <br \/>&#8211; Samstag: Fahrt nach Bremen. Erst schn\u00fcstern, f\u00fcr Jana und mich dann Kinderprogramm im Planetarium (nicht mehr so ganz \u00dcberraschung *grummel*) und hinterher noch mal schn\u00fcstern    <br \/>&#8211; Sonntag: Wiesmoor, Irene<\/p>\n<p>&#160;<\/p>\n<p><a href=\"http:\/\/www.anthealein.de\/wp-content\/uploads\/2010\/06\/10062010.jpg\"><img loading=\"lazy\" decoding=\"async\" style=\"border-bottom: 0px; border-left: 0px; display: block; float: none; margin-left: auto; border-top: 0px; margin-right: auto; border-right: 0px\" title=\"10062010\" border=\"0\" alt=\"10062010\" src=\"http:\/\/www.anthealein.de\/wp-content\/uploads\/2010\/06\/10062010_thumb.jpg\" width=\"504\" height=\"504\" \/><\/a><\/p>\n<p>&#160;<\/p>\n<p>Und bevor ich es vergesse: <\/p>\n<p>&#160;<\/p>\n<h4>Herzlichen Gl\u00fcckwunsch, Schwesterchen!!!<\/h4>\n","protected":false},"excerpt":{"rendered":"<p>muss einen doch bl\u00f6de machen, oder? Heute morgen: str\u00f6mender Regen bei warmer Luft. Also: Kind ins Auto und Parkplatz bei der Nordseepassage gesucht. Reingehetzt, Br\u00f6tchen geholt, zum Auto zur\u00fcck und zur B\u00fccherei. Daniela ging es nicht anders, also sind wir erst mal eine rauchen gegangen und haben dann in Ruhe das Fr\u00fchst\u00fcck vorbereitet. Lena hat [&hellip;]<\/p>\n","protected":false},"author":1,"featured_media":0,"comment_status":"open","ping_status":"open","sticky":false,"template":"","format":"standard","meta":{"footnotes":""},"categories":[3],"tags":[],"class_list":["post-1890","post","type-post","status-publish","format-standard","hentry","category-alles-mogliche"],"_links":{"self":[{"href":"http:\/\/www.anthealein.de\/index.php?rest_route=\/wp\/v2\/posts\/1890","targetHints":{"allow":["GET"]}}],"collection":[{"href":"http:\/\/www.anthealein.de\/index.php?rest_route=\/wp\/v2\/posts"}],"about":[{"href":"http:\/\/www.anthealein.de\/index.php?rest_route=\/wp\/v2\/types\/post"}],"author":[{"embeddable":true,"href":"http:\/\/www.anthealein.de\/index.php?rest_route=\/wp\/v2\/users\/1"}],"replies":[{"embeddable":true,"href":"http:\/\/www.anthealein.de\/index.php?rest_route=%2Fwp%2Fv2%2Fcomments&post=1890"}],"version-history":[{"count":0,"href":"http:\/\/www.anthealein.de\/index.php?rest_route=\/wp\/v2\/posts\/1890\/revisions"}],"wp:attachment":[{"href":"http:\/\/www.anthealein.de\/index.php?rest_route=%2Fwp%2Fv2%2Fmedia&parent=1890"}],"wp:term":[{"taxonomy":"category","embeddable":true,"href":"http:\/\/www.anthealein.de\/index.php?rest_route=%2Fwp%2Fv2%2Fcategories&post=1890"},{"taxonomy":"post_tag","embeddable":true,"href":"http:\/\/www.anthealein.de\/index.php?rest_route=%2Fwp%2Fv2%2Ftags&post=1890"}],"curies":[{"name":"wp","href":"https:\/\/api.w.org\/{rel}","templated":true}]}}