{"id":1869,"date":"2010-06-07T19:55:50","date_gmt":"2010-06-07T18:55:50","guid":{"rendered":"http:\/\/www.anthealein.de\/?p=1869"},"modified":"2010-06-07T19:55:50","modified_gmt":"2010-06-07T18:55:50","slug":"manche-tage","status":"publish","type":"post","link":"http:\/\/www.anthealein.de\/?p=1869","title":{"rendered":"Manche Tage&#8230;"},"content":{"rendered":"<p align=\"justify\">\u2026 sind einfach sch\u00f6ner als normal \ud83d\ude42 <\/p>\n<p align=\"justify\">Heute morgen waren wir alle \u2013 trotz n\u00e4chtlicher Zahnungsst\u00f6rung \u2013 fit und munter und um kurz nach 8 Uhr sind Lena und ich in den Kiga gewandert. 4 Kinder waren nur da aus Janas Gruppe, aber trotzdem machten wir uns auf im Nieselregen in Richtung Schule. Die Zwerge gingen dann mit einer Sekret\u00e4rin und Christina nach oben in einen Klassenraum, ich hab mir derweil unten die Zeit vertrieben. Hab im Sekretariat mal nachgefragt wegen der Nachmittagsbetreuung (70 Euro\/Monat, man MUSS die Kinder bis 15 Uhr da lassen und Hausaufgaben werden auch nicht unbedingt gemacht, sprich: die Entscheidung wird den Kindern \u00fcberlassen :piebts: ). Also doch nur die garantierte Mittagsbetreuung bis 12:45 Uhr und dann mal sehen, wie wir die 20 Minuten noch \u00fcberbr\u00fccken. <\/p>\n<p align=\"justify\">Ich hab mich dann noch nett mit einer der Pausenbetreuungspersonen unterhalten: 3 Kinder im Alter von 7 Jahren, 4 Jahren und 15 Monaten, das \u00e4lteste Kind mit Down-Syndrom. Angestellt auf 400-Euro-Basis aber heilfroh, \u00fcberhaupt wieder was gefunden zu haben. Und ne, wir kannten uns vorher noch nicht *lach*. <\/p>\n<p align=\"justify\">Zwischendrin kamen auch noch 2 der fehlenden Kinder und kurz vor 10 Uhr machten wir uns auf den R\u00fcckweg in mittlerweile str\u00f6menden Regen. Ich lie\u00df Lena unten, flitzte schnell nach oben und brachte f\u00fcr 4 M\u00e4dels Wechselklamotten mit nach unten \ud83d\ude42 <\/p>\n<p align=\"justify\">Wieder oben ging es endlich an die Grundreinigung des Chaoses hier (nu kann man auch wieder vom frisch gewischten Boden essen *g*) und kurz vor Jana-Abholung beschloss Lena dann auch endlich, das schlafen gar keine so schlechte Idee ist. Der Nachmittag verging mit viel Gel\u00e4chter, viel Getobe und Spielen rasend schnell und nu ist auch schon wieder Feierabend und Chris beim Elternabend \ud83d\ude42<\/p>\n<p>N\u00e4chste Woche:   <br \/><strike>&#8211; Montag: morgens die Roten in die Schule begleiten, Putzen (!!!!), 20 Uhr Elternabend Kiga     <br \/><\/strike>&#8211; Dienstag: Stadt, ein paar Briefe abschicken, 15 Uhr Samantha und ihre Ma zu Besuch, 19 Uhr Elternabend in der Schule    <br \/>&#8211; Mittwoch: 10 Uhr Eingew\u00f6hnung Lena (2 Stunden diesmal), Einkaufen f\u00fcr Geburtstagsfr\u00fchst\u00fcck&#160; <br \/>&#8211; Donnerstag: Geburtstagsfr\u00fchst\u00fcck Arbeit, 16 Uhr Melli und Ebba, 19 Uhr Vortrag an der Rehaklinik    <br \/>&#8211; Freitag: *schulterzuck*    <br \/>&#8211; Samstag: Fahrt nach Bremen. Erst schn\u00fcstern, f\u00fcr Jana und mich dann Kinderprogramm im Planetarium (nicht mehr so ganz \u00dcberraschung *grummel*) und hinterher noch mal schn\u00fcstern<\/p>\n<p align=\"center\"><a href=\"http:\/\/www.anthealein.de\/wp-content\/uploads\/2010\/06\/07062010.jpg\"><img loading=\"lazy\" decoding=\"async\" style=\"border-bottom: 0px; border-left: 0px; display: block; float: none; margin-left: auto; border-top: 0px; margin-right: auto; border-right: 0px\" title=\"07062010\" border=\"0\" alt=\"07062010\" src=\"http:\/\/www.anthealein.de\/wp-content\/uploads\/2010\/06\/07062010_thumb.jpg\" width=\"504\" height=\"504\" \/><\/a><\/p>\n","protected":false},"excerpt":{"rendered":"<p>\u2026 sind einfach sch\u00f6ner als normal \ud83d\ude42 Heute morgen waren wir alle \u2013 trotz n\u00e4chtlicher Zahnungsst\u00f6rung \u2013 fit und munter und um kurz nach 8 Uhr sind Lena und ich in den Kiga gewandert. 4 Kinder waren nur da aus Janas Gruppe, aber trotzdem machten wir uns auf im Nieselregen in Richtung Schule. Die Zwerge [&hellip;]<\/p>\n","protected":false},"author":1,"featured_media":0,"comment_status":"open","ping_status":"open","sticky":false,"template":"","format":"standard","meta":{"footnotes":""},"categories":[3],"tags":[],"class_list":["post-1869","post","type-post","status-publish","format-standard","hentry","category-alles-mogliche"],"_links":{"self":[{"href":"http:\/\/www.anthealein.de\/index.php?rest_route=\/wp\/v2\/posts\/1869","targetHints":{"allow":["GET"]}}],"collection":[{"href":"http:\/\/www.anthealein.de\/index.php?rest_route=\/wp\/v2\/posts"}],"about":[{"href":"http:\/\/www.anthealein.de\/index.php?rest_route=\/wp\/v2\/types\/post"}],"author":[{"embeddable":true,"href":"http:\/\/www.anthealein.de\/index.php?rest_route=\/wp\/v2\/users\/1"}],"replies":[{"embeddable":true,"href":"http:\/\/www.anthealein.de\/index.php?rest_route=%2Fwp%2Fv2%2Fcomments&post=1869"}],"version-history":[{"count":0,"href":"http:\/\/www.anthealein.de\/index.php?rest_route=\/wp\/v2\/posts\/1869\/revisions"}],"wp:attachment":[{"href":"http:\/\/www.anthealein.de\/index.php?rest_route=%2Fwp%2Fv2%2Fmedia&parent=1869"}],"wp:term":[{"taxonomy":"category","embeddable":true,"href":"http:\/\/www.anthealein.de\/index.php?rest_route=%2Fwp%2Fv2%2Fcategories&post=1869"},{"taxonomy":"post_tag","embeddable":true,"href":"http:\/\/www.anthealein.de\/index.php?rest_route=%2Fwp%2Fv2%2Ftags&post=1869"}],"curies":[{"name":"wp","href":"https:\/\/api.w.org\/{rel}","templated":true}]}}