{"id":1861,"date":"2010-06-06T20:21:07","date_gmt":"2010-06-06T19:21:07","guid":{"rendered":"http:\/\/www.anthealein.de\/?p=1861"},"modified":"2010-06-06T20:49:50","modified_gmt":"2010-06-06T19:49:50","slug":"und-wieder-eine-woche-abgehakt","status":"publish","type":"post","link":"http:\/\/www.anthealein.de\/?p=1861","title":{"rendered":"Und wieder eine Woche abgehakt :)"},"content":{"rendered":"<p style=\"text-align: left;\">Diese Woche:<br \/>\n<span style=\"text-decoration: line-through;\">&#8211; Montag: Rathaus, einkaufen, Bine, Tanzen f\u00fcr Jana<\/span><br \/>\n<span style=\"text-decoration: line-through;\">&#8211; Dienstag: Arzt?, putzen, einkaufen, Reichelt, Helga, 15 Uhr Jessica<\/span><br \/>\n<span style=\"text-decoration: line-through;\">&#8211; Mittwoch: 10 Uhr Eingew\u00f6hnung Susanne, meine Spritzen holen, 15 Uhr Anne und Alina zu Besuch<\/span> \ud83d\ude42<br \/>\n<span style=\"text-decoration: line-through;\">&#8211; Donnerstag: Einkaufen, \u00fcberrascht werden von M\u00e4nne der sich kurzerhand Urlaub genommen hat, putzen, B\u00fccherei, 16 Uhr Melanie und Ebba<\/span><br \/>\n<span style=\"text-decoration: line-through;\">&#8211; Freitag: \u00c4rztin, 12 Uhr B\u00fccherei (Fr\u00fchst\u00fccksbesprechung), 15 Uhr Anne<\/span>\u00a0<br \/>\n&#8211;<span style=\"text-decoration: line-through;\"> Samstag: Flohmarkt, einkaufen, 13 Uhr Auff\u00fchrung bei Dunse, grillen und feiern mit Marc und Sandra 2 (falls mir jemand verraten kann, wo ich dazwischen auch noch putzen unterbringe, w\u00e4re ich dankbar *g*)<br \/>\n&#8211; Sonntag: Essen bei Schwies \ud83d\ude00<\/span><\/p>\n<p>Fazit der Woche: ein lustiger Mail-Verkehr mit M\u00e4nne, viel Besuch gehabt, eine dreckige Wohnung nach dem Wochenende (und ich kann erst morgen Mittag putzen *heul*), einige kleinere Unf\u00e4lle und ein gr\u00f6\u00dferer Unfall (Lena hat \u00fcber Janas Beine einen Salto gemacht und ist mit dem Mund auf den Tisch geknallt, viel Blut und ein evtl. wackelnder Zahn *seufz*), ein paar Skype-Gespr\u00e4che mit lang verschollenen Bekannten\/Freunden, ein unn\u00f6tiger Arztbesuch, megaleckeres Essen heute und so viel mehr. \ud83d\ude42<\/p>\n<p>N\u00e4chste Woche:<br \/>\n&#8211; Montag: morgens die Roten in die Schule begleiten, Putzen (!!!!), evtl. Alina zu Besuch, 20 Uhr Elternabend Kiga<br \/>\n&#8211; Dienstag: 15 Uhr Samantha und ihre Ma zu Besuch, 19 Uhr Elternabend in der Schule<br \/>\n&#8211; Mittwoch: 10 Uhr Eingew\u00f6hnung Lena (2 Stunden diesmal), Einkaufen f\u00fcr Geburtstagsfr\u00fchst\u00fcck\u00a0<br \/>\n&#8211; Donnerstag: Geburtstagsfr\u00fchst\u00fcck Arbeit, 16 Uhr Melli und Ebba, 19 Uhr Vortrag an der Rehaklinik<br \/>\n&#8211; Freitag: *schulterzuck*<br \/>\n&#8211; Samstag: Fahrt nach Bremen. Erst schn\u00fcstern, f\u00fcr Jana und mich dann Kinderprogramm im Planetarium (\u00dcberraschung!) und hinterher noch mal schn\u00fcstern<\/p>\n<p>Die Arbeit naht mir Riesenschritten und obwohl ich einerseits nat\u00fcrlich total froh bin, f\u00e4ngt andererseits ebenso nat\u00fcrlich das Magenflattern an. Hatte ich als Schulkind schon immer, wenn das Ende der Sommerferien nahte und das hat sich bis heute nicht ge\u00e4ndert. Aber ich bin sicher, das es mir gut tun wird endlich wieder zu arbeiten \ud83d\ude42<\/p>\n<p style=\"text-align: center;\"><a href=\"http:\/\/www.anthealein.de\/wp-content\/uploads\/2010\/06\/06062010.jpg\"><img loading=\"lazy\" decoding=\"async\" class=\"aligncenter\" style=\"display: block; float: none; margin-left: auto; margin-right: auto; border: 0px;\" title=\"06062010\" src=\"http:\/\/www.anthealein.de\/wp-content\/uploads\/2010\/06\/06062010_thumb.jpg\" border=\"0\" alt=\"06062010\" width=\"504\" height=\"504\" \/><\/a><\/p>\n<p style=\"text-align: center;\">\u00a0<\/p>\n<p style=\"text-align: center;\"><a href=\"http:\/\/www.anthealein.de\/wp-content\/uploads\/2010\/06\/06062010II.jpg\"><img loading=\"lazy\" decoding=\"async\" class=\"aligncenter\" style=\"display: block; float: none; margin-left: auto; margin-right: auto; border: 0px;\" title=\"06062010II\" src=\"http:\/\/www.anthealein.de\/wp-content\/uploads\/2010\/06\/06062010II_thumb.jpg\" border=\"0\" alt=\"06062010II\" width=\"504\" height=\"504\" \/><\/a>Karin live *g*<\/p>\n<p style=\"text-align: center;\">\u00a0<\/p>\n<p style=\"text-align: center;\"><a href=\"http:\/\/www.anthealein.de\/wp-content\/uploads\/2010\/06\/06062010III.jpg\"><img loading=\"lazy\" decoding=\"async\" class=\"aligncenter\" style=\"display: block; float: none; margin-left: auto; margin-right: auto; border: 0px;\" title=\"06062010III\" src=\"http:\/\/www.anthealein.de\/wp-content\/uploads\/2010\/06\/06062010III_thumb.jpg\" border=\"0\" alt=\"06062010III\" width=\"504\" height=\"504\" \/><\/a><\/p>\n<p style=\"text-align: center;\">\u00a0<\/p>\n<p style=\"text-align: center;\"><a href=\"http:\/\/www.anthealein.de\/wp-content\/uploads\/2010\/06\/06062010IV.jpg\"><img loading=\"lazy\" decoding=\"async\" class=\"aligncenter\" style=\"display: block; float: none; margin-left: auto; margin-right: auto; border: 0px;\" title=\"06062010IV\" src=\"http:\/\/www.anthealein.de\/wp-content\/uploads\/2010\/06\/06062010IV_thumb.jpg\" border=\"0\" alt=\"06062010IV\" width=\"504\" height=\"504\" \/><\/a><\/p>\n<p style=\"text-align: center;\">\u00a0<\/p>\n<p style=\"text-align: center;\"><a href=\"http:\/\/www.anthealein.de\/wp-content\/uploads\/2010\/06\/06062010V.jpg\"><img loading=\"lazy\" decoding=\"async\" class=\"aligncenter\" style=\"display: block; float: none; margin-left: auto; margin-right: auto; border: 0px;\" title=\"06062010V\" src=\"http:\/\/www.anthealein.de\/wp-content\/uploads\/2010\/06\/06062010V_thumb.jpg\" border=\"0\" alt=\"06062010V\" width=\"504\" height=\"504\" \/><\/a><\/p>\n<p style=\"text-align: center;\">\u00a0<\/p>\n<p style=\"text-align: center;\"><a href=\"http:\/\/www.anthealein.de\/wp-content\/uploads\/2010\/06\/06062010VI.jpg\"><img loading=\"lazy\" decoding=\"async\" class=\"aligncenter\" style=\"display: block; float: none; margin-left: auto; margin-right: auto; border: 0px;\" title=\"06062010VI\" src=\"http:\/\/www.anthealein.de\/wp-content\/uploads\/2010\/06\/06062010VI_thumb.jpg\" border=\"0\" alt=\"06062010VI\" width=\"504\" height=\"504\" \/><\/a><\/p>\n","protected":false},"excerpt":{"rendered":"<p>Diese Woche: &#8211; Montag: Rathaus, einkaufen, Bine, Tanzen f\u00fcr Jana &#8211; Dienstag: Arzt?, putzen, einkaufen, Reichelt, Helga, 15 Uhr Jessica &#8211; Mittwoch: 10 Uhr Eingew\u00f6hnung Susanne, meine Spritzen holen, 15 Uhr Anne und Alina zu Besuch \ud83d\ude42 &#8211; Donnerstag: Einkaufen, \u00fcberrascht werden von M\u00e4nne der sich kurzerhand Urlaub genommen hat, putzen, B\u00fccherei, 16 Uhr Melanie [&hellip;]<\/p>\n","protected":false},"author":1,"featured_media":0,"comment_status":"open","ping_status":"open","sticky":false,"template":"","format":"standard","meta":{"footnotes":""},"categories":[3],"tags":[],"class_list":["post-1861","post","type-post","status-publish","format-standard","hentry","category-alles-mogliche"],"_links":{"self":[{"href":"http:\/\/www.anthealein.de\/index.php?rest_route=\/wp\/v2\/posts\/1861","targetHints":{"allow":["GET"]}}],"collection":[{"href":"http:\/\/www.anthealein.de\/index.php?rest_route=\/wp\/v2\/posts"}],"about":[{"href":"http:\/\/www.anthealein.de\/index.php?rest_route=\/wp\/v2\/types\/post"}],"author":[{"embeddable":true,"href":"http:\/\/www.anthealein.de\/index.php?rest_route=\/wp\/v2\/users\/1"}],"replies":[{"embeddable":true,"href":"http:\/\/www.anthealein.de\/index.php?rest_route=%2Fwp%2Fv2%2Fcomments&post=1861"}],"version-history":[{"count":3,"href":"http:\/\/www.anthealein.de\/index.php?rest_route=\/wp\/v2\/posts\/1861\/revisions"}],"predecessor-version":[{"id":1863,"href":"http:\/\/www.anthealein.de\/index.php?rest_route=\/wp\/v2\/posts\/1861\/revisions\/1863"}],"wp:attachment":[{"href":"http:\/\/www.anthealein.de\/index.php?rest_route=%2Fwp%2Fv2%2Fmedia&parent=1861"}],"wp:term":[{"taxonomy":"category","embeddable":true,"href":"http:\/\/www.anthealein.de\/index.php?rest_route=%2Fwp%2Fv2%2Fcategories&post=1861"},{"taxonomy":"post_tag","embeddable":true,"href":"http:\/\/www.anthealein.de\/index.php?rest_route=%2Fwp%2Fv2%2Ftags&post=1861"}],"curies":[{"name":"wp","href":"https:\/\/api.w.org\/{rel}","templated":true}]}}