{"id":18497,"date":"2016-08-05T20:56:57","date_gmt":"2016-08-05T19:56:57","guid":{"rendered":"http:\/\/www.anthealein.de\/?p=18497"},"modified":"2016-08-05T20:56:57","modified_gmt":"2016-08-05T19:56:57","slug":"das-vierte-gramm","status":"publish","type":"post","link":"http:\/\/www.anthealein.de\/?p=18497","title":{"rendered":"Das Vierte Gramm &hellip;"},"content":{"rendered":"<p>&nbsp;<\/p>\n<p align=\"justify\">\u2026 ist drin. Und musste mit ein paar Schokoriegeln dank Unterzuckerung ausgeglichen werden auf dem Weg nach Hause. Laufen geht zeitweise besser, die Spastik\/der Klonus nervt nicht mehr ganz so schlimm und die Schmerzen gehen auch mal wieder. Was mir vorher nicht so aufgefallen war: taub sind die Zehen. Habe ich erst am Blut gemerkt beim Zehenn\u00e4gel schneiden, weh taten die Schnitte nicht. <\/p>\n<p align=\"justify\">Ansonsten hab ich nach 2 Tagen Grundschule die Nase schon gestrichen voll, allerdings nicht nur von der Schule. Stundenpl\u00e4ne gibt es ja noch nicht. Dementsprechend auch noch keine Infos zu AGs. Dachte ich. Unterhielt mich heute mit zwei M\u00fcttern vor der Schule (zum Gl\u00fcck hab ich Lena abgeholt) und erfuhr, das wenigstens die Gitarren-AG der Musikschule doch schon laufen w\u00fcrde. H\u00e4? Wie? Angemeldet habe ich Lena daf\u00fcr vor den Ferien, von der VHS wurde der Betrag auch schon in den Sommerferien eingezogen. Also bin ich davon ausgegangen, das wir noch Infos bekommen. Alle anderen Eltern haben auch in den Ferien einen Brief bekommen, wie ich dann erfahren habe. Nur uns hat meine Kollegin (die ich Montag mal anrufen werde *g*) anscheinend vergessen. Also musste ich \u2013 mit dem vierten Gramm Corti intus ungef\u00e4hr so gut gelaunt wie eine Schwangere und dank Wassereinlagerungen auch so \u201cf\u00fcllig\u201d und schwitzend wie ein Teenager&nbsp; \u2013 mich an den diversen Lehrern vorbei zum Musikraum durchfragen. Lenas Klassenlehrer wusste von gar nichts, der war den ganzen Tag mit einer 4. Klasse auf einem Ausflug. Die Frau meines ehemaligen Stammgruppenleiters konnte mir den Weg zum Musikraum beschreiben und auf dem Weg dahin schaffte ich es tats\u00e4chlich noch den Klassenlehrer der Parallelklasse aufzutreiben (ich hatte die Beschreibung schon wieder vergessen), der mir sogar die Namen der Kinder aus Lenas Klasse nennen konnte, die auch an der AG teilnehmen. Wohlgemerkt: am zweiten Schultag. Keine Kinder seiner Klasse. *seufz*.<\/p>\n<p align=\"justify\">Jana hat derweil beschlossen, tats\u00e4chlich parallel zu ihrer normalen Ballettgruppe auch noch die Intermediate mitzumachen und 3x die Woche das Ballett zu belagern. Gab f\u00fcr Oma N\u00e4harbeit (neue Schl\u00e4ppchen) und f\u00fcr mich n\u00e4chste Woche die Rechnung, weil auch ein neues Trikot f\u00e4llig wurde. <\/p>\n<p align=\"justify\">Und dann hatte heute nat\u00fcrlich noch der weltallerbeste Schwiegerpapa Geburtstag :herz: \u2026<\/p>\n<p align=\"justify\">&nbsp;<\/p>\n<p align=\"center\"><a href=\"http:\/\/www.anthealein.de\/wp-content\/uploads\/2016\/08\/05082016.jpg\"><img loading=\"lazy\" decoding=\"async\" title=\"05082016\" style=\"border-top: 0px; border-right: 0px; background-image: none; border-bottom: 0px; padding-top: 0px; padding-left: 0px; border-left: 0px; display: inline; padding-right: 0px\" border=\"0\" alt=\"05082016\" src=\"http:\/\/www.anthealein.de\/wp-content\/uploads\/2016\/08\/05082016_thumb.jpg\" width=\"504\" height=\"404\"><\/a><br \/>Geburtstagsgr\u00fc\u00dfe vom anderen Ende der Welt <img decoding=\"async\" class=\"wlEmoticon wlEmoticon-smile\" style=\"border-top-style: none; border-left-style: none; border-bottom-style: none; border-right-style: none\" alt=\"Smiley\" src=\"http:\/\/www.anthealein.de\/wp-content\/uploads\/2016\/08\/wlEmoticon-smile.png\"><\/p>\n<p align=\"center\">&nbsp;<\/p>\n<p align=\"center\"><a href=\"http:\/\/www.anthealein.de\/wp-content\/uploads\/2016\/08\/05082016II.jpg\"><img loading=\"lazy\" decoding=\"async\" title=\"05082016II\" style=\"border-top: 0px; border-right: 0px; background-image: none; border-bottom: 0px; padding-top: 0px; padding-left: 0px; border-left: 0px; display: inline; padding-right: 0px\" border=\"0\" alt=\"05082016II\" src=\"http:\/\/www.anthealein.de\/wp-content\/uploads\/2016\/08\/05082016II_thumb.jpg\" width=\"504\" height=\"404\"><\/a><br \/>Opa ahnt \u00fcberhaupt nicht *ironieoff*, das da seine Kettens\u00e4ge drin ist, \u2026<\/p>\n<p align=\"center\">&nbsp;<\/p>\n<p align=\"center\"><a href=\"http:\/\/www.anthealein.de\/wp-content\/uploads\/2016\/08\/05082016III.jpg\"><img loading=\"lazy\" decoding=\"async\" title=\"05082016III\" style=\"border-top: 0px; border-right: 0px; background-image: none; border-bottom: 0px; padding-top: 0px; padding-left: 0px; border-left: 0px; display: inline; padding-right: 0px\" border=\"0\" alt=\"05082016III\" src=\"http:\/\/www.anthealein.de\/wp-content\/uploads\/2016\/08\/05082016III_thumb.jpg\" width=\"504\" height=\"404\"><\/a><br \/>\u2026 zumal es vorher schon das Zubeh\u00f6r gab.<\/p>\n<p align=\"center\">&nbsp;<\/p>\n<p align=\"center\"><a href=\"http:\/\/www.anthealein.de\/wp-content\/uploads\/2016\/08\/05082016IV.jpg\"><img loading=\"lazy\" decoding=\"async\" title=\"05082016IV\" style=\"border-top: 0px; border-right: 0px; background-image: none; border-bottom: 0px; padding-top: 0px; padding-left: 0px; border-left: 0px; display: inline; padding-right: 0px\" border=\"0\" alt=\"05082016IV\" src=\"http:\/\/www.anthealein.de\/wp-content\/uploads\/2016\/08\/05082016IV_thumb.jpg\" width=\"404\" height=\"504\"><\/a><br \/>Trauzeuginnenoutfit\u2026 Das sollte auch mit verbundener Schulter anziehbar sein.<\/p>\n<p align=\"center\">&nbsp;<\/p>\n<p align=\"center\"><a href=\"http:\/\/www.anthealein.de\/wp-content\/uploads\/2016\/08\/05082016V.jpg\"><img loading=\"lazy\" decoding=\"async\" title=\"05082016V\" style=\"border-top: 0px; border-right: 0px; background-image: none; border-bottom: 0px; padding-top: 0px; padding-left: 0px; border-left: 0px; display: inline; padding-right: 0px\" border=\"0\" alt=\"05082016V\" src=\"http:\/\/www.anthealein.de\/wp-content\/uploads\/2016\/08\/05082016V_thumb.jpg\" width=\"504\" height=\"404\"><\/a><\/p>\n","protected":false},"excerpt":{"rendered":"<p>&nbsp; \u2026 ist drin. Und musste mit ein paar Schokoriegeln dank Unterzuckerung ausgeglichen werden auf dem Weg nach Hause. Laufen geht zeitweise besser, die Spastik\/der Klonus nervt nicht mehr ganz so schlimm und die Schmerzen gehen auch mal wieder. Was mir vorher nicht so aufgefallen war: taub sind die Zehen. Habe ich erst am Blut [&hellip;]<\/p>\n","protected":false},"author":1,"featured_media":0,"comment_status":"open","ping_status":"open","sticky":false,"template":"","format":"standard","meta":{"footnotes":""},"categories":[3],"tags":[],"class_list":["post-18497","post","type-post","status-publish","format-standard","hentry","category-alles-mogliche"],"_links":{"self":[{"href":"http:\/\/www.anthealein.de\/index.php?rest_route=\/wp\/v2\/posts\/18497","targetHints":{"allow":["GET"]}}],"collection":[{"href":"http:\/\/www.anthealein.de\/index.php?rest_route=\/wp\/v2\/posts"}],"about":[{"href":"http:\/\/www.anthealein.de\/index.php?rest_route=\/wp\/v2\/types\/post"}],"author":[{"embeddable":true,"href":"http:\/\/www.anthealein.de\/index.php?rest_route=\/wp\/v2\/users\/1"}],"replies":[{"embeddable":true,"href":"http:\/\/www.anthealein.de\/index.php?rest_route=%2Fwp%2Fv2%2Fcomments&post=18497"}],"version-history":[{"count":1,"href":"http:\/\/www.anthealein.de\/index.php?rest_route=\/wp\/v2\/posts\/18497\/revisions"}],"predecessor-version":[{"id":18498,"href":"http:\/\/www.anthealein.de\/index.php?rest_route=\/wp\/v2\/posts\/18497\/revisions\/18498"}],"wp:attachment":[{"href":"http:\/\/www.anthealein.de\/index.php?rest_route=%2Fwp%2Fv2%2Fmedia&parent=18497"}],"wp:term":[{"taxonomy":"category","embeddable":true,"href":"http:\/\/www.anthealein.de\/index.php?rest_route=%2Fwp%2Fv2%2Fcategories&post=18497"},{"taxonomy":"post_tag","embeddable":true,"href":"http:\/\/www.anthealein.de\/index.php?rest_route=%2Fwp%2Fv2%2Ftags&post=18497"}],"curies":[{"name":"wp","href":"https:\/\/api.w.org\/{rel}","templated":true}]}}