{"id":18424,"date":"2016-07-26T20:19:19","date_gmt":"2016-07-26T19:19:19","guid":{"rendered":"http:\/\/www.anthealein.de\/?p=18424"},"modified":"2016-07-26T20:19:19","modified_gmt":"2016-07-26T19:19:19","slug":"manche-tage-4","status":"publish","type":"post","link":"http:\/\/www.anthealein.de\/?p=18424","title":{"rendered":"Manche Tage &hellip;"},"content":{"rendered":"<p>&#160;<\/p>\n<p align=\"justify\">\u2026 sind so richtig \u00e4tzend. Ging heute Vormittag schon damit los, das ich einem Nachbarn geholfen habe, sein Handy zum Laufen zu bringen. Dabei musste ich auch mal meine Karte bei ihm im Handy testen, seine Karte in Janas Handy etc. pp.. Er verlie\u00df mich mit funktionierendem Handy, meine Karte wird jedoch von keinem Handy mehr erkannt. Vor einem halben Jahr hatte ich die neu bestellt wegen dem Wechsel aufs Iphone 5 und schon ist die bl\u00f6de Karte kaputt. Anruf beim Anbieter: Ersatzkarte wird mir zugeschickt. Dauert aber ein paar Tage und kostet 15 Euro. <\/p>\n<p align=\"justify\">Soweit, so gut. Weiter ging es mit dem von mir erwarteten DHL-Paket. Sollte bis 13.30 Uhr geliefert werden laut Sendungsverfolgung (und eigener Erfahrung mit unserem Boten). Sollte. Wenn da nicht pl\u00f6tzlich ein f\u00fcr mich v\u00f6llig neuer Status aufgetaucht w\u00e4re: \u201cDie Sendung wurde fehlgeleitet und konnte nicht zugestellt werden. Die Sendung wird umadressiert und an den Empf\u00e4nger weitergeleitet.\u201d. H\u00e4\u00e4\u00e4\u00e4\u00e4\u00e4? Mittlerweile ist sie wieder auf dem Weg zu mir, ich werde morgen gespannt warten.<\/p>\n<p align=\"justify\">Auf dem Weg zur Physio schaute ich noch schnell in den Briefkasten und erblickte \u00fcberrascht eine durchsichtige T\u00fcte mit DHL-Logo (ich sagte ja, der kommt fr\u00fcher) und braunem Briefumschlag innen. Meine bestellten Ladekabel. Briefumschlag v\u00f6llig zerfetzt, aber Inhalt gerettet. <\/p>\n<p align=\"justify\">Bei der Physio selbst tat es wie gestern ordentlich weh, es gab auch wieder merkw\u00fcrdige Nervenleitungen (wenn man einen bestimmten Punkt an meiner Schulter triggert, f\u00e4ngt mein rechter Fu\u00df an zu zucken wie bescheuert) und wie ich gestern schon minimal beunruhigt fest gestellt habe: Schwindel. Montag ist meine Neurologin wieder da \u2026<\/p>\n<p align=\"justify\">Dann w\u00e4re da noch mein Rechner gewesen heute. Wobei w\u00e4re gewesen schon die richtige Form ist. Gestern bestellt, s\u00e4mtliche Teile sollten noch min. 5x auf Lager sein. Heute wunderte ich mich, wieso ich keine E-Mail bekomme, das ich die Teile abholen kann. Also noch mal jedes Teil angeklickt und festgestellt: die CPU ist aus und wird erst Donnerstag wieder erwartet. <\/p>\n<p align=\"justify\">Bl\u00f6der Tag. Bis auf den Krankenbesuch <img decoding=\"async\" class=\"wlEmoticon wlEmoticon-smile\" style=\"border-top-style: none; border-bottom-style: none; border-right-style: none; border-left-style: none\" alt=\"Smiley\" src=\"http:\/\/www.anthealein.de\/wp-content\/uploads\/2016\/07\/wlEmoticon-smile-8.png\" \/>.<\/p>\n<p align=\"justify\">&#160;<\/p>\n<p align=\"center\"><a href=\"http:\/\/www.anthealein.de\/wp-content\/uploads\/2016\/07\/26072016.jpg\"><img loading=\"lazy\" decoding=\"async\" title=\"26072016\" style=\"border-top: 0px; border-right: 0px; background-image: none; border-bottom: 0px; padding-top: 0px; padding-left: 0px; border-left: 0px; display: inline; padding-right: 0px\" border=\"0\" alt=\"26072016\" src=\"http:\/\/www.anthealein.de\/wp-content\/uploads\/2016\/07\/26072016_thumb.jpg\" width=\"304\" height=\"504\" \/><\/a>    <br \/>Lena bestand darauf, heute im Zelt zu schlafen. Na denn \u2026<\/p>\n<p align=\"center\">&#160;<\/p>\n<p align=\"center\"><a href=\"http:\/\/www.anthealein.de\/wp-content\/uploads\/2016\/07\/26072016II.jpg\"><img loading=\"lazy\" decoding=\"async\" title=\"26072016II\" style=\"border-top: 0px; border-right: 0px; background-image: none; border-bottom: 0px; padding-top: 0px; padding-left: 0px; border-left: 0px; display: inline; padding-right: 0px\" border=\"0\" alt=\"26072016II\" src=\"http:\/\/www.anthealein.de\/wp-content\/uploads\/2016\/07\/26072016II_thumb.jpg\" width=\"504\" height=\"504\" \/><\/a><\/p>\n","protected":false},"excerpt":{"rendered":"<p>&#160; \u2026 sind so richtig \u00e4tzend. Ging heute Vormittag schon damit los, das ich einem Nachbarn geholfen habe, sein Handy zum Laufen zu bringen. Dabei musste ich auch mal meine Karte bei ihm im Handy testen, seine Karte in Janas Handy etc. pp.. Er verlie\u00df mich mit funktionierendem Handy, meine Karte wird jedoch von keinem [&hellip;]<\/p>\n","protected":false},"author":1,"featured_media":0,"comment_status":"open","ping_status":"open","sticky":false,"template":"","format":"standard","meta":{"footnotes":""},"categories":[3],"tags":[],"class_list":["post-18424","post","type-post","status-publish","format-standard","hentry","category-alles-mogliche"],"_links":{"self":[{"href":"http:\/\/www.anthealein.de\/index.php?rest_route=\/wp\/v2\/posts\/18424","targetHints":{"allow":["GET"]}}],"collection":[{"href":"http:\/\/www.anthealein.de\/index.php?rest_route=\/wp\/v2\/posts"}],"about":[{"href":"http:\/\/www.anthealein.de\/index.php?rest_route=\/wp\/v2\/types\/post"}],"author":[{"embeddable":true,"href":"http:\/\/www.anthealein.de\/index.php?rest_route=\/wp\/v2\/users\/1"}],"replies":[{"embeddable":true,"href":"http:\/\/www.anthealein.de\/index.php?rest_route=%2Fwp%2Fv2%2Fcomments&post=18424"}],"version-history":[{"count":1,"href":"http:\/\/www.anthealein.de\/index.php?rest_route=\/wp\/v2\/posts\/18424\/revisions"}],"predecessor-version":[{"id":18425,"href":"http:\/\/www.anthealein.de\/index.php?rest_route=\/wp\/v2\/posts\/18424\/revisions\/18425"}],"wp:attachment":[{"href":"http:\/\/www.anthealein.de\/index.php?rest_route=%2Fwp%2Fv2%2Fmedia&parent=18424"}],"wp:term":[{"taxonomy":"category","embeddable":true,"href":"http:\/\/www.anthealein.de\/index.php?rest_route=%2Fwp%2Fv2%2Fcategories&post=18424"},{"taxonomy":"post_tag","embeddable":true,"href":"http:\/\/www.anthealein.de\/index.php?rest_route=%2Fwp%2Fv2%2Ftags&post=18424"}],"curies":[{"name":"wp","href":"https:\/\/api.w.org\/{rel}","templated":true}]}}