{"id":1839,"date":"2010-06-04T19:45:41","date_gmt":"2010-06-04T18:45:41","guid":{"rendered":"http:\/\/www.anthealein.de\/?p=1839"},"modified":"2010-06-04T19:47:45","modified_gmt":"2010-06-04T18:47:45","slug":"schnuller-im-allgemeinen-und-im-besonderen","status":"publish","type":"post","link":"http:\/\/www.anthealein.de\/?p=1839","title":{"rendered":"Schnuller im Allgemeinen und im Besonderen"},"content":{"rendered":"<p>Martina hat so einen netten Kommentar zu dem Foto von gestern hinterlassen. Schnuller sind hier ein lustiges Ph\u00e4nomen. Angefangen haben wir nach Lenas Geburt mit 4 Schnullern. Einer f\u00fcr die Schnullerkette, den Rest f\u00fcr das Bett. Eines Tages waren dann irgendwann 2 von den 3 \u201cBettschnullern\u201d weg und ich kaufte 2 nach. Ein paar Tage sp\u00e4ter: 1 neuer Schnulli weg, daf\u00fcr 2 alte wieder da. Wieder ein paar Tage sp\u00e4ter: von den inzwischen 5 Bettschnullern nur noch 2 da. Also wieder ein paar Tage sp\u00e4ter nach erfolglosen Suchereien los und 2 neue Schnuller gekauft. Und so weiter und so fort und trotzdem waren irgendwie immer max. 4-5 Schnuller aufzufinden. Bis vor 2 Wochen. Da schau ich abends ins Bett und was sehen meine m\u00fcden Augen: 11 Schnuller :shock_tb: . Ich hab ehrlich gesagt keinen Schimmer wo DIE jetzt alle herkamen, aber Lena hat jetzt mehr als genug Auswahl.<\/p>\n<p>Und dann gibt es da ja noch Schnullerer aus der Schnullerfamilie und da hatte ich beim einen Weihnachtswichteln ein ganz liebes Wichtelkind. Dieses Wichtelkind er\u00f6ffnete die Tage einen Thread und zeigte wundersch\u00f6ne selbstgemachte Schult\u00fcten. Ich nat\u00fcrlich gleich losgejammert, weil ich k\u00f6nnte ja sowas nie und nimmer und schon gar nicht in kurzer Zeit und war schon halb verzweifelt, weil es keine passende Schult\u00fcte f\u00fcr Janas Ranzen gibt. Und was hat mein weltallerbestes Wichtelkind gemacht? \u201cMal eben\u201d diese Schult\u00fctenh\u00fclle (den Rohling steckt man dann nur rein, wie ich gelernt habe) gen\u00e4ht f\u00fcr mich. :shock_tb: :herz:<\/p>\n<p><a href=\"http:\/\/www.anthealein.de\/wp-content\/uploads\/2010\/06\/SCHULT3.jpg\"><img loading=\"lazy\" decoding=\"async\" style=\"display: inline; border: 0px;\" title=\"SCHULT~3\" src=\"http:\/\/www.anthealein.de\/wp-content\/uploads\/2010\/06\/SCHULT3_thumb.jpg\" border=\"0\" alt=\"SCHULT~3\" width=\"324\" height=\"484\" \/><\/a><\/p>\n<p><a href=\"http:\/\/www.anthealein.de\/wp-content\/uploads\/2010\/06\/SCHULT2.jpg\"><img loading=\"lazy\" decoding=\"async\" style=\"display: inline; border: 0px;\" title=\"SCHULT~2\" src=\"http:\/\/www.anthealein.de\/wp-content\/uploads\/2010\/06\/SCHULT2_thumb.jpg\" border=\"0\" alt=\"SCHULT~2\" width=\"504\" height=\"338\" \/><\/a><\/p>\n<p>Diese Woche:<br \/>\n<span style=\"text-decoration: line-through;\">&#8211; Montag: Rathaus, einkaufen, Bine, Tanzen f\u00fcr Jana<\/span><br \/>\n<span style=\"text-decoration: line-through;\">&#8211; Dienstag: Arzt?, putzen, einkaufen, Reichelt, Helga, 15 Uhr Jessica<\/span><br \/>\n<span style=\"text-decoration: line-through;\">&#8211; Mittwoch: 10 Uhr Eingew\u00f6hnung Susanne, meine Spritzen holen, 15 Uhr Anne und Alina zu Besuch <img decoding=\"async\" src=\"http:\/\/www.anthealein.de\/wp-includes\/images\/smilies\/smile1.gif\" alt=\":)\" \/> <\/span><br \/>\n<span style=\"text-decoration: line-through;\">&#8211; Donnerstag: Einkaufen, \u00fcberrascht werden von M\u00e4nne der sich kurzerhand Urlaub genommen hat, putzen, B\u00fccherei, 16 Uhr Melanie und Ebba<\/span><br \/>\n<span style=\"text-decoration: line-through;\">&#8211; Freitag: \u00c4rztin, 12 Uhr B\u00fccherei (Fr\u00fchst\u00fccksbesprechung), 15 Uhr Anne<\/span>\u00a0<br \/>\n&#8211; Samstag: Flohmarkt, einkaufen, 13 Uhr Auff\u00fchrung bei Dunse, grillen und feiern mit Marc und Sandra 2 (falls mir jemand verraten kann, wo ich dazwischen auch noch putzen unterbringe, w\u00e4re ich dankbar *g*)<br \/>\n&#8211; Sonntag: Essen bei Schwies \ud83d\ude00<\/p>\n<p><a href=\"http:\/\/www.anthealein.de\/wp-content\/uploads\/2010\/06\/04062010.jpg\"><img loading=\"lazy\" decoding=\"async\" style=\"display: block; float: none; margin-left: auto; margin-right: auto; border: 0px;\" title=\"04062010\" src=\"http:\/\/www.anthealein.de\/wp-content\/uploads\/2010\/06\/04062010_thumb.jpg\" border=\"0\" alt=\"04062010\" width=\"504\" height=\"504\" \/><\/a><\/p>\n","protected":false},"excerpt":{"rendered":"<p>Martina hat so einen netten Kommentar zu dem Foto von gestern hinterlassen. Schnuller sind hier ein lustiges Ph\u00e4nomen. Angefangen haben wir nach Lenas Geburt mit 4 Schnullern. Einer f\u00fcr die Schnullerkette, den Rest f\u00fcr das Bett. Eines Tages waren dann irgendwann 2 von den 3 \u201cBettschnullern\u201d weg und ich kaufte 2 nach. Ein paar Tage [&hellip;]<\/p>\n","protected":false},"author":1,"featured_media":0,"comment_status":"open","ping_status":"open","sticky":false,"template":"","format":"standard","meta":{"footnotes":""},"categories":[3],"tags":[],"class_list":["post-1839","post","type-post","status-publish","format-standard","hentry","category-alles-mogliche"],"_links":{"self":[{"href":"http:\/\/www.anthealein.de\/index.php?rest_route=\/wp\/v2\/posts\/1839","targetHints":{"allow":["GET"]}}],"collection":[{"href":"http:\/\/www.anthealein.de\/index.php?rest_route=\/wp\/v2\/posts"}],"about":[{"href":"http:\/\/www.anthealein.de\/index.php?rest_route=\/wp\/v2\/types\/post"}],"author":[{"embeddable":true,"href":"http:\/\/www.anthealein.de\/index.php?rest_route=\/wp\/v2\/users\/1"}],"replies":[{"embeddable":true,"href":"http:\/\/www.anthealein.de\/index.php?rest_route=%2Fwp%2Fv2%2Fcomments&post=1839"}],"version-history":[{"count":1,"href":"http:\/\/www.anthealein.de\/index.php?rest_route=\/wp\/v2\/posts\/1839\/revisions"}],"predecessor-version":[{"id":1840,"href":"http:\/\/www.anthealein.de\/index.php?rest_route=\/wp\/v2\/posts\/1839\/revisions\/1840"}],"wp:attachment":[{"href":"http:\/\/www.anthealein.de\/index.php?rest_route=%2Fwp%2Fv2%2Fmedia&parent=1839"}],"wp:term":[{"taxonomy":"category","embeddable":true,"href":"http:\/\/www.anthealein.de\/index.php?rest_route=%2Fwp%2Fv2%2Fcategories&post=1839"},{"taxonomy":"post_tag","embeddable":true,"href":"http:\/\/www.anthealein.de\/index.php?rest_route=%2Fwp%2Fv2%2Ftags&post=1839"}],"curies":[{"name":"wp","href":"https:\/\/api.w.org\/{rel}","templated":true}]}}