{"id":1829,"date":"2010-06-02T20:15:59","date_gmt":"2010-06-02T19:15:59","guid":{"rendered":"http:\/\/www.anthealein.de\/?p=1829"},"modified":"2010-06-02T20:15:59","modified_gmt":"2010-06-02T19:15:59","slug":"heiser","status":"publish","type":"post","link":"http:\/\/www.anthealein.de\/?p=1829","title":{"rendered":"Heiser&hellip;"},"content":{"rendered":"<p align=\"justify\">\u2026 bin ich fast. 3 Kinder k\u00f6nnen sehr, sehr laut sein :shock_tb: . Aber friedlich waren sie, hat trotz Bedenken wunderbar geklappt mal nicht nur Anne ODER Alina da zu haben, sondern die ganze H\u00fchnerbande vereint. <\/p>\n<p align=\"justify\">Allgemein lief heute alles wie am Schn\u00fcrchen. Lena hab ich heute morgen zu Susanne gebracht und im Gegensatz zu sonst keinen Tee getrunken, sondern ihr ein K\u00fcsschen gegeben und abgehauen. Beim Neuro lag mein Rezept schon bereit und nebenbei hab ich einen Flyer f\u00fcr einen Vortrag in der Reha-Klinik n\u00e4chsten Donnerstag mit eingepackt. In der Apotheke hat es diesmal mit der Vorbestellung geklappt und bei Lidl wurde eine zweite Kasse aufgemacht, als ich mich gerade in die lange Schlange einreihte (und ne, ich geh\u00f6r nicht zu denen, die von ganz hinten an Position 1 st\u00fcrmen). Lena lie\u00df sich friedlich einpacken und hat direkt ihren Mittagsschlaf begonnen. Zuhause Jana f\u00fcr den Ferienkindergarten angemeldet und Kerstin hat netterweise zugesagt, die paar Minuten Abholzeit zu \u00fcberbr\u00fccken (Anna geht ja auch und ich hab um 13 Uhr Feierabend, um 13 Uhr m\u00fcssen allerdings auch die Kinder abgeholt sein). F\u00fcr die Veranstaltung in der Reha-Klinik hab ich mich auch direkt angemeldet, also alles wunderbar \ud83d\ude00<\/p>\n<p align=\"justify\">Um 15 Uhr kamen dann Anne und Alina in einem Rutsch und es wurde \u2013 wie gesagt \u2013 laut (und unordentlich *g*) und nachdem Alina um 17.30 Uhr abgeholt war, hab ich noch schnell W\u00fcrstchen und Pommes f\u00fcr den Rest gemacht und dann so langsam den Feierabend eingel\u00e4utet. <\/p>\n<p>Diese Woche:    <br \/><strike>&#8211; Montag: Rathaus, Einkaufen, Bine, Tanzen f\u00fcr Jana<\/strike>     <br \/><strike>&#8211; Dienstag: Arzt?, Putzen, Einkaufen, Reichelt, Helga, 15 Uhr Jessica<\/strike>     <br \/><strike>&#8211; Mittwoch: 10 Uhr Eingew\u00f6hnung Susanne, meine Spritzen holen, 15 Uhr Anne und Alina zu Besuch \ud83d\ude42<\/strike>&#160; <br \/>&#8211; Donnerstag: Einkaufen, Putzen, 16 Uhr Melanie und Ebba     <br \/>&#8211; Freitag: B\u00fccherei (Fr\u00fchst\u00fccksbesprechung)     <br \/>&#8211; Samstag: 13 Uhr Auff\u00fchrung bei Dunse<\/p>\n<p>N\u00e4chste Woche:   <br \/>&#8211; Montag: morgens die Roten in die Schule begleiten, 20 Uhr Elternabend Kiga     <br \/>&#8211; Dienstag: 19 Uhr Elternabend in der Schule    <br \/>&#8211; Mittwoch: Eingew\u00f6hnung Lena (2 Stunden diesmal)    <br \/>&#8211; Donnerstag: Geburtstagsfr\u00fchst\u00fcck Arbeit, 16 Uhr Melli und Ebba, 19 Uhr Vortrag an der Rehaklinik<\/p>\n<p align=\"center\"><a href=\"http:\/\/www.anthealein.de\/wp-content\/uploads\/2010\/06\/02062010II.jpg\"><img loading=\"lazy\" decoding=\"async\" style=\"border-bottom: 0px; border-left: 0px; display: block; float: none; margin-left: auto; border-top: 0px; margin-right: auto; border-right: 0px\" title=\"02062010II\" border=\"0\" alt=\"02062010II\" src=\"http:\/\/www.anthealein.de\/wp-content\/uploads\/2010\/06\/02062010II_thumb.jpg\" width=\"504\" height=\"504\" \/><\/a><\/p>\n<p align=\"center\">&#160;<\/p>\n<p align=\"center\"><a href=\"http:\/\/www.anthealein.de\/wp-content\/uploads\/2010\/06\/02062010.jpg\"><img loading=\"lazy\" decoding=\"async\" style=\"border-bottom: 0px; border-left: 0px; display: block; float: none; margin-left: auto; border-top: 0px; margin-right: auto; border-right: 0px\" title=\"02062010\" border=\"0\" alt=\"02062010\" src=\"http:\/\/www.anthealein.de\/wp-content\/uploads\/2010\/06\/02062010_thumb.jpg\" width=\"504\" height=\"504\" \/><\/a><\/p>\n","protected":false},"excerpt":{"rendered":"<p>\u2026 bin ich fast. 3 Kinder k\u00f6nnen sehr, sehr laut sein :shock_tb: . Aber friedlich waren sie, hat trotz Bedenken wunderbar geklappt mal nicht nur Anne ODER Alina da zu haben, sondern die ganze H\u00fchnerbande vereint. Allgemein lief heute alles wie am Schn\u00fcrchen. Lena hab ich heute morgen zu Susanne gebracht und im Gegensatz zu [&hellip;]<\/p>\n","protected":false},"author":1,"featured_media":0,"comment_status":"open","ping_status":"open","sticky":false,"template":"","format":"standard","meta":{"footnotes":""},"categories":[3],"tags":[],"class_list":["post-1829","post","type-post","status-publish","format-standard","hentry","category-alles-mogliche"],"_links":{"self":[{"href":"http:\/\/www.anthealein.de\/index.php?rest_route=\/wp\/v2\/posts\/1829","targetHints":{"allow":["GET"]}}],"collection":[{"href":"http:\/\/www.anthealein.de\/index.php?rest_route=\/wp\/v2\/posts"}],"about":[{"href":"http:\/\/www.anthealein.de\/index.php?rest_route=\/wp\/v2\/types\/post"}],"author":[{"embeddable":true,"href":"http:\/\/www.anthealein.de\/index.php?rest_route=\/wp\/v2\/users\/1"}],"replies":[{"embeddable":true,"href":"http:\/\/www.anthealein.de\/index.php?rest_route=%2Fwp%2Fv2%2Fcomments&post=1829"}],"version-history":[{"count":0,"href":"http:\/\/www.anthealein.de\/index.php?rest_route=\/wp\/v2\/posts\/1829\/revisions"}],"wp:attachment":[{"href":"http:\/\/www.anthealein.de\/index.php?rest_route=%2Fwp%2Fv2%2Fmedia&parent=1829"}],"wp:term":[{"taxonomy":"category","embeddable":true,"href":"http:\/\/www.anthealein.de\/index.php?rest_route=%2Fwp%2Fv2%2Fcategories&post=1829"},{"taxonomy":"post_tag","embeddable":true,"href":"http:\/\/www.anthealein.de\/index.php?rest_route=%2Fwp%2Fv2%2Ftags&post=1829"}],"curies":[{"name":"wp","href":"https:\/\/api.w.org\/{rel}","templated":true}]}}