{"id":1819,"date":"2010-05-31T19:51:45","date_gmt":"2010-05-31T18:51:45","guid":{"rendered":"http:\/\/www.anthealein.de\/?p=1819"},"modified":"2010-05-31T19:51:45","modified_gmt":"2010-05-31T18:51:45","slug":"platter-als-platt","status":"publish","type":"post","link":"http:\/\/www.anthealein.de\/?p=1819","title":{"rendered":"Platter als platt"},"content":{"rendered":"<p align=\"justify\">bin ich heute. Es gibt wirklich nichts schlimmeres als zahnende Kinder. \u00c4h, doch: zahnende Kinder mit viel Bl\u00f6dsinn und ersten Trotzanf\u00e4llen im Kopf.<\/p>\n<p align=\"justify\">Heutige Zusammenfassung: Rab\u00e4\u00e4\u00e4\u00e4\u00e4\u00e4\u00e4\u00e4\u00e4\u00e4\u00e4h, Katzenklo ausr\u00e4umen, auf den Boden schmei\u00dfen wegen Rauswurf aus dem Schlafzimmer, daf\u00fcr in der \u00d6ffentlichkeit das liebste Kind der Welt \u00fcber dessen aufgeregtes \u201cKiieeeeeeeeks\u201d sich die Schlange an der Kasse am\u00fcsierte. Zu Hause dann die G\u00e4ste-WC-T\u00fcr mit Kugelschreiber verziert, s\u00e4mtliches Spielzeug ein paar mal durch die ganze Wohnung geschleppt, Schlafen ist nat\u00fcrlich v\u00f6llige Verschwendung gewesen daf\u00fcr ein Trotzk\u00f6pfchen und Gejaule nach dem n\u00e4chsten. Ich trete morgen in den Streik glaub ich *g*. <\/p>\n<p>Diese Woche:    <br \/><strike>&#8211; Montag: Rathaus, Einkaufen, Bine, Tanzen f\u00fcr Jana<\/strike>     <br \/>&#8211; Dienstag: <strike>Arzt?,<\/strike> Putzen, Einkaufen, Reichelt, Helga, 15 Uhr Jessica     <br \/>&#8211; Mittwoch: 10 Uhr Eingew\u00f6hnung Susanne, meine Spritzen holen, Mittags Jana und Anne mitschleppen :)&#160; <br \/>&#8211; Donnerstag: 16 Uhr Melanie und Ebba     <br \/>&#8211; Freitag: B\u00fccherei (Fr\u00fchst\u00fccksbesprechung)    <br \/>&#8211; Samstag: Auff\u00fchrung bei Dunse<\/p>\n<p align=\"center\"><a href=\"http:\/\/www.anthealein.de\/wp-content\/uploads\/2010\/05\/31052010.jpg\"><img loading=\"lazy\" decoding=\"async\" style=\"border-bottom: 0px; border-left: 0px; display: block; float: none; margin-left: auto; border-top: 0px; margin-right: auto; border-right: 0px\" title=\"31052010\" border=\"0\" alt=\"31052010\" src=\"http:\/\/www.anthealein.de\/wp-content\/uploads\/2010\/05\/31052010_thumb.jpg\" width=\"504\" height=\"504\" \/><\/a><\/p>\n<p align=\"center\">&#160;<\/p>\n<p align=\"center\"><a href=\"http:\/\/www.anthealein.de\/wp-content\/uploads\/2010\/05\/31052010III.jpg\"><img loading=\"lazy\" decoding=\"async\" style=\"border-bottom: 0px; border-left: 0px; display: block; float: none; margin-left: auto; border-top: 0px; margin-right: auto; border-right: 0px\" title=\"31052010III\" border=\"0\" alt=\"31052010III\" src=\"http:\/\/www.anthealein.de\/wp-content\/uploads\/2010\/05\/31052010III_thumb.jpg\" width=\"504\" height=\"504\" \/><\/a><\/p>\n<p align=\"center\">&#160;<\/p>\n<p align=\"center\"><a href=\"http:\/\/www.anthealein.de\/wp-content\/uploads\/2010\/05\/31052010II.jpg\"><img loading=\"lazy\" decoding=\"async\" style=\"border-bottom: 0px; border-left: 0px; display: block; float: none; margin-left: auto; border-top: 0px; margin-right: auto; border-right: 0px\" title=\"31052010II\" border=\"0\" alt=\"31052010II\" src=\"http:\/\/www.anthealein.de\/wp-content\/uploads\/2010\/05\/31052010II_thumb.jpg\" width=\"504\" height=\"504\" \/><\/a><\/p>\n<p align=\"center\">&#160;<\/p>\n<p align=\"center\"><a href=\"http:\/\/www.anthealein.de\/wp-content\/uploads\/2010\/05\/31052010IV.jpg\"><img loading=\"lazy\" decoding=\"async\" style=\"border-bottom: 0px; border-left: 0px; display: block; float: none; margin-left: auto; border-top: 0px; margin-right: auto; border-right: 0px\" title=\"31052010IV\" border=\"0\" alt=\"31052010IV\" src=\"http:\/\/www.anthealein.de\/wp-content\/uploads\/2010\/05\/31052010IV_thumb.jpg\" width=\"504\" height=\"379\" \/><\/a>Meine Eurovision-Flashmob-Fans :D&#160;&#160;&#160; <\/p>\n","protected":false},"excerpt":{"rendered":"<p>bin ich heute. Es gibt wirklich nichts schlimmeres als zahnende Kinder. \u00c4h, doch: zahnende Kinder mit viel Bl\u00f6dsinn und ersten Trotzanf\u00e4llen im Kopf. Heutige Zusammenfassung: Rab\u00e4\u00e4\u00e4\u00e4\u00e4\u00e4\u00e4\u00e4\u00e4\u00e4\u00e4h, Katzenklo ausr\u00e4umen, auf den Boden schmei\u00dfen wegen Rauswurf aus dem Schlafzimmer, daf\u00fcr in der \u00d6ffentlichkeit das liebste Kind der Welt \u00fcber dessen aufgeregtes \u201cKiieeeeeeeeks\u201d sich die Schlange an der [&hellip;]<\/p>\n","protected":false},"author":1,"featured_media":0,"comment_status":"open","ping_status":"open","sticky":false,"template":"","format":"standard","meta":{"footnotes":""},"categories":[3],"tags":[],"class_list":["post-1819","post","type-post","status-publish","format-standard","hentry","category-alles-mogliche"],"_links":{"self":[{"href":"http:\/\/www.anthealein.de\/index.php?rest_route=\/wp\/v2\/posts\/1819","targetHints":{"allow":["GET"]}}],"collection":[{"href":"http:\/\/www.anthealein.de\/index.php?rest_route=\/wp\/v2\/posts"}],"about":[{"href":"http:\/\/www.anthealein.de\/index.php?rest_route=\/wp\/v2\/types\/post"}],"author":[{"embeddable":true,"href":"http:\/\/www.anthealein.de\/index.php?rest_route=\/wp\/v2\/users\/1"}],"replies":[{"embeddable":true,"href":"http:\/\/www.anthealein.de\/index.php?rest_route=%2Fwp%2Fv2%2Fcomments&post=1819"}],"version-history":[{"count":0,"href":"http:\/\/www.anthealein.de\/index.php?rest_route=\/wp\/v2\/posts\/1819\/revisions"}],"wp:attachment":[{"href":"http:\/\/www.anthealein.de\/index.php?rest_route=%2Fwp%2Fv2%2Fmedia&parent=1819"}],"wp:term":[{"taxonomy":"category","embeddable":true,"href":"http:\/\/www.anthealein.de\/index.php?rest_route=%2Fwp%2Fv2%2Fcategories&post=1819"},{"taxonomy":"post_tag","embeddable":true,"href":"http:\/\/www.anthealein.de\/index.php?rest_route=%2Fwp%2Fv2%2Ftags&post=1819"}],"curies":[{"name":"wp","href":"https:\/\/api.w.org\/{rel}","templated":true}]}}