{"id":18171,"date":"2016-07-03T20:03:26","date_gmt":"2016-07-03T19:03:26","guid":{"rendered":"http:\/\/www.anthealein.de\/?p=18171"},"modified":"2016-07-03T20:03:26","modified_gmt":"2016-07-03T19:03:26","slug":"ein-wenig-2","status":"publish","type":"post","link":"http:\/\/www.anthealein.de\/?p=18171","title":{"rendered":"Ein wenig &hellip;"},"content":{"rendered":"<p align=\"justify\">\u2026 brauche ich noch f\u00fcr die Bilderflut. Ich bin gerade am verkleinern und speichern. Das Wochenende an der Jade hat uns heute nur kurz gelockt (von Jana mal abgesehen), das Wetter war aber auch bis vor einer Stunde zu schlecht. War ja klar, das heute Abend die Sonne dann derma\u00dfen runter strahlt, das ich doch noch \u00fcberlege hin zu gehen. Aber n\u00f6\u00f6\u00f6\u00f6\u00f6\u00f6\u00f6\u00f6\u00f6\u00f6, jetzt mag ich nicht mehr *schmoll*. M. (unsere holl\u00e4ndische Urlaubsnachbarin) h\u00e4lt mich schon den ganzen Tag auf dem Laufenden, wie es in Frankreich ausschaut: wechselhaft wie hier. Ich freue mich auf ihren Besuch hier, den wir hoffentlich schon bald realisieren k\u00f6nnen. Evtl. klappt es ja sogar zu dem Wochenende des NDR-Open-Air-Festivals.<\/p>\n<p align=\"justify\">&#160;<\/p>\n<p align=\"center\"><a href=\"http:\/\/www.anthealein.de\/wp-content\/uploads\/2016\/07\/03072016.jpg\"><img loading=\"lazy\" decoding=\"async\" title=\"03072016\" style=\"border-top: 0px; border-right: 0px; background-image: none; border-bottom: 0px; padding-top: 0px; padding-left: 0px; border-left: 0px; display: inline; padding-right: 0px\" border=\"0\" alt=\"03072016\" src=\"http:\/\/www.anthealein.de\/wp-content\/uploads\/2016\/07\/03072016_thumb.jpg\" width=\"504\" height=\"337\" \/><\/a><\/p>\n<p align=\"center\">&#160;<\/p>\n<p align=\"center\"><a href=\"http:\/\/www.anthealein.de\/wp-content\/uploads\/2016\/07\/03072016II.jpg\"><img loading=\"lazy\" decoding=\"async\" title=\"03072016II\" style=\"border-top: 0px; border-right: 0px; background-image: none; border-bottom: 0px; padding-top: 0px; padding-left: 0px; border-left: 0px; display: inline; padding-right: 0px\" border=\"0\" alt=\"03072016II\" src=\"http:\/\/www.anthealein.de\/wp-content\/uploads\/2016\/07\/03072016II_thumb.jpg\" width=\"504\" height=\"504\" \/><\/a>    <br \/>Das 1. Mal, das ich eines der K\u00fcken so fr\u00fch (und noch so klein) sehe <img decoding=\"async\" class=\"wlEmoticon wlEmoticon-smile\" style=\"border-top-style: none; border-bottom-style: none; border-right-style: none; border-left-style: none\" alt=\"Smiley\" src=\"http:\/\/www.anthealein.de\/wp-content\/uploads\/2016\/07\/wlEmoticon-smile.png\" \/><\/p>\n","protected":false},"excerpt":{"rendered":"<p>\u2026 brauche ich noch f\u00fcr die Bilderflut. Ich bin gerade am verkleinern und speichern. Das Wochenende an der Jade hat uns heute nur kurz gelockt (von Jana mal abgesehen), das Wetter war aber auch bis vor einer Stunde zu schlecht. War ja klar, das heute Abend die Sonne dann derma\u00dfen runter strahlt, das ich doch [&hellip;]<\/p>\n","protected":false},"author":1,"featured_media":0,"comment_status":"open","ping_status":"open","sticky":false,"template":"","format":"standard","meta":{"footnotes":""},"categories":[3],"tags":[],"class_list":["post-18171","post","type-post","status-publish","format-standard","hentry","category-alles-mogliche"],"_links":{"self":[{"href":"http:\/\/www.anthealein.de\/index.php?rest_route=\/wp\/v2\/posts\/18171","targetHints":{"allow":["GET"]}}],"collection":[{"href":"http:\/\/www.anthealein.de\/index.php?rest_route=\/wp\/v2\/posts"}],"about":[{"href":"http:\/\/www.anthealein.de\/index.php?rest_route=\/wp\/v2\/types\/post"}],"author":[{"embeddable":true,"href":"http:\/\/www.anthealein.de\/index.php?rest_route=\/wp\/v2\/users\/1"}],"replies":[{"embeddable":true,"href":"http:\/\/www.anthealein.de\/index.php?rest_route=%2Fwp%2Fv2%2Fcomments&post=18171"}],"version-history":[{"count":1,"href":"http:\/\/www.anthealein.de\/index.php?rest_route=\/wp\/v2\/posts\/18171\/revisions"}],"predecessor-version":[{"id":18172,"href":"http:\/\/www.anthealein.de\/index.php?rest_route=\/wp\/v2\/posts\/18171\/revisions\/18172"}],"wp:attachment":[{"href":"http:\/\/www.anthealein.de\/index.php?rest_route=%2Fwp%2Fv2%2Fmedia&parent=18171"}],"wp:term":[{"taxonomy":"category","embeddable":true,"href":"http:\/\/www.anthealein.de\/index.php?rest_route=%2Fwp%2Fv2%2Fcategories&post=18171"},{"taxonomy":"post_tag","embeddable":true,"href":"http:\/\/www.anthealein.de\/index.php?rest_route=%2Fwp%2Fv2%2Ftags&post=18171"}],"curies":[{"name":"wp","href":"https:\/\/api.w.org\/{rel}","templated":true}]}}