{"id":18164,"date":"2016-07-02T17:13:45","date_gmt":"2016-07-02T16:13:45","guid":{"rendered":"http:\/\/www.anthealein.de\/?p=18164"},"modified":"2016-07-03T21:23:12","modified_gmt":"2016-07-03T20:23:12","slug":"die-bilderflut","status":"publish","type":"post","link":"http:\/\/www.anthealein.de\/?p=18164","title":{"rendered":"Die Bilderflut &hellip;"},"content":{"rendered":"<p>&#160;<\/p>\n<p align=\"justify\">\u2026 wird noch ein bis zwei Tage warten m\u00fcssen, da komme ich heute noch nicht zu. Unser Zwischenstopp gestern in Avranches fiel relativ kurz aus. Wir mussten 1. einen Parkplatz suchen, weil alles schon abgesperrt war f\u00fcr die Tour de France heute und 2. fing es dann nat\u00fcrlich schon wieder an zu regnen. Also \u201cnur\u201d die Notre Dame und den Botanischen Garten gemacht. Und vorher bei McDonalds gegessen. Und hinterher durfte ich \u2013 da ich die erste Etappe fahren sollte \u2013 nicht nur Serpentinen ohne Ende befahren (Umgehung der Mautstra\u00dfen: bl\u00f6d *g*, aber wundersch\u00f6ne Aussichten), sondern gleich 2 franz\u00f6sische Gro\u00dfst\u00e4dte mit dem Auto durchqueren. Und das im Feierabendverkehr <img decoding=\"async\" class=\"wlEmoticon wlEmoticon-openmouthedsmile\" style=\"border-top-style: none; border-bottom-style: none; border-right-style: none; border-left-style: none\" alt=\"Smiley mit ge\u00f6ffnetem Mund\" src=\"http:\/\/www.anthealein.de\/wp-content\/uploads\/2016\/07\/wlEmoticon-openmouthedsmile.png\" \/><img decoding=\"async\" class=\"wlEmoticon wlEmoticon-openmouthedsmile\" style=\"border-top-style: none; border-bottom-style: none; border-right-style: none; border-left-style: none\" alt=\"Smiley mit ge\u00f6ffnetem Mund\" src=\"http:\/\/www.anthealein.de\/wp-content\/uploads\/2016\/07\/wlEmoticon-openmouthedsmile.png\" \/><img decoding=\"async\" class=\"wlEmoticon wlEmoticon-openmouthedsmile\" style=\"border-top-style: none; border-bottom-style: none; border-right-style: none; border-left-style: none\" alt=\"Smiley mit ge\u00f6ffnetem Mund\" src=\"http:\/\/www.anthealein.de\/wp-content\/uploads\/2016\/07\/wlEmoticon-openmouthedsmile.png\" \/>. Caen und Rouen habe ich erfolgreich bew\u00e4ltigt, die Serpentinen wie gesagt auch, alles gut *g*. Ich hab mal laut \u201cWhoop, whoop\u201d gemacht <img decoding=\"async\" class=\"wlEmoticon wlEmoticon-winkingsmile\" style=\"border-top-style: none; border-bottom-style: none; border-right-style: none; border-left-style: none\" alt=\"Zwinkerndes Smiley\" src=\"http:\/\/www.anthealein.de\/wp-content\/uploads\/2016\/07\/wlEmoticon-winkingsmile.png\" \/>.<\/p>\n<p align=\"justify\">Im Radio verfolgten wir das Fu\u00dfballspiel, die entt\u00e4uschten belgischen Fans trafen gegen 23.30 Uhr auch ziemlich zeitgleich mit uns in Belgien auf einer der Rastst\u00e4tte ein. Was irgendwie ein wenig gruselig war zeitweise, wir sind dann doch lieber weiter gefahren.<\/p>\n<p align=\"justify\">In Wilhelmshaven trudelten wir ein wenig sp\u00e4ter als eigentlich erwartet ein, weil wir zwischen 3 Uhr noch was und kurz vor 5 Uhr erst auf den ADAC warten und dann darauf warten mussten, das der gute Mann unseren Auspuff wieder fit macht. Was die Kinder und Oma dazu brachte \u00fcber den Parkplatz zu walken, Oma dabei von den Kindern angefeuert mit \u201cGo, Oma, go!\u201d. Wie man liest: wir hatten mal wieder Spa\u00df. Und nat\u00fcrlich auch Stress (Pubert\u00e4t ist was Feines *Augenroll*), aber das macht nichts. Daf\u00fcr haben wir ganz, ganz liebe Menschen kennen gelernt (die uns wohl auch diesen Sommer noch besuchen werden), haben ganz viel Englisch und Franz\u00f6sisch ausgraben m\u00fcssen und heute noch eine tolle Nachricht von Swob und Irene oben drauf bekommen. N\u00e4chstes Jahr wird das Ziel aber wieder n\u00e4her ausfallen. D\u00e4nemark. D\u00e4nemark w\u00e4re mal wieder sch\u00f6n.<\/p>\n<p align=\"justify\">&#160;<\/p>\n<p align=\"center\"><a href=\"http:\/\/www.anthealein.de\/wp-content\/uploads\/2016\/07\/02072016.jpg\"><img loading=\"lazy\" decoding=\"async\" title=\"02072016\" style=\"border-left-width: 0px; border-right-width: 0px; background-image: none; border-bottom-width: 0px; padding-top: 0px; padding-left: 0px; display: inline; padding-right: 0px; border-top-width: 0px\" border=\"0\" alt=\"02072016\" src=\"http:\/\/www.anthealein.de\/wp-content\/uploads\/2016\/07\/02072016_thumb.jpg\" width=\"504\" height=\"337\" \/><\/a><\/p>\n","protected":false},"excerpt":{"rendered":"<p>&#160; \u2026 wird noch ein bis zwei Tage warten m\u00fcssen, da komme ich heute noch nicht zu. Unser Zwischenstopp gestern in Avranches fiel relativ kurz aus. Wir mussten 1. einen Parkplatz suchen, weil alles schon abgesperrt war f\u00fcr die Tour de France heute und 2. fing es dann nat\u00fcrlich schon wieder an zu regnen. Also [&hellip;]<\/p>\n","protected":false},"author":1,"featured_media":0,"comment_status":"open","ping_status":"open","sticky":false,"template":"","format":"standard","meta":{"footnotes":""},"categories":[3],"tags":[],"class_list":["post-18164","post","type-post","status-publish","format-standard","hentry","category-alles-mogliche"],"_links":{"self":[{"href":"http:\/\/www.anthealein.de\/index.php?rest_route=\/wp\/v2\/posts\/18164","targetHints":{"allow":["GET"]}}],"collection":[{"href":"http:\/\/www.anthealein.de\/index.php?rest_route=\/wp\/v2\/posts"}],"about":[{"href":"http:\/\/www.anthealein.de\/index.php?rest_route=\/wp\/v2\/types\/post"}],"author":[{"embeddable":true,"href":"http:\/\/www.anthealein.de\/index.php?rest_route=\/wp\/v2\/users\/1"}],"replies":[{"embeddable":true,"href":"http:\/\/www.anthealein.de\/index.php?rest_route=%2Fwp%2Fv2%2Fcomments&post=18164"}],"version-history":[{"count":2,"href":"http:\/\/www.anthealein.de\/index.php?rest_route=\/wp\/v2\/posts\/18164\/revisions"}],"predecessor-version":[{"id":18206,"href":"http:\/\/www.anthealein.de\/index.php?rest_route=\/wp\/v2\/posts\/18164\/revisions\/18206"}],"wp:attachment":[{"href":"http:\/\/www.anthealein.de\/index.php?rest_route=%2Fwp%2Fv2%2Fmedia&parent=18164"}],"wp:term":[{"taxonomy":"category","embeddable":true,"href":"http:\/\/www.anthealein.de\/index.php?rest_route=%2Fwp%2Fv2%2Fcategories&post=18164"},{"taxonomy":"post_tag","embeddable":true,"href":"http:\/\/www.anthealein.de\/index.php?rest_route=%2Fwp%2Fv2%2Ftags&post=18164"}],"curies":[{"name":"wp","href":"https:\/\/api.w.org\/{rel}","templated":true}]}}