{"id":18027,"date":"2016-06-09T20:21:30","date_gmt":"2016-06-09T19:21:30","guid":{"rendered":"http:\/\/www.anthealein.de\/?p=18027"},"modified":"2016-06-09T20:21:30","modified_gmt":"2016-06-09T19:21:30","slug":"fazit-des-heutigen-tages","status":"publish","type":"post","link":"http:\/\/www.anthealein.de\/?p=18027","title":{"rendered":"Fazit des heutigen Tages &hellip;"},"content":{"rendered":"<p align=\"justify\">&#160;<\/p>\n<p align=\"justify\">&#8211; meine MS h\u00e4tte schon viel fr\u00fcher diagnostiziert werden k\u00f6nnen, der Orthop\u00e4de hatte damals (2001) schon ein \u201cneurologisches Problem\u201d in Verdacht   <br \/>&#8211; als Ursache f\u00fcr \u2013 neben den tauben H\u00e4nden \u2013 einem tauben Oberk\u00f6rper. Den ich total verdr\u00e4ngt\/vergessen hatte.    <br \/>&#8211; auch wenn er eigentlich eher z\u00f6gerlich und konventionellen Therapien zugetan ist: bei mir wird es wohl die OP.    <br \/>&#8211; weil (achtung, Fachchinesisch): aktivierte AC-Gelenksarthrose, Bursitis subacromiale, Tendinopathie mit Partialriss SSP Sehne. Die Schleimbeutelentz\u00fcndung (Bursitis) hatte ich gar nicht auf dem Schirm.    <br \/>&#8211; n\u00e4chsten Mittwoch \u201cdarf\u201d ich zur \u201cSchultersprechstunde\u201d im NWK antanzen. Relativ fr\u00fch. Und die entscheiden dann weiter, werden aber wohl genau wie mein Orthop\u00e4de die Operation wollen. Der \u2013 wie gesagt \u2013 normal nicht zu schnellen OP-Empfehlungen neigt\u2026<\/p>\n<p align=\"justify\">&#160;<\/p>\n<p align=\"center\"><a href=\"http:\/\/www.anthealein.de\/wp-content\/uploads\/2016\/06\/09062016.jpg\"><img loading=\"lazy\" decoding=\"async\" title=\"09062016\" style=\"border-top: 0px; border-right: 0px; background-image: none; border-bottom: 0px; padding-top: 0px; padding-left: 0px; border-left: 0px; display: inline; padding-right: 0px\" border=\"0\" alt=\"09062016\" src=\"http:\/\/www.anthealein.de\/wp-content\/uploads\/2016\/06\/09062016_thumb.jpg\" width=\"504\" height=\"504\" \/><\/a><\/p>\n","protected":false},"excerpt":{"rendered":"<p>&#160; &#8211; meine MS h\u00e4tte schon viel fr\u00fcher diagnostiziert werden k\u00f6nnen, der Orthop\u00e4de hatte damals (2001) schon ein \u201cneurologisches Problem\u201d in Verdacht &#8211; als Ursache f\u00fcr \u2013 neben den tauben H\u00e4nden \u2013 einem tauben Oberk\u00f6rper. Den ich total verdr\u00e4ngt\/vergessen hatte. &#8211; auch wenn er eigentlich eher z\u00f6gerlich und konventionellen Therapien zugetan ist: bei mir wird [&hellip;]<\/p>\n","protected":false},"author":1,"featured_media":0,"comment_status":"open","ping_status":"open","sticky":false,"template":"","format":"standard","meta":{"footnotes":""},"categories":[3],"tags":[],"class_list":["post-18027","post","type-post","status-publish","format-standard","hentry","category-alles-mogliche"],"_links":{"self":[{"href":"http:\/\/www.anthealein.de\/index.php?rest_route=\/wp\/v2\/posts\/18027","targetHints":{"allow":["GET"]}}],"collection":[{"href":"http:\/\/www.anthealein.de\/index.php?rest_route=\/wp\/v2\/posts"}],"about":[{"href":"http:\/\/www.anthealein.de\/index.php?rest_route=\/wp\/v2\/types\/post"}],"author":[{"embeddable":true,"href":"http:\/\/www.anthealein.de\/index.php?rest_route=\/wp\/v2\/users\/1"}],"replies":[{"embeddable":true,"href":"http:\/\/www.anthealein.de\/index.php?rest_route=%2Fwp%2Fv2%2Fcomments&post=18027"}],"version-history":[{"count":1,"href":"http:\/\/www.anthealein.de\/index.php?rest_route=\/wp\/v2\/posts\/18027\/revisions"}],"predecessor-version":[{"id":18028,"href":"http:\/\/www.anthealein.de\/index.php?rest_route=\/wp\/v2\/posts\/18027\/revisions\/18028"}],"wp:attachment":[{"href":"http:\/\/www.anthealein.de\/index.php?rest_route=%2Fwp%2Fv2%2Fmedia&parent=18027"}],"wp:term":[{"taxonomy":"category","embeddable":true,"href":"http:\/\/www.anthealein.de\/index.php?rest_route=%2Fwp%2Fv2%2Fcategories&post=18027"},{"taxonomy":"post_tag","embeddable":true,"href":"http:\/\/www.anthealein.de\/index.php?rest_route=%2Fwp%2Fv2%2Ftags&post=18027"}],"curies":[{"name":"wp","href":"https:\/\/api.w.org\/{rel}","templated":true}]}}